{"id":310793,"date":"2025-08-11T03:58:04","date_gmt":"2025-08-11T03:58:04","guid":{"rendered":"https:\/\/www.europesays.com\/fr\/310793\/"},"modified":"2025-08-11T03:58:04","modified_gmt":"2025-08-11T03:58:04","slug":"les-bons-plans-max-radio-du-11-08-au-17-08","status":"publish","type":"post","link":"https:\/\/www.europesays.com\/fr\/310793\/","title":{"rendered":"Les Bons Plans Max Radio du 11\/08 au 17\/08"},"content":{"rendered":"<p>Chaque semaine, retrouvez les meilleurs bons plans de Grenoble et Chamb\u00e9ry ! <br \/>Que vous soyez \u00e0 la recherche d&rsquo;activit\u00e9s, de sorties, d&rsquo;\u00e9v\u00e9nements ou de bonnes adresses, nous vous partageons tout ce qu&rsquo;il ne faut pas manquer.<\/p>\n<p>Les Bons Plans \u00e0 Grenoble :<\/p>\n<p> <b>Rendez-vous : jusqu&rsquo;au 27 ao\u00fbt, \u00e0 partir de 20h, \u00e0 la Com\u00e9die de Grenoble.<\/b><\/p>\n<p>Pour se reconnecter \u00e0 l&rsquo;ado qui est en vous et \u00e0 celui qui est \u00e0 c\u00f4t\u00e9 de vous.<\/p>\n<p>Pour renouer avec son enfant, Frederic va tenter l&rsquo;aventure Twitch : une plateforme de streaming o\u00f9 son ado, Gabriel, a l&rsquo;habitude de pr\u00e9senter ses sessions de jeux vid\u00e9o en direct. Mais entre l&rsquo;incompr\u00e9hension du langage d&rsquo;Internet, les commentaires moqueurs des spectateurs et son manque de dext\u00e9rit\u00e9 \u00e0 la manette, Fred va d\u00e9couvrir que l&rsquo;ado qu&rsquo;il\/elle \u00e9tait hier encore a bien du mal \u00e0 se connecter \u00e0 son ado d&rsquo;aujourd&rsquo;hui.<br \/>Une com\u00e9die tendre et d\u00e9jant\u00e9e sur le choc des g\u00e9n\u00e9rations, o\u00f9 l&rsquo;amour familial trouve un nouvel \u00e9cho avec les technologies modernes.<\/p>\n<p><a class=\"url\" href=\"https:\/\/www.grenoble-tourisme.com\/fr\/decouvrir\/evenements\/agenda\/detail\/ado-d-hier-et-d-aujoud-hui-7333740\/\" target=\"_blank\" rel=\"nofollow noopener\">En savoir plus.<\/a><\/p>\n<tr>\n<td class=\"defaut\"><a href=\"https:\/\/www.radioscoop.com\/agenda\/javascript:void(0)\" onclick=\"parent.RS.diaporama.addMedia(702839) ;\" rel=\"nofollow noopener\" target=\"_blank\"><img loading=\"lazy\" decoding=\"async\" src=\"https:\/\/www.europesays.com\/fr\/wp-content\/uploads\/2025\/08\/1754884676_275_img\" width=\"457\" height=\"640\" border=\"0\" title=\"cbfzhbd\"\/><\/a><\/td>\n<\/tr>\n<p> <b>Rendez-vous : le 14 ao\u00fbt, \u00e0 19h, au Parc d&rsquo;Uriage.<\/b><\/p>\n<p>Laissez-vous emporter par le groove intemporel du Rythm &amp; Blues revisit\u00e9 par le talentueux trio acoustique ! Chaque morceau est une nouvelle aventure gr\u00e2ce \u00e0 leur talent pour l&rsquo;improvisation. Embarquez pour un voyage musical plein de libert\u00e9 !<\/p>\n<p>D&rsquo;Amy Winehouse \u00e0 Ray Charles, en passant par Joe Cocker et les l\u00e9gendes Bessie Smith &amp; Sonny Boy Williamson, ils r\u00e9inventent les standards avec une \u00e9nergie communicative et une touche d&rsquo;improvisation qui vous fera vibrer.<br \/>Lionel Melot au piano<br \/>Maurice Tragni \u00e0 la batterie <br \/>Jessica Escamez au chant.<\/p>\n<p>NB : Sous r\u00e9serve de conditions m\u00e9t\u00e9orologiques favorables.<\/p>\n<p><a class=\"url\" href=\"https:\/\/www.grenoble-tourisme.com\/fr\/decouvrir\/evenements\/agenda\/detail\/concert-du-parc-jess-the-mellow-men-7253655\/\" target=\"_blank\" rel=\"nofollow noopener\">En savoir plus.<\/a><\/p>\n<tr>\n<td class=\"defaut\"><a href=\"https:\/\/www.radioscoop.com\/agenda\/javascript:void(0)\" onclick=\"parent.RS.diaporama.addMedia(702840) ;\" rel=\"nofollow noopener\" target=\"_blank\"><img loading=\"lazy\" decoding=\"async\" src=\"https:\/\/www.europesays.com\/fr\/wp-content\/uploads\/2025\/08\/1754884679_544_img\" width=\"640\" height=\"560\" border=\"0\" title=\"nvefjhf\"\/><\/a><\/td>\n<\/tr>\n<p> <b>Rendez-vous : le 15 ao\u00fbt, de 18h \u00e0 20h30, \u00e0 la Place Tournadre au Fort de la Bastille.<\/b><\/p>\n<p>Des live, une vue imprenable, et de la bonne humeur : les ap\u00e9ros-concerts vous attendent \u00e0 la Bastille !<\/p>\n<p>Deux rendez-vous \u00e0 ne manquer sous aucun pr\u00e9texte, pour vibrer au rythme de l&rsquo;\u00e9t\u00e9 dans un cadre aussi spectaculaire que convivial.<br \/>Offrez-vous une parenth\u00e8se musicale en altitude. D\u00e8s les premi\u00e8res notes, laissez-vous porter par l&rsquo;ambiance et commencez votre week-end du bon pied, entre ciel et montagnes, face \u00e0 l&rsquo;un des plus beaux panoramas des Alpes.<br \/>Que vous veniez fl\u00e2ner en couple, vous d\u00e9tendre entre amis ou partager un moment joyeux en famille, les ap\u00e9ros-concerts de la Bastille sont l&rsquo;occasion parfaite de m\u00ealer d\u00e9tente, musique live et plaisir des papilles.<br \/>Et pour combler les gourmands, des assiettes ap\u00e9ritives \u00e0 emporter vous seront propos\u00e9es jusqu&rsquo;\u00e0 20h30 au Restaurant du T\u00e9l\u00e9ph\u00e9rique ainsi qu&rsquo;au Snack la Salle des Gardes. De quoi trinquer \u00e0 la beaut\u00e9 du moment, les yeux riv\u00e9s sur le coucher de soleil.<br \/>Entre son, saveurs et sommets, l&rsquo;\u00e9t\u00e9 se vit en musique \u00e0 la Bastille. Deux soir\u00e9es, deux ambiances, une seule promesse : celle d&rsquo;un ap\u00e9ro inoubliable\u2026 \u00e0 plus de 400 m\u00e8tres d&rsquo;altitude !<br \/>Vendredi 15 ao\u00fbt 2025, fra\u00eechement d\u00e9barqu\u00e9s du navire, parfum\u00e9s aux effluves de rhums et des r\u00eaves plein les oreilles, The Mighty Crooks viennent rendre hommage \u00e0 leur mani\u00e8re \u00e0 l&rsquo;une des musiques des plus populaires de la Cara\u00efbe : Le Calypso.<br \/>6 musiciens, une section rythmique puissante accompagn\u00e9e de cuivres tranchants, vous feront vibrer et chalouper, rendant ainsi hommage \u00e0 cette musique populaire des Antilles du d\u00e9but du 20\u00e8me si\u00e8cle.<\/p>\n<p>Rendez-vous place Tournadre, place principale du Fort de la Bastille.<\/p>\n<p><a class=\"url\" href=\"https:\/\/www.grenoble-tourisme.com\/fr\/decouvrir\/evenements\/agenda\/detail\/les-aperos-concerts-the-mighty-crooks-le-vendredi-15-aout-7427814\/\" target=\"_blank\" rel=\"nofollow noopener\">Je prends ma place !<\/a><\/p>\n<tr>\n<td class=\"defaut\"><a href=\"https:\/\/www.radioscoop.com\/agenda\/javascript:void(0)\" onclick=\"parent.RS.diaporama.addMedia(702841) ;\" rel=\"nofollow noopener\" target=\"_blank\"><img loading=\"lazy\" decoding=\"async\" src=\"https:\/\/www.europesays.com\/fr\/wp-content\/uploads\/2025\/08\/1754884680_811_img\" width=\"640\" height=\"480\" border=\"0\" title=\"nfhtjfhs\"\/><\/a><\/td>\n<\/tr>\n<p> <b>Rendez-vous : jusqu&rsquo;au 20 octobre, \u00e0 partir de 10h, \u00e0 la Com\u00e9die de Grenoble.<\/b><\/p>\n<p>Le petit Patapon, enfant adorant chanter et jouer, pars pour une for\u00eat merveilleuse o\u00f9 les animaux chantent et dansent !<\/p>\n<p>Avec bonheur, il rencontrera le petit Faon, monsieur l&rsquo;\u00e9cureuil, le Castor farceur, la petite chouette, monsieur le renard et Petit ourson, un tout petit ours qui adore le miel.<\/p>\n<p>Venez chanter et enchanter votre journ\u00e9e avec Patapon et tous ces amis dans cette for\u00eat merveilleuse, une com\u00e9die musicale pour les tout-petits comme pour les grands au Pays des chansons.<\/p>\n<p><a class=\"url\" href=\"https:\/\/www.grenoble-tourisme.com\/fr\/decouvrir\/evenements\/agenda\/detail\/patapon-et-la-foret-des-chansons-7154773\/\" target=\"_blank\" rel=\"nofollow noopener\">Je prends ma place !<\/a><\/p>\n<tr>\n<td class=\"defaut\"><a href=\"https:\/\/www.radioscoop.com\/agenda\/javascript:void(0)\" onclick=\"parent.RS.diaporama.addMedia(702842) ;\" rel=\"nofollow noopener\" target=\"_blank\"><img loading=\"lazy\" decoding=\"async\" src=\"https:\/\/www.europesays.com\/fr\/wp-content\/uploads\/2025\/08\/1754884684_901_img\" width=\"452\" height=\"640\" border=\"0\" title=\"hrfbh\"\/><\/a><\/td>\n<\/tr>\n<p><\/p>\n","protected":false},"excerpt":{"rendered":"Chaque semaine, retrouvez les meilleurs bons plans de Grenoble et Chamb\u00e9ry ! Que vous soyez \u00e0 la recherche&hellip;\n","protected":false},"author":2,"featured_media":310794,"comment_status":"","ping_status":"","sticky":false,"template":"","format":"standard","meta":{"footnotes":""},"categories":[9566],"tags":[1111,11,2430,677,12362,1777,674,1011,27,2731,12,7518,25],"class_list":{"0":"post-310793","1":"post","2":"type-post","3":"status-publish","4":"format-standard","5":"has-post-thumbnail","7":"category-grenoble","8":"tag-actu","9":"tag-actualites","10":"tag-auvergne-rhone-alpes","11":"tag-bons-plans","12":"tag-chambry","13":"tag-eu","14":"tag-europe","15":"tag-fr","16":"tag-france","17":"tag-grenoble","18":"tag-news","19":"tag-octobre","20":"tag-republique-francaise"},"share_on_mastodon":{"url":"https:\/\/pubeurope.com\/@fr\/115008130957169861","error":""},"_links":{"self":[{"href":"https:\/\/www.europesays.com\/fr\/wp-json\/wp\/v2\/posts\/310793","targetHints":{"allow":["GET"]}}],"collection":[{"href":"https:\/\/www.europesays.com\/fr\/wp-json\/wp\/v2\/posts"}],"about":[{"href":"https:\/\/www.europesays.com\/fr\/wp-json\/wp\/v2\/types\/post"}],"author":[{"embeddable":true,"href":"https:\/\/www.europesays.com\/fr\/wp-json\/wp\/v2\/users\/2"}],"replies":[{"embeddable":true,"href":"https:\/\/www.europesays.com\/fr\/wp-json\/wp\/v2\/comments?post=310793"}],"version-history":[{"count":0,"href":"https:\/\/www.europesays.com\/fr\/wp-json\/wp\/v2\/posts\/310793\/revisions"}],"wp:featuredmedia":[{"embeddable":true,"href":"https:\/\/www.europesays.com\/fr\/wp-json\/wp\/v2\/media\/310794"}],"wp:attachment":[{"href":"https:\/\/www.europesays.com\/fr\/wp-json\/wp\/v2\/media?parent=310793"}],"wp:term":[{"taxonomy":"category","embeddable":true,"href":"https:\/\/www.europesays.com\/fr\/wp-json\/wp\/v2\/categories?post=310793"},{"taxonomy":"post_tag","embeddable":true,"href":"https:\/\/www.europesays.com\/fr\/wp-json\/wp\/v2\/tags?post=310793"}],"curies":[{"name":"wp","href":"https:\/\/api.w.org\/{rel}","templated":true}]}}