{"id":310797,"date":"2025-08-11T04:03:11","date_gmt":"2025-08-11T04:03:11","guid":{"rendered":"https:\/\/www.europesays.com\/fr\/310797\/"},"modified":"2025-08-11T04:03:11","modified_gmt":"2025-08-11T04:03:11","slug":"ce-camion-deverse-ses-eaux-grises-a-cagnes-sur-mer-et-cest-tout-a-fait-legal-on-vous-explique-tout","status":"publish","type":"post","link":"https:\/\/www.europesays.com\/fr\/310797\/","title":{"rendered":"Ce camion d\u00e9verse ses eaux grises \u00e0 Cagnes-sur-Mer&#8230; et c\u2019est tout \u00e0 fait l\u00e9gal: on vous explique tout"},"content":{"rendered":"<p>L\u2019odeur est naus\u00e9abonde et le diam\u00e8tre de la canalisation de 200 mm ne laisse aucun doute. La bouche d\u2019\u00e9gouts a \u00e9t\u00e9 ouverte pour que l\u2019on puisse v\u00e9rifier. Elle est effectivement reli\u00e9e au r\u00e9seau de collecte des eaux us\u00e9es qui est raccord\u00e9 <strong>\u00e0 la station d\u2019\u00e9puration de Cagnes-sur-Mer, exploit\u00e9e par Veolia.<\/strong><\/p>\n<p>Philippe Touzeau-Menoni, \u00e9lu d\u2019opposition Union pour Cagnes, affirmait qu\u2019\u00a0\u00bbun camion Veolia vidait les eaux sales directement dans le syst\u00e8me d\u2019eaux pluviales de la Ville\u00a0\u00bb. \u00ab\u00a0C\u2019est faux\u00a0\u00bb, s\u2019indignent les services techniques de Cagnes-sur-Mer. Et pr\u00e9cisent: \u00ab\u00a0Un camion hydrocureur passe deux fois par semaine dans l\u2019aire d\u2019accueil des gens du voyage Les Cara\u00efbes 2. <strong>Il pompe les eaux grises, c\u2019est-\u00e0-dire les eaux de machines \u00e0 laver, douches et \u00e9viers.<\/strong> Il vide le tout dans le r\u00e9seau de collecte des eaux us\u00e9es, avec notre autorisation, un peu plus loin, au niveau du stade Pierre-Sauvaigo. Et \u00e7a fait cinq ans que c\u2019est le m\u00eame process.\u00a0\u00bb<\/p>\n<p>\u00c0 Cagnes-sur-Mer, c\u2019est la r\u00e9gie Eau d\u2019Azur qui est charg\u00e9e de l\u2019entretien, comme le changement des canalisations par exemple. La commune a un march\u00e9 de prestation avec Veolia pour le curage et le pompage de ses r\u00e9seaux priv\u00e9s. Dans le cadre de ce march\u00e9, il est possible que Veolia intervienne sur un terrain public.<\/p>\n<p><strong>\u00ab\u00a0Cagnes-sur-Mer dispose de r\u00e9seaux s\u00e9paratifs\u00a0\u00bb<\/strong><\/p>\n<p>Pour d\u00e9montrer un peu plus ce qu\u2019ils avancent, les services techniques ont ouvert le regard du r\u00e9seau d\u2019eaux pluviales qui se trouve lui au milieu de la route, chemin du Brecq. Le diam\u00e8tre de la canalisation est beaucoup plus important puisqu\u2019il fait 500 mm et, ici, pas d\u2019odeur repoussante.<\/p>\n<p>\u00ab\u00a0Les eaux pluviales ne sont pas trait\u00e9es car Cagnes-sur-Mer dispose de r\u00e9seaux s\u00e9paratifs, ce qui n\u2019est pas le cas de toutes les communes. Ainsi, les eaux pluviales sont d\u00e9vers\u00e9es dans les rivi\u00e8res ou dans la mer. Par ailleurs, la commune dispose de plusieurs d\u00e9bourbeurs qui permettent de retenir les huiles et les hydrocarbures avant rejet. C\u2019est une solution que nous avons mise en place pour les eaux qui proviennent par exemple des voiries\u00a0\u00bb, indique la Ville.<\/p>\n<p>En ce qui concerne les cinq toilettes chimiques de l\u2019aire d\u2019accueil des gens du voyage, les services techniques de la Ville expliquent: \u00ab\u00a0Les eaux us\u00e9es sont collect\u00e9es tous les jours et envoy\u00e9es \u00e0 Haliotis \u00e0 Nice.\u00a0\u00bb<\/p>\n","protected":false},"excerpt":{"rendered":"L\u2019odeur est naus\u00e9abonde et le diam\u00e8tre de la canalisation de 200 mm ne laisse aucun doute. La bouche&hellip;\n","protected":false},"author":2,"featured_media":310798,"comment_status":"","ping_status":"","sticky":false,"template":"","format":"standard","meta":{"footnotes":""},"categories":[2819],"tags":[1111,11,436,1777,674,1011,27,12,2401,882,25],"class_list":{"0":"post-310797","1":"post","2":"type-post","3":"status-publish","4":"format-standard","5":"has-post-thumbnail","7":"category-nice","8":"tag-actu","9":"tag-actualites","10":"tag-environnement","11":"tag-eu","12":"tag-europe","13":"tag-fr","14":"tag-france","15":"tag-news","16":"tag-nice","17":"tag-provence-alpes-cote-dazur","18":"tag-republique-francaise"},"share_on_mastodon":{"url":"https:\/\/pubeurope.com\/@fr\/115008150197550786","error":""},"_links":{"self":[{"href":"https:\/\/www.europesays.com\/fr\/wp-json\/wp\/v2\/posts\/310797","targetHints":{"allow":["GET"]}}],"collection":[{"href":"https:\/\/www.europesays.com\/fr\/wp-json\/wp\/v2\/posts"}],"about":[{"href":"https:\/\/www.europesays.com\/fr\/wp-json\/wp\/v2\/types\/post"}],"author":[{"embeddable":true,"href":"https:\/\/www.europesays.com\/fr\/wp-json\/wp\/v2\/users\/2"}],"replies":[{"embeddable":true,"href":"https:\/\/www.europesays.com\/fr\/wp-json\/wp\/v2\/comments?post=310797"}],"version-history":[{"count":0,"href":"https:\/\/www.europesays.com\/fr\/wp-json\/wp\/v2\/posts\/310797\/revisions"}],"wp:featuredmedia":[{"embeddable":true,"href":"https:\/\/www.europesays.com\/fr\/wp-json\/wp\/v2\/media\/310798"}],"wp:attachment":[{"href":"https:\/\/www.europesays.com\/fr\/wp-json\/wp\/v2\/media?parent=310797"}],"wp:term":[{"taxonomy":"category","embeddable":true,"href":"https:\/\/www.europesays.com\/fr\/wp-json\/wp\/v2\/categories?post=310797"},{"taxonomy":"post_tag","embeddable":true,"href":"https:\/\/www.europesays.com\/fr\/wp-json\/wp\/v2\/tags?post=310797"}],"curies":[{"name":"wp","href":"https:\/\/api.w.org\/{rel}","templated":true}]}}