{"id":310805,"date":"2025-08-11T04:11:12","date_gmt":"2025-08-11T04:11:12","guid":{"rendered":"https:\/\/www.europesays.com\/fr\/310805\/"},"modified":"2025-08-11T04:11:12","modified_gmt":"2025-08-11T04:11:12","slug":"cet-employeur-de-toulouse-propose-600-euros-par-an-a-chaque-salarie-qui-vient-travailler-a-velo","status":"publish","type":"post","link":"https:\/\/www.europesays.com\/fr\/310805\/","title":{"rendered":"Cet employeur de Toulouse propose 600\u00a0euros par an \u00e0 chaque salari\u00e9 qui vient travailler \u00e0 v\u00e9lo"},"content":{"rendered":"<p>            Par<br \/>\n        <strong><br \/>\n            <a href=\"https:\/\/actu.fr\/auteur\/guillaume-laurens\" title=\"Consulter tous les articles de Guillaume Laurens\" rel=\"nofollow noopener\" target=\"_blank\">Guillaume Laurens<\/a><br \/>\n        <\/strong><\/p>\n<p>        Publi\u00e9 le<\/p>\n<p>            11 ao\u00fbt 2025 \u00e0 6h04        <\/p>\n<p>C\u2019est un gros employeur de la r\u00e9gion qui change de braquet sur le <strong>v\u00e9lotaf<\/strong>. Le <strong>Cr\u00e9dit Mutuel Midi-Atlantique<\/strong>, dont le si\u00e8ge est \u00e0 Balma-Gramont, \u00e0 deux pas du terminus de la ligne A du m\u00e9tro de <strong><a href=\"https:\/\/actu.fr\/toulouse\/\" rel=\"nofollow noopener\" target=\"_blank\">Toulouse<\/a><\/strong>, investit\u2026 dans \u00ab\u00a0la mobilit\u00e9 verte\u00a0\u00bb de ses salari\u00e9s. Objectif : les inciter \u00e0 <strong>venir travailler \u00e0 v\u00e9lo.\u00a0<\/strong><\/p>\n<p>Le Cr\u00e9dit Mutuel vise plus d\u2019un quart de v\u00e9lotafeurs<\/p>\n<p class=\" wall-content\">Le Cr\u00e9dit Mutuel Midi-Atlantique, qui op\u00e8re dans 10 d\u00e9partements du Sud-Ouest, compte <strong>970 collaborateurs<\/strong> r\u00e9partis dans 115 agences. Bien \u00e9videmment, une bonne partie de ces salari\u00e9s travaille au si\u00e8ge, \u00e0 Toulouse.<\/p>\n<p class=\" wall-content\">La banque s\u2019est fix\u00e9e comme ambition \u00ab\u00a0d\u2019encourager la mobilit\u00e9 douce aupr\u00e8s de ses salari\u00e9s, notamment dans ses principaux bassins d\u2019activit\u00e9\u00a0\u00bb, \u00e0 savoir son si\u00e8ge \u00e0 Toulouse, mais aussi dans la \u00ab\u00a0r\u00e9gion BAB (Bayonne, Anglet et Biarritz)\u00a0\u00bb. Avec un objectif ambitieux : parvenir d\u2019ici \u00e0 trois ans \u00e0 <strong>250 v\u00e9lotafeurs,<\/strong> soit plus du quart des salari\u00e9s !<\/p>\n<p>600 euros par an et par salari\u00e9 qui passe au v\u00e9lotaf !<\/p>\n<p class=\" wall-content\">Pour y parvenir et \u00ab\u00a0inciter ses salari\u00e9s \u00e0 se mettre au v\u00e9lotaf\u00a0\u00bb, la banque s\u2019est tourn\u00e9e vers BeeToGreen, entreprise sp\u00e9cialiste en la mati\u00e8re. Sa mission ? \u00ab\u00a0Permettre aux collaborateurs de s\u2019\u00e9quiper facilement d\u2019un v\u00e9lo ou d\u2019accessoires via la marketplace de BeeToGreen qui r\u00e9f\u00e9rence plus de 150 marques de mobilit\u00e9 douce\u00a0\u00bb. Ils pourront ainsi \u00ab\u00a0pr\u00e9tendre \u00e0 b\u00e9n\u00e9ficier du FMD\u00a0\u00bb, ce fameux <strong>Forfait de mobilit\u00e9 durable<\/strong>, dont le montant est fix\u00e9 par l\u2019employeur.<\/p>\n<p>    <img   decoding=\"async\" loading=\"lazy\" src=\"https:\/\/www.europesays.com\/fr\/wp-content\/uploads\/2025\/08\/velotaf-credit-mutuel-toulouse-baalma-gramont-gl-4-960x640.jpg\" alt=\"Le Cr\u00e9dit Mutuel table sur 250 v\u00e9lotafeurs en trois ans, parmi ses 970 collaborateurs \u00e0 Toulouse et en r\u00e9gion\" width=\"960\" height=\"640\"\/><br \/>\n    Le Cr\u00e9dit Mutuel table sur 250 v\u00e9lotafeurs en trois ans, parmi ses 970 collaborateurs \u00e0 Toulouse et en r\u00e9gion (\u00a9G.L. \/ Actu Toulouse)600 euros par an et par salari\u00e9 qui passe au v\u00e9lotaf !<\/p>\n<p class=\" wall-content\">Et \u00e0 Toulouse, le Cr\u00e9dit Mutuel Midi-Atlantique a fix\u00e9 le FMD \u00e0 hauteur de <strong>600 \u20ac par an et par salari\u00e9. <\/strong>Mais s\u2019ils veulent le toucher, les salari\u00e9s volontaires devront s\u2019engager \u00e0 venir r\u00e9guli\u00e8rement au boulot \u00e0 v\u00e9lo : soit <strong>deux fois par semaine<\/strong> sur huit mois, soit<strong> trois fois par semaine<\/strong> sur six mois. La condition sine qua none pour b\u00e9n\u00e9ficier du FMD. La banque y voit \u00ab\u00a0une mani\u00e8re concr\u00e8te d\u2019inscrire cette pratique vertueuse dans la dur\u00e9e\u00a0\u00bb.<\/p>\n<p>Ailleurs, jusqu\u2019\u00e0 20 ou 30 % de v\u00e9lotafeurs, selon BeeToGreen\u00a0<\/p>\n<p class=\" wall-content\">Et \u00e0 long terme ? \u00ab\u00a0En moyenne, apr\u00e8s trois ans de collaboration, les entreprises accompagn\u00e9es par BeeToGreen voient leur <strong>part modale v\u00e9lo<\/strong> passer <strong>de 8 \u00e0 plus de 20 %,<\/strong> voire <strong>30 %<\/strong> dans certains cas\u00a0\u00bb, assure l\u2019entreprise, qui pr\u00e9cise son r\u00f4le : \u00ab\u00a0Nous allons accompagner chaque collaborateur qui souhaite se mettre au v\u00e9lo et rassurer celles et ceux qui doutent encore de la fiabilit\u00e9 de pratiquer le v\u00e9lotaf au quotidien\u00a0\u00bb, avance <strong>Antoine du Teilleul<\/strong>, cofondateur de BeeTogreen, \u00e9voquant\u00a0des raisons li\u00e9es \u00e0 la s\u00e9curit\u00e9 et au confort.<\/p>\n<blockquote class=\"ac-article-quote wall-content\">\n<p>Afin de faciliter cette transition, nous mettrons en place des tests de v\u00e9los, quiz sur la s\u00e9curit\u00e9 routi\u00e8re, atelier d&rsquo;auto-r\u00e9paration pour que chacun puisse rouler sereinement.<\/p>\n<p>    <strong>Antoine du Teilleul<\/strong><br \/>\n        Cofondateur de BeeTogreen    <\/p><\/blockquote>\n<p class=\" wall-content\">\u00c0 savoir enfin que \u00ab\u00a0des infrastructures ont \u00e9galement \u00e9t\u00e9 pens\u00e9es pour encourager cet \u00e9lan\u00a0\u00bb au si\u00e8ge de la banque \u00e0 Balma-Gramont, o\u00f9<strong> \u00ab\u00a0un abri v\u00e9lo<\/strong> est d\u00e9j\u00e0 disponible\u00a0\u00bb.<\/p>\n<p>    <img   decoding=\"async\" loading=\"lazy\" src=\"https:\/\/www.europesays.com\/fr\/wp-content\/uploads\/2025\/08\/credit-mutuel-toulouse-balma-gl-960x640.jpg\" alt=\"\u00c0 Toulouse, le Cr\u00e9dit mutuel veut \" width=\"960\" height=\"640\"\/><br \/>\n    \u00c0 Toulouse, le Cr\u00e9dit mutuel veut \u00ab\u00a0inciter ses salari\u00e9s \u00e0 se mettre au v\u00e9lotaf\u00a0\u00bb (\u00a9G.L. \/ Actu Toulouse)<\/p>\n<p class=\" wall-content\">Suivez toute l\u2019actualit\u00e9 de vos villes et m\u00e9dias favoris en vous inscrivant \u00e0 <a href=\"https:\/\/moncompte.actu.fr\" title=\"D\u00e9couvez Mon Actu\" rel=\"nofollow noopener\" data-trk=\"{&quot;cta&quot;:{&quot;action&quot;:&quot;https:\\\/\\\/moncompte.actu.fr&quot;,&quot;category&quot;:&quot;mon compte&quot;,&quot;from&quot;:&quot;article footer&quot;,&quot;name&quot;:&quot;Mon actu&quot;,&quot;type&quot;:&quot;cta&quot;}}\" target=\"_blank\">Mon Actu<\/a>.<\/p>\n","protected":false},"excerpt":{"rendered":"Par Guillaume Laurens Publi\u00e9 le 11 ao\u00fbt 2025 \u00e0 6h04 C\u2019est un gros employeur de la r\u00e9gion qui&hellip;\n","protected":false},"author":2,"featured_media":310806,"comment_status":"","ping_status":"","sticky":false,"template":"","format":"standard","meta":{"footnotes":""},"categories":[2816],"tags":[1111,11,33,1777,674,1011,27,12,2680,25,2312,208],"class_list":{"0":"post-310805","1":"post","2":"type-post","3":"status-publish","4":"format-standard","5":"has-post-thumbnail","7":"category-toulouse","8":"tag-actu","9":"tag-actualites","10":"tag-economie","11":"tag-eu","12":"tag-europe","13":"tag-fr","14":"tag-france","15":"tag-news","16":"tag-occitanie","17":"tag-republique-francaise","18":"tag-toulouse","19":"tag-velo"},"share_on_mastodon":{"url":"https:\/\/pubeurope.com\/@fr\/115008181729305495","error":""},"_links":{"self":[{"href":"https:\/\/www.europesays.com\/fr\/wp-json\/wp\/v2\/posts\/310805","targetHints":{"allow":["GET"]}}],"collection":[{"href":"https:\/\/www.europesays.com\/fr\/wp-json\/wp\/v2\/posts"}],"about":[{"href":"https:\/\/www.europesays.com\/fr\/wp-json\/wp\/v2\/types\/post"}],"author":[{"embeddable":true,"href":"https:\/\/www.europesays.com\/fr\/wp-json\/wp\/v2\/users\/2"}],"replies":[{"embeddable":true,"href":"https:\/\/www.europesays.com\/fr\/wp-json\/wp\/v2\/comments?post=310805"}],"version-history":[{"count":0,"href":"https:\/\/www.europesays.com\/fr\/wp-json\/wp\/v2\/posts\/310805\/revisions"}],"wp:featuredmedia":[{"embeddable":true,"href":"https:\/\/www.europesays.com\/fr\/wp-json\/wp\/v2\/media\/310806"}],"wp:attachment":[{"href":"https:\/\/www.europesays.com\/fr\/wp-json\/wp\/v2\/media?parent=310805"}],"wp:term":[{"taxonomy":"category","embeddable":true,"href":"https:\/\/www.europesays.com\/fr\/wp-json\/wp\/v2\/categories?post=310805"},{"taxonomy":"post_tag","embeddable":true,"href":"https:\/\/www.europesays.com\/fr\/wp-json\/wp\/v2\/tags?post=310805"}],"curies":[{"name":"wp","href":"https:\/\/api.w.org\/{rel}","templated":true}]}}