{"id":310812,"date":"2025-08-11T04:15:14","date_gmt":"2025-08-11T04:15:14","guid":{"rendered":"https:\/\/www.europesays.com\/fr\/310812\/"},"modified":"2025-08-11T04:15:14","modified_gmt":"2025-08-11T04:15:14","slug":"public-ou-prive-dans-le-carre-dor-marseillais-le-mysterieux-statut-dune-avenue-fermee","status":"publish","type":"post","link":"https:\/\/www.europesays.com\/fr\/310812\/","title":{"rendered":"Public ou priv\u00e9\u00a0? Dans le carr\u00e9 d&rsquo;or marseillais, le myst\u00e9rieux statut d&rsquo;une avenue ferm\u00e9e"},"content":{"rendered":"<p>\t    Public ou priv\u00e9\u00a0? Dans le carr\u00e9 d&rsquo;or marseillais, le myst\u00e9rieux statut d&rsquo;une avenue ferm\u00e9e &#8211; Marsactu<\/p>\n<p>&#13;<br \/>\n\t\t&#13;<br \/>\n\t\tNous utilisons des cookies pour vous garantir la meilleure exp\u00e9rience sur notre site. Vous pouvez choisir de refuser les cookies.<a href=\"#\" id=\"cn-accept-cookie\" data-cookie-set=\"accept\" class=\"cn-set-cookie cn-button cn-button-custom button\" aria-label=\"J'accepte\">J&rsquo;accepte<\/a><a href=\"#\" id=\"cn-refuse-cookie\" data-cookie-set=\"refuse\" class=\"cn-set-cookie cn-button cn-button-custom button\" aria-label=\"Non\">Non<\/a><a href=\"https:\/\/marsactu.fr\/societe\/cgu\/\" target=\"_blank\" id=\"cn-more-info\" class=\"cn-more-info cn-button cn-button-custom button\" aria-label=\"En savoir plus\" rel=\"noopener\">En savoir plus<\/a><\/p>\n<p>\t\t&#13;<\/p>\n","protected":false},"excerpt":{"rendered":"Public ou priv\u00e9\u00a0? Dans le carr\u00e9 d&rsquo;or marseillais, le myst\u00e9rieux statut d&rsquo;une avenue ferm\u00e9e &#8211; Marsactu &#13; &#13;&hellip;\n","protected":false},"author":2,"featured_media":310813,"comment_status":"","ping_status":"","sticky":false,"template":"","format":"standard","meta":{"footnotes":""},"categories":[2814],"tags":[1111,11,45085,1777,674,45086,1011,27,45087,884,12,882,25,4772],"class_list":{"0":"post-310812","1":"post","2":"type-post","3":"status-publish","4":"format-standard","5":"has-post-thumbnail","7":"category-marseille","8":"tag-actu","9":"tag-actualites","10":"tag-domainepublic","11":"tag-eu","12":"tag-europe","13":"tag-ferdinandflotte","14":"tag-fr","15":"tag-france","16":"tag-huitieme-arrondissement","17":"tag-marseille","18":"tag-news","19":"tag-provence-alpes-cote-dazur","20":"tag-republique-francaise","21":"tag-zalu"},"share_on_mastodon":{"url":"https:\/\/pubeurope.com\/@fr\/115008197378377378","error":""},"_links":{"self":[{"href":"https:\/\/www.europesays.com\/fr\/wp-json\/wp\/v2\/posts\/310812","targetHints":{"allow":["GET"]}}],"collection":[{"href":"https:\/\/www.europesays.com\/fr\/wp-json\/wp\/v2\/posts"}],"about":[{"href":"https:\/\/www.europesays.com\/fr\/wp-json\/wp\/v2\/types\/post"}],"author":[{"embeddable":true,"href":"https:\/\/www.europesays.com\/fr\/wp-json\/wp\/v2\/users\/2"}],"replies":[{"embeddable":true,"href":"https:\/\/www.europesays.com\/fr\/wp-json\/wp\/v2\/comments?post=310812"}],"version-history":[{"count":0,"href":"https:\/\/www.europesays.com\/fr\/wp-json\/wp\/v2\/posts\/310812\/revisions"}],"wp:featuredmedia":[{"embeddable":true,"href":"https:\/\/www.europesays.com\/fr\/wp-json\/wp\/v2\/media\/310813"}],"wp:attachment":[{"href":"https:\/\/www.europesays.com\/fr\/wp-json\/wp\/v2\/media?parent=310812"}],"wp:term":[{"taxonomy":"category","embeddable":true,"href":"https:\/\/www.europesays.com\/fr\/wp-json\/wp\/v2\/categories?post=310812"},{"taxonomy":"post_tag","embeddable":true,"href":"https:\/\/www.europesays.com\/fr\/wp-json\/wp\/v2\/tags?post=310812"}],"curies":[{"name":"wp","href":"https:\/\/api.w.org\/{rel}","templated":true}]}}