{"id":310814,"date":"2025-08-11T04:16:13","date_gmt":"2025-08-11T04:16:13","guid":{"rendered":"https:\/\/www.europesays.com\/fr\/310814\/"},"modified":"2025-08-11T04:16:13","modified_gmt":"2025-08-11T04:16:13","slug":"le-beach-soccer-week-transforme-les-plages-du-prado-en-terrain-de-jeu-geant","status":"publish","type":"post","link":"https:\/\/www.europesays.com\/fr\/310814\/","title":{"rendered":"le Beach Soccer Week transforme les plages du Prado en terrain de jeu g\u00e9ant"},"content":{"rendered":"\n<p>Le Marseille Beach Team sait faire les choses en grand. Comme chaque \u00e9t\u00e9 depuis 2015, le club phare de la cit\u00e9 phoc\u00e9enne en termes de beach soccer (et de futsal \u00e9galement) consacre toute une semaine \u00e0 la pratique du football sur sable sur les plages du Prado. \u00ab\u00a0Un \u00e9v\u00e9nement d\u2019une semaine sur Marseille, c\u2019est colossal. Une semaine, c\u2019est comme l\u2019Open\u00a013\u00a0\u00bb, mart\u00e8le G\u00e9rald Guidarini, pr\u00e9sident du Marseille Beach Team, avant d\u2019ajouter que le beach soccer, c\u2019est \u00ab\u00a0spectaculaire, fun et interg\u00e9n\u00e9rationnel.\u00a0\u00bb<\/p>\n<p>Et pour cette 11e\u00a0\u00e9dition du Beach Soccer Week, qui d\u00e9bute ce lundi avec les U8 (les enfants de moins de 8 ans), \u00ab\u00a0plus de 700\u00a0joueurs, 56 \u00e9quipes, venues de toute la France, de Guadeloupe, de Belgique, du Portugal\u00a0\u00bb seront de la partie, comme l\u2019a annonc\u00e9 le pr\u00e9sident Guidarini.<\/p>\n<p>Mais en \u00e9voluant \u00e0 domicile, les \u00e9quipes du Marseille Beach Team se doivent de garder la coupe \u00e0 la maison. Et que ce soit \u00e0 l\u2019occasion de la Girls Cup samedi ou de la MBT\u00a0Cup \u00e0 partir de jeudi, les deux moments phares de la semaine, les formations marseillaises ont de solides arguments pour monter sur la premi\u00e8re marche du podium. \u00ab\u00a0Notre \u00e9quipe masculine fait partie du top\u00a06 europ\u00e9en, quand nos f\u00e9minines ont r\u00e9ussi \u00e0 se faire une place sur le podium mondial. Pour un petit club marseillais, on est parvenu \u00e0 construire quelque chose d\u2019incroyable\u00a0\u00bb, se r\u00e9jouit le dirigeant marseillais, qui a eu l\u2019id\u00e9e d\u2019organiser le Beach Soccer Week apr\u00e8s avoir vu la Fashion Week parisienne \u00e0 travers son \u00e9cran de t\u00e9l\u00e9vision.<\/p>\n<p> Un club qui tourne bien\n              <\/p>\n<p>Si les excellents r\u00e9sultats contribuent, de facto, \u00e0 la notori\u00e9t\u00e9 et la r\u00e9putation du club, le pr\u00e9sident Guidarini accorde une grande importance \u00e0 l\u2019aspect convivial, berceau de toute association. \u00ab\u00a0Nous n\u2019organisons pas qu\u2019un simple tournoi de beach soccer, c\u2019est une grande f\u00eate pour tous. L\u2019inclusion fait totalement partie de l\u2019ADN du club. Que ce soit une maman, un professionnel ou un minot, tout le monde se m\u00e9lange autour du sport\u00a0\u00bb, insiste-t-il.<\/p>\n<p>Et il faut bien avouer que la recette semble porter ses fruits. Le Marseille Beach Team arrive chaque ann\u00e9e \u00e0 d\u00e9passer le cap symbolique de la centaine de licenci\u00e9s entre 3 et 15\u00a0ans, tout en alignant deux \u00e9quipes au-del\u00e0 du niveau hexagonal. \u00ab\u00a0Ce n\u2019est pas qu\u2019un simple jeu \u00e0 nos yeux. C\u2019est un sport o\u00f9 l\u2019on prend du plaisir \u00e0 former, encadrer et transmettre nos comp\u00e9tences et surtout notre passion\u00a0\u00bb, souligne G\u00e9rald Guidarini, conscient de porter \u00ab\u00a0une lourde responsabilit\u00e9\u00a0\u00bb dans une soci\u00e9t\u00e9 o\u00f9 il est de plus en plus difficile d\u2019int\u00e9resser la jeunesse \u00e0 la pratique sportive. Mais il entretient toujours l\u2019espoir de la cr\u00e9ation d\u2019une \u00ab\u00a0Arena de sable\u00a0\u00bb, dont un premier projet avait \u00e9t\u00e9 esquiss\u00e9 en 2024 du c\u00f4t\u00e9 du Cap-Pin\u00e8de, pour accueillir \u00ab\u00a0tous les sports de plage \u00e0 l\u2019ann\u00e9e\u00a0\u00bb.<\/p>\n<p>Programme de la semaine :<\/p>\n<p>Lundi 11\u00a0ao\u00fbt\u00a0: U8 (2018)<\/p>\n<p>Mardi 12\u00a0ao\u00fbt\u00a0: U9 (2017)<\/p>\n<p>Mercredi 13\u00a0ao\u00fbt\u00a0: U11 (2015)<\/p>\n<p>Jeudi 14\u00a0ao\u00fbt\u00a0: U 13 (2013)<\/p>\n<p>Vendredi 15\u00a0ao\u00fbt\u00a0: U 14 (2012)<\/p>\n<p>Samedi 16\u00a0ao\u00fbt\u00a0: Girls Cup<\/p>\n<p>Du jeudi au dimanche\u00a0: MBT Cup <\/p>\n<p>Dimanche 17\u00a0ao\u00fbt\u00a0: Finales.<\/p>\n","protected":false},"excerpt":{"rendered":"Le Marseille Beach Team sait faire les choses en grand. Comme chaque \u00e9t\u00e9 depuis 2015, le club phare&hellip;\n","protected":false},"author":2,"featured_media":310815,"comment_status":"","ping_status":"","sticky":false,"template":"","format":"standard","meta":{"footnotes":""},"categories":[2814],"tags":[1111,11,13151,1777,674,1011,27,884,12,882,25],"class_list":{"0":"post-310814","1":"post","2":"type-post","3":"status-publish","4":"format-standard","5":"has-post-thumbnail","7":"category-marseille","8":"tag-actu","9":"tag-actualites","10":"tag-camille-kadoum","11":"tag-eu","12":"tag-europe","13":"tag-fr","14":"tag-france","15":"tag-marseille","16":"tag-news","17":"tag-provence-alpes-cote-dazur","18":"tag-republique-francaise"},"share_on_mastodon":{"url":"https:\/\/pubeurope.com\/@fr\/115008201263244388","error":""},"_links":{"self":[{"href":"https:\/\/www.europesays.com\/fr\/wp-json\/wp\/v2\/posts\/310814","targetHints":{"allow":["GET"]}}],"collection":[{"href":"https:\/\/www.europesays.com\/fr\/wp-json\/wp\/v2\/posts"}],"about":[{"href":"https:\/\/www.europesays.com\/fr\/wp-json\/wp\/v2\/types\/post"}],"author":[{"embeddable":true,"href":"https:\/\/www.europesays.com\/fr\/wp-json\/wp\/v2\/users\/2"}],"replies":[{"embeddable":true,"href":"https:\/\/www.europesays.com\/fr\/wp-json\/wp\/v2\/comments?post=310814"}],"version-history":[{"count":0,"href":"https:\/\/www.europesays.com\/fr\/wp-json\/wp\/v2\/posts\/310814\/revisions"}],"wp:featuredmedia":[{"embeddable":true,"href":"https:\/\/www.europesays.com\/fr\/wp-json\/wp\/v2\/media\/310815"}],"wp:attachment":[{"href":"https:\/\/www.europesays.com\/fr\/wp-json\/wp\/v2\/media?parent=310814"}],"wp:term":[{"taxonomy":"category","embeddable":true,"href":"https:\/\/www.europesays.com\/fr\/wp-json\/wp\/v2\/categories?post=310814"},{"taxonomy":"post_tag","embeddable":true,"href":"https:\/\/www.europesays.com\/fr\/wp-json\/wp\/v2\/tags?post=310814"}],"curies":[{"name":"wp","href":"https:\/\/api.w.org\/{rel}","templated":true}]}}