{"id":310816,"date":"2025-08-11T04:17:11","date_gmt":"2025-08-11T04:17:11","guid":{"rendered":"https:\/\/www.europesays.com\/fr\/310816\/"},"modified":"2025-08-11T04:17:11","modified_gmt":"2025-08-11T04:17:11","slug":"les-riverains-perdent-patience-face-a-la-proliferation-des-rats","status":"publish","type":"post","link":"https:\/\/www.europesays.com\/fr\/310816\/","title":{"rendered":"les riverains perdent patience face \u00e0 la prolif\u00e9ration des rats"},"content":{"rendered":"<p>\u00ab C\u2019est un v\u00e9ritable cauchemar pour les habitants \u00bb. Dans un courriel adress\u00e9 \u00e0 notre r\u00e9daction, un riverain exc\u00e9d\u00e9 se plaint de la \u00ab gestion catastrophique \u00bb des pi\u00e8ges \u00e0 rats install\u00e9s dans les jardins int\u00e9rieurs de la cit\u00e9 Tony-Garnier, situ\u00e9e entre les rues Wakatsuki et Rochambeau, dans le quartier des \u00c9tats-Unis (8e). \u00c0 quelques pas du boulevard des \u00c9tats-Unis. \u00ab Les pi\u00e8ges sont pos\u00e9s \u00e0 m\u00eame le sol dans des espaces accessibles \u00e0 tous, y compris aux jeunes enfants, aux animaux domestiques, aux chats des rues et aux oiseaux, ce qui est totalement inacceptable \u00bb, relate-t-il. \u00ab Ils devraient \u00eatre plac\u00e9s dans des zones s\u00e9curis\u00e9es et inaccessibles au public \u00bb.<\/p>\n<p>\u00ab Une odeur insoutenable \u00bb<\/p>\n<p>Un habitant qui dresse un tableau quasi apocalyptique de la situation : \u00ab Les cons\u00e9quences sont d\u00e9sastreuses, des dizaines de cadavres de rats jonchent les jardins int\u00e9rieurs et personne ne les a ramass\u00e9s depuis le 24 juillet. Ils attirent les mouches et les vers sont omnipr\u00e9sents, cr\u00e9ant une odeur de&#8230;<\/p>\n","protected":false},"excerpt":{"rendered":"\u00ab C\u2019est un v\u00e9ritable cauchemar pour les habitants \u00bb. Dans un courriel adress\u00e9 \u00e0 notre r\u00e9daction, un riverain&hellip;\n","protected":false},"author":2,"featured_media":310817,"comment_status":"","ping_status":"","sticky":false,"template":"","format":"standard","meta":{"footnotes":""},"categories":[1889],"tags":[1111,11,1867,2430,2757,1777,674,107,1011,27,2428,2756,12,25,2429,71,104],"class_list":{"0":"post-310816","1":"post","2":"type-post","3":"status-publish","4":"format-standard","5":"has-post-thumbnail","7":"category-lyon","8":"tag-actu","9":"tag-actualites","10":"tag-animaux","11":"tag-auvergne-rhone-alpes","12":"tag-edition-lyon-villeurbanne","13":"tag-eu","14":"tag-europe","15":"tag-fil-info","16":"tag-fr","17":"tag-france","18":"tag-lyon","19":"tag-lyon-bassin","20":"tag-news","21":"tag-republique-francaise","22":"tag-rhone","23":"tag-sante","24":"tag-societe"},"share_on_mastodon":{"url":"https:\/\/pubeurope.com\/@fr\/115008205213388441","error":""},"_links":{"self":[{"href":"https:\/\/www.europesays.com\/fr\/wp-json\/wp\/v2\/posts\/310816","targetHints":{"allow":["GET"]}}],"collection":[{"href":"https:\/\/www.europesays.com\/fr\/wp-json\/wp\/v2\/posts"}],"about":[{"href":"https:\/\/www.europesays.com\/fr\/wp-json\/wp\/v2\/types\/post"}],"author":[{"embeddable":true,"href":"https:\/\/www.europesays.com\/fr\/wp-json\/wp\/v2\/users\/2"}],"replies":[{"embeddable":true,"href":"https:\/\/www.europesays.com\/fr\/wp-json\/wp\/v2\/comments?post=310816"}],"version-history":[{"count":0,"href":"https:\/\/www.europesays.com\/fr\/wp-json\/wp\/v2\/posts\/310816\/revisions"}],"wp:featuredmedia":[{"embeddable":true,"href":"https:\/\/www.europesays.com\/fr\/wp-json\/wp\/v2\/media\/310817"}],"wp:attachment":[{"href":"https:\/\/www.europesays.com\/fr\/wp-json\/wp\/v2\/media?parent=310816"}],"wp:term":[{"taxonomy":"category","embeddable":true,"href":"https:\/\/www.europesays.com\/fr\/wp-json\/wp\/v2\/categories?post=310816"},{"taxonomy":"post_tag","embeddable":true,"href":"https:\/\/www.europesays.com\/fr\/wp-json\/wp\/v2\/tags?post=310816"}],"curies":[{"name":"wp","href":"https:\/\/api.w.org\/{rel}","templated":true}]}}