{"id":310820,"date":"2025-08-11T04:20:11","date_gmt":"2025-08-11T04:20:11","guid":{"rendered":"https:\/\/www.europesays.com\/fr\/310820\/"},"modified":"2025-08-11T04:20:11","modified_gmt":"2025-08-11T04:20:11","slug":"canicule-deja-habituelles-dans-le-sud-les-nuits-tropicales-arrivent-en-ile-de-france","status":"publish","type":"post","link":"https:\/\/www.europesays.com\/fr\/310820\/","title":{"rendered":"Canicule\u00a0: d\u00e9j\u00e0 habituelles dans le Sud, les nuits tropicales arrivent en \u00cele-de-France"},"content":{"rendered":"<p class=\"paragraph text_align_left lp-f-body-02\">Comme \u00e0 chaque vague de chaleur, il est <a href=\"https:\/\/www.leparisien.fr\/meteo\/canicule-41-c-a-montpellier-38-c-a-bordeaux-ou-fera-t-il-le-plus-chaud-ce-dimanche-10-08-2025-3K3VJL25CRFSXIJV36JK745IBM.php\" target=\"_blank\" rel=\"noreferrer noopener\">surtout question de temp\u00e9ratures maximales<\/a>. Plus de 40 \u00b0C sont attendus <a href=\"https:\/\/www.leparisien.fr\/meteo\/canicule-42-departements-en-vigilance-orange-ce-dimanche-46-a-partir-de-lundi-10-08-2025-AZGF5NUQUBCJVEPLBHP2SCMDWI.php\" target=\"_blank\" rel=\"noreferrer noopener\">dans le sud-ouest du pays ce lundi<\/a>, avec de nombreux records mensuels possibles, tandis que les 35 \u00b0C pourraient \u00eatre franchis en r\u00e9gion parisienne mardi. On en parle moins, mais le thermom\u00e8tre aura tr\u00e8s souvent du mal \u00e0 s\u2019approcher des 20 \u00b0C \u00e0 l\u2019aube\u2026<\/p>\n<p class=\"paragraph text_align_left lp-f-body-02\">Quand le mercure ne repasse pas sous ce seuil, <a href=\"https:\/\/www.leparisien.fr\/meteo\/impossible-de-trouver-le-sommeil-30-c-a-minuit-recit-dune-nuit-tropicale-en-france-01-07-2025-4EPS2RMEHJALXCKBCJAVY4ISOE.php\" target=\"_blank\" rel=\"noreferrer noopener\">on parle de nuits \u00ab tropicales \u00bb<\/a>. Celles-ci sont particuli\u00e8rement p\u00e9nibles pour les organismes, qui peinent \u00e0 r\u00e9cup\u00e9rer des journ\u00e9es suffocantes. \u00ab Quand on regarde la litt\u00e9rature scientifique, c\u2019est surtout lors de s\u00e9quences de temp\u00e9ratures minimales \u00e9lev\u00e9es sur plusieurs jours, et donc de ne pas pouvoir se reposer correctement, que l\u2019on observe une surmortalit\u00e9 \u00bb, nous disait en juillet Cl\u00e9ment Gaillard, urbaniste sp\u00e9cialis\u00e9 en conception bioclimatique.<\/p>\n<p>Les centres-villes p\u00e9nalis\u00e9s<\/p>\n<p class=\"paragraph text_align_left lp-f-body-02\">Ces derniers jours, \u00e0 la faveur de l\u2019air chaud qui remonte d\u2019Afrique du Nord, ces nuits tropicales se sont d\u00e9j\u00e0 multipli\u00e9es sur la moiti\u00e9 sud du pays. Dimanche matin, le thermom\u00e8tre est rest\u00e9 bloqu\u00e9 \u00e0 25,8 \u00b0C \u00e0 Menton, 24,8 \u00b0C \u00e0 Nice, 23,9 \u00b0C \u00e0 Perpignan ou encore 22,9 \u00b0C \u00e0 Carcassonne. Dans ces r\u00e9gions, c\u2019est m\u00eame devenu une habitude en \u00e9t\u00e9. \u00c0 Nice, depuis le 9 juin, le thermom\u00e8tre n\u2019est repass\u00e9 sous 20 \u00b0C qu\u2019\u00e0\u2026 trois petites reprises. Et ce n\u2019est pas pr\u00e9vu pour tout de suite.<\/p>\n<p class=\"paragraph text_align_left lp-f-body-02\">Au contraire, tandis que la chaleur va s\u2019intensifier et s\u2019installer dans le Sud, les nuits tropicales vont s\u2019\u00e9tendre vers le nord du pays ces prochains jours. \u00ab Des nuits tr\u00e8s douces sont \u00e0 attendre, \u00e0 partir de celle de lundi \u00e0 mardi, sur l\u2019ensemble du pays \u00bb, pr\u00e9vient Christelle Robert, pr\u00e9visionniste \u00e0 M\u00e9t\u00e9o France. Paris pourrait en subir trois cons\u00e9cutives d\u2019ici \u00e0 jeudi, par exemple. La derni\u00e8re fois, \u00e0 la station historique de Paris-Montsouris, c\u2019\u00e9tait le 19 juillet dernier.<\/p>\n<p><img decoding=\"async\" class=\"image \" loading=\"lazy\" src=\"https:\/\/www.europesays.com\/fr\/wp-content\/uploads\/2025\/08\/ZAIT53JO2BHWJFB3VK6BGJF6HQ.jpg\" alt=\"\" align=\"\" data-rubrique-principale=\"\" data-article-type=\"\" fetchpriority=\"auto\"\/><\/p>\n<p class=\"paragraph text_align_left lp-f-body-02\">Comme toujours, le sommeil s\u2019annonce davantage p\u00e9nible en centre-ville, dans les zones les plus urbanis\u00e9es et les moins v\u00e9g\u00e9talis\u00e9es, qu\u2019\u00e0 la campagne. C\u2019est ce qu\u2019on appelle l\u2019effet d\u2019<a href=\"https:\/\/www.leparisien.fr\/environnement\/canicule-un-francilien-sur-deux-vit-dans-un-ilot-de-chaleur-17-08-2023-GSGWN536TNB6DOSDQEM7LGGEKI.php\" target=\"_self\" rel=\"noopener\">\u00eelot de chaleur urbain<\/a> : les mat\u00e9riaux rel\u00e2chent, en fin de journ\u00e9e, la chaleur emmagasin\u00e9e durant les heures pr\u00e9c\u00e9dentes. La nuit, il n\u2019est pas rare d\u2019observer 5 \u00e0 6 \u00b0C d\u2019\u00e9cart entre le centre de Paris et sa banlieue, par exemple.<\/p>\n<p class=\"paragraph text_align_left lp-f-body-02\">De plus en plus fr\u00e9quentes ces derni\u00e8res d\u00e9cennies, <a href=\"https:\/\/www.leparisien.fr\/environnement\/climat\/vagues-de-chaleur-nuits-tropicales-visualisez-linquietant-rechauffement-de-nos-etes-depuis-trente-ans-20-06-2025-ZFPSUGWFMVD2TAA4DZEJMWDF7Y.php\" target=\"_self\" rel=\"noopener\">ces nuits tropicales<\/a> vont continuer \u00e0 se multiplier ces prochaines ann\u00e9es. Alors voici quelques conseils pour mieux les supporter : fermer les volets la journ\u00e9e pour emp\u00eacher l\u2019air le plus chaud de rentrer, s\u2019\u00e9quiper d\u2019un ventilateur adapt\u00e9, utiliser des linges humides pour se rafra\u00eechir, etc.<\/p>\n","protected":false},"excerpt":{"rendered":"Comme \u00e0 chaque vague de chaleur, il est surtout question de temp\u00e9ratures maximales. Plus de 40 \u00b0C sont&hellip;\n","protected":false},"author":2,"featured_media":310821,"comment_status":"","ping_status":"","sticky":false,"template":"","format":"standard","meta":{"footnotes":""},"categories":[1592],"tags":[1111,11,1129,436,1777,674,1011,27,662,2487,12,626,25],"class_list":{"0":"post-310820","1":"post","2":"type-post","3":"status-publish","4":"format-standard","5":"has-post-thumbnail","7":"category-ile-de-france","8":"tag-actu","9":"tag-actualites","10":"tag-climat","11":"tag-environnement","12":"tag-eu","13":"tag-europe","14":"tag-fr","15":"tag-france","16":"tag-ile-de-france","17":"tag-meteo","18":"tag-news","19":"tag-paris","20":"tag-republique-francaise"},"share_on_mastodon":{"url":"https:\/\/pubeurope.com\/@fr\/115008217076476353","error":""},"_links":{"self":[{"href":"https:\/\/www.europesays.com\/fr\/wp-json\/wp\/v2\/posts\/310820","targetHints":{"allow":["GET"]}}],"collection":[{"href":"https:\/\/www.europesays.com\/fr\/wp-json\/wp\/v2\/posts"}],"about":[{"href":"https:\/\/www.europesays.com\/fr\/wp-json\/wp\/v2\/types\/post"}],"author":[{"embeddable":true,"href":"https:\/\/www.europesays.com\/fr\/wp-json\/wp\/v2\/users\/2"}],"replies":[{"embeddable":true,"href":"https:\/\/www.europesays.com\/fr\/wp-json\/wp\/v2\/comments?post=310820"}],"version-history":[{"count":0,"href":"https:\/\/www.europesays.com\/fr\/wp-json\/wp\/v2\/posts\/310820\/revisions"}],"wp:featuredmedia":[{"embeddable":true,"href":"https:\/\/www.europesays.com\/fr\/wp-json\/wp\/v2\/media\/310821"}],"wp:attachment":[{"href":"https:\/\/www.europesays.com\/fr\/wp-json\/wp\/v2\/media?parent=310820"}],"wp:term":[{"taxonomy":"category","embeddable":true,"href":"https:\/\/www.europesays.com\/fr\/wp-json\/wp\/v2\/categories?post=310820"},{"taxonomy":"post_tag","embeddable":true,"href":"https:\/\/www.europesays.com\/fr\/wp-json\/wp\/v2\/tags?post=310820"}],"curies":[{"name":"wp","href":"https:\/\/api.w.org\/{rel}","templated":true}]}}