{"id":310822,"date":"2025-08-11T04:21:11","date_gmt":"2025-08-11T04:21:11","guid":{"rendered":"https:\/\/www.europesays.com\/fr\/310822\/"},"modified":"2025-08-11T04:21:11","modified_gmt":"2025-08-11T04:21:11","slug":"bientot-de-nouvelles-voies-mises-en-service-entre-paris-et-la-seine-saint-denis","status":"publish","type":"post","link":"https:\/\/www.europesays.com\/fr\/310822\/","title":{"rendered":"bient\u00f4t de nouvelles voies mises en service entre Paris et la Seine-Saint-Denis"},"content":{"rendered":"<p>            Par<br \/>\n        <strong><br \/>\n            <a href=\"https:\/\/actu.fr\/auteur\/redaction-paris\" title=\"Consulter tous les articles de R\u00e9daction Paris\" target=\"_blank\" rel=\"noopener\">R\u00e9daction Paris<\/a><br \/>\n        <\/strong><\/p>\n<p>        Publi\u00e9 le<\/p>\n<p>            11 ao\u00fbt 2025 \u00e0 6h04        <\/p>\n<p>Depuis plusieurs mois, les usagers des <a href=\"https:\/\/actu.fr\/tag\/rer-b\" target=\"_blank\" rel=\"noopener\">RER<\/a> et des <a href=\"https:\/\/actu.fr\/tag\/transilien\" target=\"_blank\" rel=\"noopener\">Transilien<\/a> peuvent se rendre compte de la <strong>m\u00e9tamorphose du r\u00e9seau ferroviaire<\/strong> entre Paris et la <a href=\"https:\/\/actu.fr\/ile-de-france\/saint-denis_93066\" target=\"_blank\" rel=\"noopener\">Seine-Saint-Denis<\/a>. En cause, le gigantesque chantier du \u00ab<a href=\"https:\/\/actu.fr\/ile-de-france\/saint-denis_93066\/sncf-rer-transiliens-la-circulation-sera-fortement-perturbee-en-seine-saint-denis-et-a-paris-en-fevrier_62182348.html\" target=\"_blank\" rel=\"noopener\">\u2009pont des cath\u00e9drales<\/a>\u2009\u00bb, avec ses impressionnantes dimensions. Que les voyageurs se rassurent\u2009: les <strong>perturbations devraient nettement se tarir \u00e0 la rentr\u00e9e des vacances scolaires<\/strong>, d\u00e9but septembre\u00a02025. Car la <a href=\"https:\/\/actu.fr\/tag\/sncf\" target=\"_blank\" rel=\"noopener\">SNCF<\/a> entre dans la derni\u00e8re ligne droite de la modernisation de ses infrastructures dans le nord de la capitale.<\/p>\n<p>L\u2019un des axes les plus fr\u00e9quent\u00e9s d\u2019Europe<\/p>\n<p class=\" wall-content\">Pour ce faire, le groupe ferroviaire a d\u00e9cid\u00e9 de sanctuariser trois jours. D\u00e8s ce vendredi 15\u00a0ao\u00fbt, <strong>300 travailleurs<\/strong> seront \u00e0 pied-\u0153uvre en Seine-Saint-Denis. Objectif\u2009: <strong>raccorder de nouvelles voies<\/strong> destin\u00e9es \u00e0 fluidifier le trafic et \u00e0 am\u00e9liorer l\u2019offre de transports dans cette zone fr\u00e9quent\u00e9e par <strong>1,6\u00a0million de voyageurs par jour<\/strong>. \u00ab\u2009La mise en service de ces nouvelles infrastructures constitue une \u00e9tape importante dans l\u2019\u00e9volution de l\u2019exploitation de l\u2019axe nord\u2009\u00bb, indique la SNCF dans un <a href=\"https:\/\/actu.fr\/Users\/antoine.grotteria02\/Downloads\/CP%20mise%20en%20service%20nouvelles%20voies%20ferroviaires%20axe%20nord%20ao%C3%BBt%2025.pdf\" target=\"_blank\" rel=\"noopener\">communiqu\u00e9 de presse<\/a>.<\/p>\n<p class=\" wall-content\">Concr\u00e8tement, de nouvelles voies de garages positionn\u00e9es au <a href=\"https:\/\/actu.fr\/ile-de-france\/le-bourget_93013\" target=\"_blank\" rel=\"noopener\">Bourget<\/a> seront raccord\u00e9es au r\u00e9seau. Ces trois tron\u00e7ons \u00ab\u2009ont \u00e9t\u00e9 cr\u00e9\u00e9s pour permettre un fonctionnement des trains en navette\u2009\u00bb lors de travaux ou de perturbations li\u00e9es au trafic. Au lieu de s\u2019arr\u00eater, <strong>les trains acheminent les voyageurs jusqu\u2019aux gares du Bourget <\/strong>et de la<strong> Plaine Stade de France<\/strong>, o\u00f9 ils peuvent prendre une correspondance. Ces voies ouvrent de nouvelles possibilit\u00e9s en contournant les circuits encombr\u00e9s.<\/p>\n<p class=\" wall-content\">Les travaux men\u00e9s en fin de semaine auront pour cons\u00e9quence d\u2019interrompre le <a href=\"https:\/\/actu.fr\/ile-de-france\/paris_75056\/ratp-et-sncf-les-perturbations-attendues-dans-les-transports-a-paris-et-en-ile-de-france-cette-semaine-22_63019739.html\" target=\"_blank\" rel=\"noopener\">trafic<\/a> du RER B et de la ligne K entre la Gare du Nord et Mity-Claye du vendredi 15\u00a0ao\u00fbt au dimanche 17\u00a0ao\u00fbt.<\/p>\n<p class=\" wall-content\">Suivez toute l\u2019actualit\u00e9 de vos villes et m\u00e9dias favoris en vous inscrivant \u00e0 <a href=\"https:\/\/moncompte.actu.fr\" title=\"D\u00e9couvez Mon Actu\" rel=\"nofollow noopener\" data-trk=\"{&quot;cta&quot;:{&quot;action&quot;:&quot;https:\\\/\\\/moncompte.actu.fr&quot;,&quot;category&quot;:&quot;mon compte&quot;,&quot;from&quot;:&quot;article footer&quot;,&quot;name&quot;:&quot;Mon actu&quot;,&quot;type&quot;:&quot;cta&quot;}}\" target=\"_blank\">Mon Actu<\/a>.<\/p>\n","protected":false},"excerpt":{"rendered":"Par R\u00e9daction Paris Publi\u00e9 le 11 ao\u00fbt 2025 \u00e0 6h04 Depuis plusieurs mois, les usagers des RER et&hellip;\n","protected":false},"author":2,"featured_media":310823,"comment_status":"","ping_status":"","sticky":false,"template":"","format":"standard","meta":{"footnotes":""},"categories":[1888],"tags":[1111,1928,11,1927,1777,674,1011,27,12,1926,626,1925,25,2215,104,2086],"class_list":{"0":"post-310822","1":"post","2":"type-post","3":"status-publish","4":"format-standard","5":"has-post-thumbnail","7":"category-paris","8":"tag-actu","9":"tag-actu-paris","10":"tag-actualites","11":"tag-actualites-paris","12":"tag-eu","13":"tag-europe","14":"tag-fr","15":"tag-france","16":"tag-news","17":"tag-news-paris","18":"tag-paris","19":"tag-paris-news","20":"tag-republique-francaise","21":"tag-sncf","22":"tag-societe","23":"tag-travaux"},"share_on_mastodon":{"url":"https:\/\/pubeurope.com\/@fr\/115008220901578583","error":""},"_links":{"self":[{"href":"https:\/\/www.europesays.com\/fr\/wp-json\/wp\/v2\/posts\/310822","targetHints":{"allow":["GET"]}}],"collection":[{"href":"https:\/\/www.europesays.com\/fr\/wp-json\/wp\/v2\/posts"}],"about":[{"href":"https:\/\/www.europesays.com\/fr\/wp-json\/wp\/v2\/types\/post"}],"author":[{"embeddable":true,"href":"https:\/\/www.europesays.com\/fr\/wp-json\/wp\/v2\/users\/2"}],"replies":[{"embeddable":true,"href":"https:\/\/www.europesays.com\/fr\/wp-json\/wp\/v2\/comments?post=310822"}],"version-history":[{"count":0,"href":"https:\/\/www.europesays.com\/fr\/wp-json\/wp\/v2\/posts\/310822\/revisions"}],"wp:featuredmedia":[{"embeddable":true,"href":"https:\/\/www.europesays.com\/fr\/wp-json\/wp\/v2\/media\/310823"}],"wp:attachment":[{"href":"https:\/\/www.europesays.com\/fr\/wp-json\/wp\/v2\/media?parent=310822"}],"wp:term":[{"taxonomy":"category","embeddable":true,"href":"https:\/\/www.europesays.com\/fr\/wp-json\/wp\/v2\/categories?post=310822"},{"taxonomy":"post_tag","embeddable":true,"href":"https:\/\/www.europesays.com\/fr\/wp-json\/wp\/v2\/tags?post=310822"}],"curies":[{"name":"wp","href":"https:\/\/api.w.org\/{rel}","templated":true}]}}