{"id":310824,"date":"2025-08-11T04:23:45","date_gmt":"2025-08-11T04:23:45","guid":{"rendered":"https:\/\/www.europesays.com\/fr\/310824\/"},"modified":"2025-08-11T04:23:45","modified_gmt":"2025-08-11T04:23:45","slug":"le-musee-de-la-bnf-bnf","status":"publish","type":"post","link":"https:\/\/www.europesays.com\/fr\/310824\/","title":{"rendered":"Le mus\u00e9e de la BnF | BnF"},"content":{"rendered":"<p>Accessibilit\u00e9<\/p>\n<p>Les personnes en situation de handicap et leurs accompagnateurs b\u00e9n\u00e9ficient d\u2019un acc\u00e8s prioritaire et gratuit au mus\u00e9e, aux expositions et aux salles de lecture.<br \/>Accompagnement depuis l\u2019ext\u00e9rieur, sur rendez-vous, au 01 53 79 37 37 ou \u00e0\u00a0accueil.handicap@bnf.fr<\/p>\n<p>Des dispositifs de visite, accessibles en toute autonomie, sont propos\u00e9s aux personnes en situation de handicap visuel ou auditif &#8211;\u00a0bornes multim\u00e9dias, vid\u00e9os en LSF, dispositifs de m\u00e9diation tactiles avec audiodescription &#8211;\u00a0pour d\u00e9couvrir le site patrimonial, le mus\u00e9e et la salle\u00a0Ovale.<\/p>\n<p>Le <a class=\"link-default\" href=\"https:\/\/bnf.visite.zone\/\" rel=\"nofollow noopener\" target=\"_blank\">compagnon de visite sur t\u00e9l\u00e9phone<\/a> (pr\u00eat d\u2019appareil sur demande pour les personnes en situation de handicap) inclut deux parcours d\u00e9di\u00e9s aux personnes en situation de handicap visuel ou auditif, permettant d\u2019acc\u00e9der \u00e0 des contenus enrichis sur les espaces architecturaux et les \u0153uvres du\u00a0mus\u00e9e.<\/p>\n<p>\u00c0 noter\u00a0: pr\u00eats de mat\u00e9riel et de fauteuil\u00a0roulant, \u00e0 l\u2019accueil, sur d\u00e9p\u00f4t d\u2019une pi\u00e8ce\u00a0d\u2019identit\u00e9.<\/p>\n<p>Le dispositif Acceo est install\u00e9 \u00e0 tous les points d\u2019information \u00e0 l\u2019int\u00e9rieur du site.<br \/>\u00a0<\/p>\n","protected":false},"excerpt":{"rendered":"Accessibilit\u00e9 Les personnes en situation de handicap et leurs accompagnateurs b\u00e9n\u00e9ficient d\u2019un acc\u00e8s prioritaire et gratuit au mus\u00e9e,&hellip;\n","protected":false},"author":2,"featured_media":310825,"comment_status":"","ping_status":"","sticky":false,"template":"","format":"standard","meta":{"footnotes":""},"categories":[1888],"tags":[1111,1928,11,1927,1777,674,1011,27,12,1926,626,1925,25],"class_list":{"0":"post-310824","1":"post","2":"type-post","3":"status-publish","4":"format-standard","5":"has-post-thumbnail","7":"category-paris","8":"tag-actu","9":"tag-actu-paris","10":"tag-actualites","11":"tag-actualites-paris","12":"tag-eu","13":"tag-europe","14":"tag-fr","15":"tag-france","16":"tag-news","17":"tag-news-paris","18":"tag-paris","19":"tag-paris-news","20":"tag-republique-francaise"},"share_on_mastodon":{"url":"https:\/\/pubeurope.com\/@fr\/115008228730461455","error":""},"_links":{"self":[{"href":"https:\/\/www.europesays.com\/fr\/wp-json\/wp\/v2\/posts\/310824","targetHints":{"allow":["GET"]}}],"collection":[{"href":"https:\/\/www.europesays.com\/fr\/wp-json\/wp\/v2\/posts"}],"about":[{"href":"https:\/\/www.europesays.com\/fr\/wp-json\/wp\/v2\/types\/post"}],"author":[{"embeddable":true,"href":"https:\/\/www.europesays.com\/fr\/wp-json\/wp\/v2\/users\/2"}],"replies":[{"embeddable":true,"href":"https:\/\/www.europesays.com\/fr\/wp-json\/wp\/v2\/comments?post=310824"}],"version-history":[{"count":0,"href":"https:\/\/www.europesays.com\/fr\/wp-json\/wp\/v2\/posts\/310824\/revisions"}],"wp:featuredmedia":[{"embeddable":true,"href":"https:\/\/www.europesays.com\/fr\/wp-json\/wp\/v2\/media\/310825"}],"wp:attachment":[{"href":"https:\/\/www.europesays.com\/fr\/wp-json\/wp\/v2\/media?parent=310824"}],"wp:term":[{"taxonomy":"category","embeddable":true,"href":"https:\/\/www.europesays.com\/fr\/wp-json\/wp\/v2\/categories?post=310824"},{"taxonomy":"post_tag","embeddable":true,"href":"https:\/\/www.europesays.com\/fr\/wp-json\/wp\/v2\/tags?post=310824"}],"curies":[{"name":"wp","href":"https:\/\/api.w.org\/{rel}","templated":true}]}}