{"id":310827,"date":"2025-08-11T04:28:11","date_gmt":"2025-08-11T04:28:11","guid":{"rendered":"https:\/\/www.europesays.com\/fr\/310827\/"},"modified":"2025-08-11T04:28:11","modified_gmt":"2025-08-11T04:28:11","slug":"guerre-en-ukraine-aujourdhui-ils-sont-prives-de-leur-avenir-bientot-ils-seront-envoyes-au-combat-la-russie-lance-un-programme-de-formation-de-tireurs-delite-dest","status":"publish","type":"post","link":"https:\/\/www.europesays.com\/fr\/310827\/","title":{"rendered":"Guerre en Ukraine\u00a0: \u00ab\u00a0Aujourd\u2019hui, ils sont priv\u00e9s de leur avenir. Bient\u00f4t, ils seront envoy\u00e9s au combat\u00a0\u00bb\u2026 La Russie lance un programme de formation de tireurs d\u2019\u00e9lite destin\u00e9 aux enfants"},"content":{"rendered":"<p>\n                                                                Dans ce centre, des instructeurs exp\u00e9riment\u00e9s, dont 75\u00a0% sont des v\u00e9t\u00e9rans ayant particip\u00e9 aux combats en Ukraine, forment les enfants au tir d\u2019\u00e9lite.\n                            <\/p>\n<p>Form\u00e9s d\u00e8s le plus jeune \u00e2ge. Dans le territoire ukrainien occup\u00e9 de Louhansk, la Russie intensifie sa militarisation des enfants en lan\u00e7ant un nouveau programme de formation au tir d\u2019\u00e9lite. En 2025, le centre d\u2019\u00e9ducation militaro-patriotique <strong>\u00ab\u00a0Warrior\u00a0\u00bb <\/strong>a introduit cette formation sp\u00e9cialis\u00e9e, selon le m\u00e9dia ukrainien <a href=\"https:\/\/www.rbc.ua\/rus\/news\/rf-peretvoryue-ditey-zbroyu-luganshchini-1754833521.html\" target=\"_self\" rel=\"nofollow noopener\">RBC Ukraine<\/a>.<\/p>\n<p data-end=\"1019\" data-start=\"775\">Dans ce centre, des instructeurs exp\u00e9riment\u00e9s, dont <strong>75\u00a0% sont des v\u00e9t\u00e9rans ayant particip\u00e9 aux combats en Ukraine<\/strong>, entra\u00eenent les enfants.<strong> \u00ab\u00a0Aujourd\u2019hui, ces enfants sont priv\u00e9s de leur avenir. Dans quelques ann\u00e9es, ils seront envoy\u00e9s au front\u00a0\u00bb<\/strong>, alerte Oleksiy Kharchenko, chef des forces arm\u00e9es de l\u2019oblast de Louhansk, dans une boucle <a href=\"https:\/\/t.me\/luhanskaVTSA\/28934\" target=\"_self\" rel=\"nofollow\">Telegram<\/a>.<\/p>\n<p>Dans les territoires occup\u00e9s, une jeunesse endoctrin\u00e9e<\/p>\n<p>Dans les territoires occup\u00e9s, comme \u00e0 Louhansk, cette pr\u00e9paration militaire s\u2019accompagne d\u2019une strat\u00e9gie globale de \u00ab\u00a0russification\u00a0\u00bb des populations. Les autorit\u00e9s russes surveillent de pr\u00e8s les enfants ainsi que les enseignants, notamment \u00e0 travers des s\u00e9ances psychologiques. Dans la r\u00e9gion de Kherson, ces s\u00e9ances servent \u00e0<strong> identifier \u00ab\u00a0les signes de d\u00e9loyaut\u00e9 envers le r\u00e9gime russe\u00a0\u00bb<\/strong>, rapporte RBC Ukraine.<\/p>\n<p>Le conditionnement id\u00e9ologique et militaire ne se limite pas aux centres sp\u00e9cialis\u00e9s\u00a0: <strong>il s\u2019\u00e9tend aux colonies de vacances.<\/strong> Depuis 2022, des milliers d\u2019enfants ukrainiens sont envoy\u00e9s dans ces camps, o\u00f9 le programme insiste sur la fid\u00e9lit\u00e9 \u00e0 la Russie, rapportait en janvier\u00a02025 le m\u00e9dia suisse <a href=\"https:\/\/www.blick.ch\/fr\/monde\/poutine-forme-les-soldats-de-demain-moscou-emmene-des-milliers-denfants-ukrainiens-dans-des-camps-dendoctrinement-id20481644.html\" target=\"_self\" rel=\"nofollow noopener\">Blick<\/a>.<\/p>\n<p data-end=\"2047\" data-start=\"1942\">Olha Skrypnyk, pr\u00e9sidente du groupe de d\u00e9fense des droits humains Crim\u00e9e, explique\u00a0: \u00ab\u00a0Ils n\u2019appellent pas cela une r\u00e9\u00e9ducation ou une militarisation. <strong>Ils disent simplement que d\u2019autres enfants sont all\u00e9s dans ces camps,<\/strong> qu\u2019ils reviennent avec des cadeaux et qu\u2019ils vont bien.\u00a0\u00bb<\/p>\n<p data-end=\"2047\" data-start=\"1942\">Dans la Junarmija, la jeune arm\u00e9e russe, les enfants apprennent ainsi \u00e0 assembler des armes \u00e0 feu, \u00e0 tirer et \u00e0 secourir les bless\u00e9s. Beaucoup de ces enfants <strong>reviennent des camps \u00ab\u00a0avec une certaine empreinte id\u00e9ologique\u00a0\u00bb<\/strong>, explique Anastasia Stepula, experte du service public ukrainien pour les droits de l\u2019enfant. On essaie ainsi de d\u00e9velopper chez cette jeunesse des opinions patriotiques sur la Russie et une attitude belliqueuse envers l\u2019Ukraine.<\/p>\n","protected":false},"excerpt":{"rendered":"Dans ce centre, des instructeurs exp\u00e9riment\u00e9s, dont 75\u00a0% sont des v\u00e9t\u00e9rans ayant particip\u00e9 aux combats en Ukraine, forment&hellip;\n","protected":false},"author":2,"featured_media":310828,"comment_status":"","ping_status":"","sticky":false,"template":"","format":"standard","meta":{"footnotes":""},"categories":[1591],"tags":[11,1887,12,1885,1886,132],"class_list":{"0":"post-310827","1":"post","2":"type-post","3":"status-publish","4":"format-standard","5":"has-post-thumbnail","7":"category-russie","8":"tag-actualites","9":"tag-federation-de-russie","10":"tag-news","11":"tag-russia","12":"tag-russian-federation","13":"tag-russie"},"share_on_mastodon":{"url":"https:\/\/pubeurope.com\/@fr\/115008248452338975","error":""},"_links":{"self":[{"href":"https:\/\/www.europesays.com\/fr\/wp-json\/wp\/v2\/posts\/310827","targetHints":{"allow":["GET"]}}],"collection":[{"href":"https:\/\/www.europesays.com\/fr\/wp-json\/wp\/v2\/posts"}],"about":[{"href":"https:\/\/www.europesays.com\/fr\/wp-json\/wp\/v2\/types\/post"}],"author":[{"embeddable":true,"href":"https:\/\/www.europesays.com\/fr\/wp-json\/wp\/v2\/users\/2"}],"replies":[{"embeddable":true,"href":"https:\/\/www.europesays.com\/fr\/wp-json\/wp\/v2\/comments?post=310827"}],"version-history":[{"count":0,"href":"https:\/\/www.europesays.com\/fr\/wp-json\/wp\/v2\/posts\/310827\/revisions"}],"wp:featuredmedia":[{"embeddable":true,"href":"https:\/\/www.europesays.com\/fr\/wp-json\/wp\/v2\/media\/310828"}],"wp:attachment":[{"href":"https:\/\/www.europesays.com\/fr\/wp-json\/wp\/v2\/media?parent=310827"}],"wp:term":[{"taxonomy":"category","embeddable":true,"href":"https:\/\/www.europesays.com\/fr\/wp-json\/wp\/v2\/categories?post=310827"},{"taxonomy":"post_tag","embeddable":true,"href":"https:\/\/www.europesays.com\/fr\/wp-json\/wp\/v2\/tags?post=310827"}],"curies":[{"name":"wp","href":"https:\/\/api.w.org\/{rel}","templated":true}]}}