{"id":310829,"date":"2025-08-11T04:29:18","date_gmt":"2025-08-11T04:29:18","guid":{"rendered":"https:\/\/www.europesays.com\/fr\/310829\/"},"modified":"2025-08-11T04:29:18","modified_gmt":"2025-08-11T04:29:18","slug":"leurope-fait-front-avec-zelensky-avant-le-sommet-trump-poutine","status":"publish","type":"post","link":"https:\/\/www.europesays.com\/fr\/310829\/","title":{"rendered":"L\u2019Europe fait front avec Zelensky avant le sommet Trump-Poutine\u2026"},"content":{"rendered":"<p>\u00ab\u00a0R\u00e9union extraordinaire\u00a0\u00bb de pays de l\u2019UE ce lundi avec Zelensky<\/p>\n<p>Volodymyr Zelensky exhorte ses alli\u00e9s europ\u00e9ens, \u00e9galement \u00e9cart\u00e9s des pourparlers entre Donald Trump et Vladimir Poutine, \u00e0 adopter une approche commune. A cet \u00e9gard, la responsable de la diplomatie de l\u2019Union europ\u00e9enne, Kaja Kallas, a annonc\u00e9 dimanche une \u00ab\u00a0r\u00e9union extraordinaire\u00a0\u00bb ce lundi en visioconf\u00e9rence de ministres des Affaires \u00e9trang\u00e8res de pays de l\u2019UE, en pr\u00e9sence de leur homologue ukrainien, \u00ab\u00a0afin de discuter des prochaines \u00e9tapes\u00a0\u00bb.<\/p>\n<p>\u00ab\u00a0Le pr\u00e9sident Trump a raison de dire que la Russie doit mettre fin \u00e0 sa guerre contre l\u2019Ukraine. Les Etats-Unis ont le pouvoir de contraindre la Russie \u00e0 n\u00e9gocier s\u00e9rieusement\u00a0\u00bb, a-t-elle martel\u00e9. Mais, a-t-elle insist\u00e9, \u00ab\u00a0tout accord entre les Etats-Unis et la Russie doit inclure l\u2019Ukraine et l\u2019UE car c\u2019est une question de s\u00e9curit\u00e9 pour l\u2019Ukraine et pour l\u2019ensemble de l\u2019Europe\u00a0\u00bb, reprenant ainsi les arguments de chefs d\u2019Etat ou de gouvernement europ\u00e9ens.<\/p>\n<p>L\u2019Europe met la pression<\/p>\n<p> \u00abLa voie de la paix en Ukraine ne peut \u00eatre trac\u00e9e sans l\u2019Ukraine\u00a0\u00bb, ont mis en garde dans la nuit de samedi \u00e0 dimanche les dirigeants fran\u00e7ais, allemand, italien, polonais, britannique et finlandais, et la pr\u00e9sidente de la Commission europ\u00e9enne Ursula von\u00a0der\u00a0Leyen. Un communiqu\u00e9 commun a exhort\u00e9 le pr\u00e9sident am\u00e9ricain \u00e0 accro\u00eetre la \u00ab\u00a0pression\u00a0\u00bb sur la Russie.<\/p>\n<p>M\u00eame son de cloche du c\u00f4t\u00e9 des Etats d\u2019Europe du Nord et des Pays baltes \u2013 Danemark, Estonie, Finlande, Islande, Lettonie, Lituanie, Norv\u00e8ge et Su\u00e8de \u2013 pour lesquels il ne pourra y avoir \u00ab\u00a0aucune d\u00e9cision sur l\u2019Ukraine sans l\u2019Ukraine et aucune d\u00e9cision sur l\u2019Europe sans l\u2019Europe\u00a0\u00bb.<\/p>\n<p>L\u2019Allemagne veut que Zelensky soit invit\u00e9 le 15\u00a0ao\u00fbt en Alaska<\/p>\n<p>Le chancelier allemand Friedrich Merz a r\u00e9clam\u00e9 ce week-end que Volodymyr Zelensky soit au sommet Trump-Poutine du 15\u00a0ao\u00fbt, soulignant ne pouvoir \u00ab\u00a0en aucun cas accepter que les questions territoriales soient discut\u00e9es, voire d\u00e9cid\u00e9es, entre la Russie et les Etats-Unis sans consulter les Europ\u00e9ens et les Ukrainiens\u00a0\u00bb.<\/p>\n<p>Bienvenue dans ce nouveau Live<\/p>\n<p>Bonjour \u00e0 toutes et \u00e0 tous. Comme chaque jour, la r\u00e9daction de 20 Minutes est mobilis\u00e9e pour vous donner l\u2019ensemble des informations sur le conflit entre Kiev et Moscou.<\/p>\n<p>La semaine qui s\u2019ouvre va \u00eatre cruciale. Donald Trump et Vladimir Poutine vont en effet se rencontrer en Alaska vendredi afin de parler de la guerre en Ukraine. Mais ce sommet pourrait se faire au d\u00e9triment de Kiev. Le pr\u00e9sident ukrainien n\u2019est en effet pour l\u2019instant pas invit\u00e9 \u00e0 ces pourparlers alors que la question des \u00e9changes de territoires est pr\u00e9vue dans les discussions.<\/p>\n","protected":false},"excerpt":{"rendered":"\u00ab\u00a0R\u00e9union extraordinaire\u00a0\u00bb de pays de l\u2019UE ce lundi avec Zelensky Volodymyr Zelensky exhorte ses alli\u00e9s europ\u00e9ens, \u00e9galement \u00e9cart\u00e9s&hellip;\n","protected":false},"author":2,"featured_media":310830,"comment_status":"","ping_status":"","sticky":false,"template":"","format":"standard","meta":{"footnotes":""},"categories":[1590],"tags":[47,11,75,73,1777,674,131,74,12,132,220,555,135,134],"class_list":{"0":"post-310829","1":"post","2":"type-post","3":"status-publish","4":"format-standard","5":"has-post-thumbnail","7":"category-ukraine","8":"tag-actualite","9":"tag-actualites","10":"tag-donald-trump","11":"tag-etats-unis","12":"tag-eu","13":"tag-europe","14":"tag-guerre-en-ukraine","15":"tag-monde","16":"tag-news","17":"tag-russie","18":"tag-ukraine","19":"tag-union-europeenne-ue","20":"tag-vladimir-poutine","21":"tag-volodymyr-zelensky"},"share_on_mastodon":{"url":"https:\/\/pubeurope.com\/@fr\/115008253355623161","error":""},"_links":{"self":[{"href":"https:\/\/www.europesays.com\/fr\/wp-json\/wp\/v2\/posts\/310829","targetHints":{"allow":["GET"]}}],"collection":[{"href":"https:\/\/www.europesays.com\/fr\/wp-json\/wp\/v2\/posts"}],"about":[{"href":"https:\/\/www.europesays.com\/fr\/wp-json\/wp\/v2\/types\/post"}],"author":[{"embeddable":true,"href":"https:\/\/www.europesays.com\/fr\/wp-json\/wp\/v2\/users\/2"}],"replies":[{"embeddable":true,"href":"https:\/\/www.europesays.com\/fr\/wp-json\/wp\/v2\/comments?post=310829"}],"version-history":[{"count":0,"href":"https:\/\/www.europesays.com\/fr\/wp-json\/wp\/v2\/posts\/310829\/revisions"}],"wp:featuredmedia":[{"embeddable":true,"href":"https:\/\/www.europesays.com\/fr\/wp-json\/wp\/v2\/media\/310830"}],"wp:attachment":[{"href":"https:\/\/www.europesays.com\/fr\/wp-json\/wp\/v2\/media?parent=310829"}],"wp:term":[{"taxonomy":"category","embeddable":true,"href":"https:\/\/www.europesays.com\/fr\/wp-json\/wp\/v2\/categories?post=310829"},{"taxonomy":"post_tag","embeddable":true,"href":"https:\/\/www.europesays.com\/fr\/wp-json\/wp\/v2\/tags?post=310829"}],"curies":[{"name":"wp","href":"https:\/\/api.w.org\/{rel}","templated":true}]}}