{"id":310831,"date":"2025-08-11T04:30:25","date_gmt":"2025-08-11T04:30:25","guid":{"rendered":"https:\/\/www.europesays.com\/fr\/310831\/"},"modified":"2025-08-11T04:30:25","modified_gmt":"2025-08-11T04:30:25","slug":"les-vaccins-a-arnm-definances-aux-etats-unis-un-coup-de-massue-pour-la-science","status":"publish","type":"post","link":"https:\/\/www.europesays.com\/fr\/310831\/","title":{"rendered":"Les vaccins \u00e0 ARNm d\u00e9financ\u00e9s aux \u00c9tats-Unis\u00a0: un \u00ab\u00a0coup de massue\u00a0\u00bb pour la science"},"content":{"rendered":"<p class=\"sc-jbo7hw-7 bDkRIk\">Le secr\u00e9taire am\u00e9ricain \u00e0 la Sant\u00e9, Robert F.\u00a0Kennedy\u00a0Jr., a annonc\u00e9 cette semaine que les \u00c9tats-Unis cesseront de financer le d\u00e9veloppement des vaccins \u00e0 ARN messager\u00a0(ARNm). Pour ceux qui \u00e9tudient cette technologie depuis des d\u00e9cennies, cette d\u00e9cision est incompr\u00e9hensible.<\/p>\n<p class=\"sc-jbo7hw-7 bDkRIk\">C&rsquo;est une erreur. Nous allons perdre la possibilit\u00e9 de gu\u00e9rir des maladies, pr\u00e9vient Jeff Coller, professeur au d\u00e9partement de biologie et de th\u00e9rapie de l&rsquo;ARN de l&rsquo;Universit\u00e9 Johns Hopkins, \u00e0 Baltimore.<\/p>\n<p class=\"sc-jbo7hw-7 bDkRIk\">Au total, 22\u00a0projets de recherche portant sur le d\u00e9veloppement de traitements contre la grippe aviaire ou encore la grippe porcine seront annul\u00e9s. Cela repr\u00e9sente environ 500\u00a0millions de dollars am\u00e9ricains en subventions.<\/p>\n<p class=\"sc-jbo7hw-7 bDkRIk\">Comme de nombreux chercheurs dans le domaine, Pierre Thibault est outr\u00e9. C\u2019est vraiment troublant. C\u2019est un coup de massue qui pourrait avoir des cons\u00e9quences tr\u00e8s n\u00e9fastes, voire m\u00eame irr\u00e9parables, dit ce professeur au D\u00e9partement de chimie de l\u2019Universit\u00e9 de Montr\u00e9al, qui dirige l\u2019unit\u00e9 de recherche en prot\u00e9omique et spectrom\u00e9trie de masse bioanalytique de l\u2019Institut de recherche en immunologie et en canc\u00e9rologie.<\/p>\n<p class=\"sc-jbo7hw-7 bDkRIk\">Thomas Duchaine, professeur et directeur du d\u00e9partement de biochimie de l&rsquo;Universit\u00e9 McGill, abonde dans le m\u00eame sens.<\/p>\n<blockquote class=\"sc-ym8j07-0 kJvxpW text-gray700 light:text-gray700 dark:text-gray200\">\n<p class=\"sc-ym8j07-1 jhkebe !font-display text-6 leading-5 xsToSm:text-5 font-bold text-gray700 light:text-gray700 dark:text-gray200 font-medium\">C\u2019est un drame pour la recherche. Il y avait beaucoup de momentum venant des \u00c9tats-Unis. On vient de perdre un chef de file dans la recherche ARNm.<\/p>\n<p>Une citation de Thomas Duchaine, directeur du d\u00e9partement de biochimie de l&rsquo;Universit\u00e9\u00a0McGill<\/p><\/blockquote>\n<p class=\"sc-jbo7hw-7 bDkRIk\">Ce professeur comprend mal la d\u00e9cision de Robert F.\u00a0Kennedy\u00a0Jr., alors que le pr\u00e9sident am\u00e9ricain, Donald Trump, avait, lors de son premier mandat, financ\u00e9 l&rsquo;op\u00e9ration Warp Speed, une initiative visant \u00e0 acc\u00e9l\u00e9rer le d\u00e9veloppement d&rsquo;un vaccin contre le coronavirus.<\/p>\n<p class=\"sc-jbo7hw-7 bDkRIk\">Pour l&rsquo;Alliance for mRNA Medicines (AMM), un organisme vou\u00e9 \u00e0 la promotion des th\u00e9rapies et des vaccins \u00e0 base d&rsquo;ARNm, Warp Speed a marqu\u00e9 le d\u00e9but d&rsquo;un nouveau chapitre dans le domaine de la biotechnologie.<\/p>\n<p class=\"sc-jbo7hw-7 bDkRIk\">Selon eux, l&rsquo;op\u00e9ration a plac\u00e9 les \u00c9tats-Unis \u00e0 l&rsquo;avant-garde de ce que beaucoup d\u2019experts consid\u00e8rent comme la quatri\u00e8me grande vague d&rsquo;innovation pharmaceutique, apr\u00e8s les m\u00e9dicaments \u00e0 petites mol\u00e9cules, les produits biologiques et les th\u00e9rapies cellulaires et g\u00e9niques.<\/p>\n<p class=\"sc-jbo7hw-7 bDkRIk\">Sans compter que le lendemain de son assermentation, en janvier, le pr\u00e9sident Trump chantait les louanges du milliardaire et entrepreneur technologique Larry Ellison pour ses investissements en recherche et d\u00e9veloppement de vaccins \u00e0 ARNm contre le cancer.<\/p>\n<p class=\"sc-jbo7hw-7 bDkRIk\">Toutefois, lorsque Robert F.\u00a0Kennedy\u00a0Jr., qui a un penchant pour les th\u00e9ories du complot et tient un discours antivaccins, a \u00e9t\u00e9 nomm\u00e9 secr\u00e9taire \u00e0 la Sant\u00e9, plusieurs ont commenc\u00e9 \u00e0 craindre que cette technologie, qui est pourtant une source d\u2019espoir dans la lutte contre le cancer, soit mise au rancart.<\/p>\n<p class=\"sc-jbo7hw-7 bDkRIk\">Pourquoi le pr\u00e9sident Trump permet-il \u00e0 RFK\u00a0Jr. de ternir son h\u00e9ritage, celui d&rsquo;avoir mis en place cette intervention m\u00e9dicale qui a sauv\u00e9 des milliers de vies?, demande M.\u00a0Coller, qui est \u00e9galement membre de l\u2019Alliance for mRNA Medicines.<\/p>\n<p><img decoding=\"async\" alt=\"Un homme parle dans un micro et une femme tient une pancarte \u00e0 l'arri\u00e8re.\" class=\"absolute left-0 top-0 size-full object-cover transition-opacity ease-out print:relative html-dark:brightness-[.8]\" loading=\"lazy\" src=\"https:\/\/www.europesays.com\/fr\/wp-content\/uploads\/2025\/08\/kennedy-vaccins.jpg\"\/>Ouvrir en mode plein \u00e9cran<\/p>\n<p class=\"sc-ic6be9-2 kYrgAK\">Robert F. Kennedy Jr. parle lors d&rsquo;un rassemblement pour appuyer le droit aux exemptions religieuses pour la vaccination en f\u00e9vrier 2019 \u00e0 Olympia, dans l&rsquo;\u00c9tat de Washington.\n<\/p>\n<p class=\"sc-ic6be9-1 cJJtvJ text-gray600 light:text-gray600 dark:text-gray400\">Photo : Associated Press \/ Ted S. Warren<\/p>\n<p>Une d\u00e9cision qui n\u2019est pas fond\u00e9e sur des faits ni sur la science<\/p>\n<p class=\"sc-jbo7hw-7 bDkRIk\">Pour justifier sa d\u00e9cision, le secr\u00e9taire Kennedy dit avoir examin\u00e9 les donn\u00e9es scientifiques, \u00e9cout\u00e9 les experts.<\/p>\n<p class=\"sc-jbo7hw-7 bDkRIk\">Mais o\u00f9 sont ces donn\u00e9es qu&rsquo;il utilise pour discr\u00e9diter la technologie, demande Jeff Coller? Il ne divulgue pas au public les donn\u00e9es qu&rsquo;il pr\u00e9tend avoir utilis\u00e9es pour prendre sa d\u00e9cision. Il met les freins pour des raisons politiques.<\/p>\n<p class=\"sc-jbo7hw-7 bDkRIk\">Pourtant, pr\u00e9cise M.\u00a0Duchaine, il n\u2019y a pas un vaccin qui a \u00e9t\u00e9 \u00e9valu\u00e9 \u00e0 aussi grande \u00e9chelle [que celui contre la COVID-19].<\/p>\n<p class=\"sc-jbo7hw-7 bDkRIk\">De nombreuses \u00e9tudes \u00e9valu\u00e9es par des pairs ont montr\u00e9 que les vaccins \u00e0 ARNm ont \u00e9t\u00e9 tr\u00e8s efficaces pour pr\u00e9venir les formes graves de la maladie et se sont r\u00e9v\u00e9l\u00e9s \u00e0 maintes reprises extr\u00eamement s\u00fbrs. Des chercheurs ont estim\u00e9 que le vaccin \u00e0 ARNm contre la COVID-19 a sauv\u00e9 <a tabindex=\"0\" class=\"border-b border-solid transition-colors text-blue600 hover:text-blue600 light:text-blue600 light:hover:text-blue600 dark:text-blue400 dark:hover:text-blue400 border-gray900\/25 light:border-gray900\/25 dark:border-gray100\/25 hover:border-blue600 light:hover:border-blue600 dark:hover:border-blue400 hover:bg-gray999\/10 light:hover:bg-gray999\/10 dark:hover:bg-gray0\/10\" href=\"https:\/\/www.thelancet.com\/journals\/laninf\/article\/PIIS1473-3099(22)00320-6\/fulltext\" rel=\"noreferrer nofollow noopener\" target=\"_blank\">20\u00a0millions de personnes\u00a0(nouvelle fen\u00eatre)<\/a>.<\/p>\n<p>Une technologie pas si nouvelle<\/p>\n<p class=\"sc-jbo7hw-7 bDkRIk\">Malgr\u00e9 tout, cette technologie est trop nouvelle pour \u00eatre utilis\u00e9e \u00e0 grande \u00e9chelle, soutient le secr\u00e9taire Kennedy pour justifier l\u2019annulation des subventions.<\/p>\n<p class=\"sc-jbo7hw-7 bDkRIk\">Pourtant, derri\u00e8re le rapide d\u00e9ploiement des vaccins \u00e0 ARNm contre la COVID-19 se cachent des d\u00e9cennies de recherche.<\/p>\n<p class=\"sc-jbo7hw-7 bDkRIk\">Les gens pensent que tout \u00e7a a \u00e9t\u00e9 d\u00e9velopp\u00e9 rapidement, mais c\u2019est bas\u00e9 sur une cinquantaine d\u2019ann\u00e9es de recherche. Ce sont des recherches fondamentales de tr\u00e8s longue haleine, explique Thomas Duchaine.<\/p>\n<p class=\"sc-jbo7hw-7 bDkRIk\">En\u00a02023, la Hongroise Katalin Kariko et l\u2019Am\u00e9ricain Drew Weissman ont <a tabindex=\"0\" class=\"border-b border-solid transition-colors text-blue600 hover:text-blue600 light:text-blue600 light:hover:text-blue600 dark:text-blue400 dark:hover:text-blue400 border-gray900\/25 light:border-gray900\/25 dark:border-gray100\/25 hover:border-blue600 light:hover:border-blue600 dark:hover:border-blue400 hover:bg-gray999\/10 light:hover:bg-gray999\/10 dark:hover:bg-gray0\/10\" href=\"https:\/\/ici.radio-canada.ca\/nouvelle\/2014429\/kariko-weissman-nobel-medecine-vaccins-arn-messager\" rel=\"nofollow noopener\" target=\"_blank\">remport\u00e9 le prix Nobel de m\u00e9decine<\/a> pour leurs contributions au domaine des vaccins \u00e0 ARN messager, mais ils ont commenc\u00e9 \u00e0 \u00e9tudier le potentiel th\u00e9rapeutique de l\u2019ARNm d\u00e8s la fin des ann\u00e9es\u00a01990.<\/p>\n<p><img decoding=\"async\" alt=\"Drew Weissman et Katalin Kariko, derri\u00e8re un bureau.\" class=\"absolute left-0 top-0 size-full object-cover transition-opacity ease-out print:relative html-dark:brightness-[.8]\" loading=\"lazy\" src=\"https:\/\/www.europesays.com\/fr\/wp-content\/uploads\/2025\/08\/katalin-kariko-drew-weissman-nobel-medecine.jpg\"\/>Ouvrir en mode plein \u00e9cran<\/p>\n<p class=\"sc-ic6be9-2 kYrgAK\">La Hongroise Katalin Kariko et l\u2019Am\u00e9ricain Drew Weissman ont remport\u00e9 le prix Nobel de m\u00e9decine gr\u00e2ce \u00e0 leurs avanc\u00e9es dans le domaine des vaccins \u00e0 ARN messager.<\/p>\n<p class=\"sc-ic6be9-1 cJJtvJ text-gray600 light:text-gray600 dark:text-gray400\">Photo : Reuters \/ PEGGY PETERSON\/PENN MEDICINE<\/p>\n<p class=\"sc-jbo7hw-7 bDkRIk\">De nombreux chercheurs canadiens ont \u00e9galement contribu\u00e9 \u00e0 ce domaine, souligne Silvia Vidal, professeure de physiologie microbienne\/g\u00e9n\u00e9tique au d\u00e9partement de microbiologie et d&rsquo;immunologie de l&rsquo;Universit\u00e9\u00a0McGill.<\/p>\n<p class=\"sc-jbo7hw-7 bDkRIk\">Par exemple, dans les ann\u00e9es\u00a01970, le <a tabindex=\"0\" class=\"border-b border-solid transition-colors text-blue600 hover:text-blue600 light:text-blue600 light:hover:text-blue600 dark:text-blue400 dark:hover:text-blue400 border-gray900\/25 light:border-gray900\/25 dark:border-gray100\/25 hover:border-blue600 light:hover:border-blue600 dark:hover:border-blue400 hover:bg-gray999\/10 light:hover:bg-gray999\/10 dark:hover:bg-gray0\/10\" href=\"https:\/\/cihr-irsc.gc.ca\/f\/54321.html\" rel=\"noreferrer nofollow noopener\" target=\"_blank\">biochimiste Pieter Cullis\u00a0(nouvelle fen\u00eatre)<\/a> a cr\u00e9\u00e9 \u00e0 l&rsquo;Universit\u00e9 de la Colombie-Britannique des nanoparticules de lipides, de minuscules enveloppes biologiques qui permettent de transporter les m\u00e9dicaments dans notre organisme. Sa technologie est au c\u0153ur des vaccins \u00e0 base d&rsquo;ARNm contre la COVID-19.<\/p>\n<p><img decoding=\"async\" alt=\"Dessin repr\u00e9sentant l'ARN messager, entour\u00e9 d'une couche de protection, qui passe au travers d'une membrane cellulaire. \" class=\"absolute left-0 top-0 size-full object-cover transition-opacity ease-out print:relative html-dark:brightness-[.8]\" loading=\"lazy\" src=\"https:\/\/www.europesays.com\/fr\/wp-content\/uploads\/2025\/08\/arn-messager-nanoparticule-lipidique-vaccin-covid-19.jpg\"\/>Ouvrir en mode plein \u00e9cran<\/p>\n<p class=\"sc-ic6be9-2 kYrgAK\">L&rsquo;ARN messager (en jaune) doit \u00eatre prot\u00e9g\u00e9 par une forme de \u00abbulle\u00bb, appel\u00e9e nanoparticule lipidique, qui lui permet aussi de p\u00e9n\u00e9trer dans la cellule.<\/p>\n<p class=\"sc-ic6be9-1 cJJtvJ text-gray600 light:text-gray600 dark:text-gray400\">Photo : Acuitas Therapeutics<\/p>\n<blockquote class=\"sc-ym8j07-0 kJvxpW text-gray700 light:text-gray700 dark:text-gray200\">\n<p class=\"sc-ym8j07-1 jhkebe !font-display text-6 leading-5 xsToSm:text-5 font-bold text-gray700 light:text-gray700 dark:text-gray200 font-medium\">C\u2019est pourquoi on a pu d\u00e9velopper des vaccins contre la COVID-19 si rapidement\u00a0: on avait les bases scientifiques.<\/p>\n<p>Une citation de Pierre Thibault, Universit\u00e9 de Montr\u00e9al<\/p><\/blockquote>\n<p>L&rsquo;ARNm et son r\u00f4le dans le d\u00e9veloppement de traitements th\u00e9rapeutiques <\/p>\n<p class=\"sc-jbo7hw-7 bDkRIk\">M\u00eame avant la pand\u00e9mie, l&rsquo;utilisation de vaccins \u00e0 ARNm faisait l&rsquo;objet d&rsquo;\u00e9tudes pour lutter contre la grippe, le virus Zika, le virus de la rage et le cytom\u00e9galovirus, ainsi que le cancer et certaines maladies rares.<\/p>\n<p class=\"sc-jbo7hw-7 bDkRIk\">Plus nous \u00e9tudions le potentiel th\u00e9rapeutique de l\u2019ARNm, plus nous voyons que les possibilit\u00e9s sont tr\u00e8s vastes, explique Silvia Vidal, qui contribue \u00e0 l&rsquo;initiative de recherche De l\u2019ADN \u00e0 l\u2019ARN (D2R), avec de nombreux chercheurs canadiens, dont Thomas Duchaine. Leur but\u00a0: mettre au point des m\u00e9dicaments r\u00e9volutionnaires de type ARN, bas\u00e9s sur la g\u00e9nomique.<\/p>\n<p class=\"sc-jbo7hw-7 bDkRIk\">\u00c0 ce jour, il y a plus de <a tabindex=\"0\" class=\"border-b border-solid transition-colors text-blue600 hover:text-blue600 light:text-blue600 light:hover:text-blue600 dark:text-blue400 dark:hover:text-blue400 border-gray900\/25 light:border-gray900\/25 dark:border-gray100\/25 hover:border-blue600 light:hover:border-blue600 dark:hover:border-blue400 hover:bg-gray999\/10 light:hover:bg-gray999\/10 dark:hover:bg-gray0\/10\" href=\"https:\/\/www.sciencedirect.com\/science\/article\/abs\/pii\/S2666634024004562\" rel=\"noreferrer nofollow noopener\" target=\"_blank\">120\u00a0essais cliniques en cours pour tester l&rsquo;efficacit\u00e9 de divers vaccins ARNm\u00a0(nouvelle fen\u00eatre)<\/a>. R\u00e9cemment, une petite \u00e9tude a montr\u00e9 des r\u00e9sultats tr\u00e8s prometteurs dans le cas de <a tabindex=\"0\" class=\"border-b border-solid transition-colors text-blue600 hover:text-blue600 light:text-blue600 light:hover:text-blue600 dark:text-blue400 dark:hover:text-blue400 border-gray900\/25 light:border-gray900\/25 dark:border-gray100\/25 hover:border-blue600 light:hover:border-blue600 dark:hover:border-blue400 hover:bg-gray999\/10 light:hover:bg-gray999\/10 dark:hover:bg-gray0\/10\" href=\"https:\/\/www.google.com\/search?q=pancreatic+cancer+mnra+vaccin+nature+trial&amp;oq=pancreatic+cancer+mnra+vaccin+nature+trial&amp;gs_lcrp=EgZjaHJvbWUyBggAEEUYOTIJCAEQIRgKGKAB0gEINzI5NmowajSoAgCwAgE&amp;sourceid=chrome&amp;ie=UTF-8#:~:text=RNA%20neoantigen%20vaccines%20prime%20long%2Dlived%20CD8%2B%20T%20cells%20in%20...,https%3A\/\/www.nature.com%20%E2%80%BA%20articles\" rel=\"noreferrer nofollow noopener\" target=\"_blank\">patients atteints d&rsquo;un cancer du pancr\u00e9as\u00a0(nouvelle fen\u00eatre)<\/a>.<\/p>\n<p class=\"sc-jbo7hw-7 bDkRIk\">La pand\u00e9mie a mis en lumi\u00e8re la capacit\u00e9 des vaccins \u00e0 ARNm \u00e0 \u00eatre mis au point et produits bien plus rapidement que les vaccins traditionnels.<\/p>\n<p class=\"sc-jbo7hw-7 bDkRIk\">M. Thibault, qui travaille \u00e0 un vaccin contre le cancer, est convaincu que cette technologie est essentielle pour l&rsquo;\u00e9laboration de th\u00e9rapies personnalis\u00e9es et est possible gr\u00e2ce \u00e0 sa grande flexibilit\u00e9.<\/p>\n<p>La peur de l\u2019inconnu, une autre frein aux financement<\/p>\n<p class=\"sc-jbo7hw-7 bDkRIk\">Malheureusement, le message du potentiel extraordinaire de cette technologie risque d\u2019\u00eatre \u00e9clips\u00e9 par les propos de M.\u00a0Kennedy, qui a d\u2019ailleurs qualifi\u00e9 le vaccin \u00e0 ARNm contre la COVID-19 de vaccin le plus mortel jamais fabriqu\u00e9.<\/p>\n<blockquote class=\"sc-ym8j07-0 kJvxpW text-gray700 light:text-gray700 dark:text-gray200\">\n<p class=\"sc-ym8j07-1 jhkebe !font-display text-6 leading-5 xsToSm:text-5 font-bold text-gray700 light:text-gray700 dark:text-gray200 font-medium\">Comme chercheur, c\u2019est un peu d\u00e9sarmant de voir que la population peut facilement acheter des arguments qui ne sont pas fond\u00e9s sur des recherches.<\/p>\n<p>Une citation de Pierre Thibault, professeur au D\u00e9partement de chimie de l&rsquo;Universit\u00e9 de Montr\u00e9al<\/p><\/blockquote>\n<p class=\"sc-jbo7hw-7 bDkRIk\">Malgr\u00e9 cela, le professeur Coller comprend la m\u00e9fiance de certaines personnes.<\/p>\n<p class=\"sc-jbo7hw-7 bDkRIk\">Le fait que que la technologie ARNm ait \u00e9t\u00e9 introduite pour la premi\u00e8re fois sous forme de vaccin en pand\u00e9mie, alors qu\u2019il y avait beaucoup d\u2019angoisse, cela a contribu\u00e9 \u00e0 la m\u00e9fiance. Si la technologie ARNm avait \u00e9t\u00e9 pr\u00e9sent\u00e9e au public en premier comme un traitement contre le cancer, nous serions probablement dans une situation tr\u00e8s diff\u00e9rente aujourd&rsquo;hui.<\/p>\n<p>Les \u00c9tats-Unis seront \u00e0 la tra\u00eene<\/p>\n<p class=\"sc-jbo7hw-7 bDkRIk\">Toutes ces avanc\u00e9es scientifiques risquent de stagner, s\u2019inqui\u00e8te M.\u00a0Thibault. Ces domaines n\u00e9cessitent des investissements \u00e0 long terme. Toute forme d&rsquo;instabilit\u00e9 financi\u00e8re va compromettre la translation de nouvelles d\u00e9couvertes en application clinique.<\/p>\n<p class=\"sc-jbo7hw-7 bDkRIk\">Il n\u2019est pas clair si M.\u00a0Kennedy interdira toutes les th\u00e9rapies \u00e0 base d&rsquo;ARNm en cours de d\u00e9veloppement contre le cancer, les maladies auto-immunes et les maladies g\u00e9n\u00e9tiques rares.<\/p>\n<p class=\"sc-jbo7hw-7 bDkRIk\">D\u00e9j\u00e0, certains \u00c9tats am\u00e9ricains tentent d\u2019interdire ou de restreindre l&rsquo;utilisation des m\u00e9dicaments \u00e0 base d&rsquo;ARNm pour les maladies infectieuses.<\/p>\n<p><img decoding=\"async\" alt=\"Deux femmes travaillent dans un laboratoire.\" class=\"absolute left-0 top-0 size-full object-cover transition-opacity ease-out print:relative html-dark:brightness-[.8]\" loading=\"lazy\" src=\"https:\/\/www.europesays.com\/fr\/wp-content\/uploads\/2025\/08\/vaccin-arnm-covid-allemagne.jpg\"\/>Ouvrir en mode plein \u00e9cran<\/p>\n<p class=\"sc-ic6be9-2 kYrgAK\">L&rsquo;Allemagne est l&rsquo;un des pays qui investit beaucoup dans la recherche sur les vaccins \u00e0 ARNm. BioNTech, une soci\u00e9t\u00e9 allemande de biotechnologie, a collabor\u00e9 avec Pfizer pour mettre au point un vaccin contre la COVID-19.<\/p>\n<p class=\"sc-ic6be9-1 cJJtvJ text-gray600 light:text-gray600 dark:text-gray400\">Photo : Reuters \/ WOLFGANG RATTAY<\/p>\n<p class=\"sc-jbo7hw-7 bDkRIk\">Ce type d\u2019intervention politique jette un froid sur le milieu acad\u00e9mique et pharmaceutique, d\u00e9plore M.\u00a0Coller.<\/p>\n<p class=\"sc-jbo7hw-7 bDkRIk\">De plus en plus de chercheurs craignent de ne plus pouvoir faire leur travail. Il y a des chercheurs en canc\u00e9rologie p\u00e9diatrique qui n\u2019osent pas parler de leur recherche li\u00e9e \u00e0 l\u2019ARNm parce qu\u2019ils ont peur que leur financement soit retir\u00e9 et que ces enfants ne soient pas trait\u00e9s, raconte le professeur Coller.<\/p>\n<p class=\"sc-jbo7hw-7 bDkRIk\">Certains chercheurs songent \u00e0 modifier leur champ de recherche ou \u00e0 s\u2019\u00e9tablir dans un autre pays.<\/p>\n<p class=\"sc-jbo7hw-7 bDkRIk\">Et puisque Robert F.\u00a0Kennedy\u00a0Jr. est \u00e9galement responsable de l\u2019Agence am\u00e9ricaine des m\u00e9dicaments\u00a0(FDA), certaines entreprises qui souhaitent investir dans cette technologie redoutent que leurs nouvelles th\u00e9rapies soient rejet\u00e9es pour des raisons politiques.<\/p>\n<p class=\"sc-jbo7hw-7 bDkRIk\">Essentiellement, on dit que la technologie ARNm n&rsquo;est tout simplement pas la bienvenue aux \u00c9tats-Unis, dit M.\u00a0Coller, qui ajoute que, dans ce contexte, les soci\u00e9t\u00e9s pharmaceutiques pr\u00e9f\u00e9reront investir ailleurs qu\u2019aux \u00c9tats-Unis.<\/p>\n<p class=\"sc-jbo7hw-7 bDkRIk\">Selon l\u2019Alliance for mRNA Medicines (AMM), environ deux tiers des emplois dans le secteur de l&rsquo;ARNm sont bas\u00e9s aux \u00c9tats-Unis.<\/p>\n<p class=\"sc-jbo7hw-7 bDkRIk\">Contrairement aux Am\u00e9ricains, la Chine, mais aussi la France, l\u2019Allemagne et le Canada multiplient leurs investissements dans la recherche sur l\u2019ARNm.<\/p>\n<p class=\"sc-jbo7hw-7 bDkRIk\">Au Canada, l&rsquo;<a tabindex=\"0\" class=\"border-b border-solid transition-colors text-blue600 hover:text-blue600 light:text-blue600 light:hover:text-blue600 dark:text-blue400 dark:hover:text-blue400 border-gray900\/25 light:border-gray900\/25 dark:border-gray100\/25 hover:border-blue600 light:hover:border-blue600 dark:hover:border-blue400 hover:bg-gray999\/10 light:hover:bg-gray999\/10 dark:hover:bg-gray0\/10\" href=\"https:\/\/www.mcgill.ca\/dna-to-rna\/\" rel=\"noreferrer nofollow noopener\" target=\"_blank\">initiative de recherche De l\u2019ADN \u00e0 l\u2019ARN (D2R)\u00a0(nouvelle fen\u00eatre)<\/a> de l\u2019Universit\u00e9\u00a0McGill a obtenu un financement de 165\u00a0millions de dollars du Fonds d&rsquo;excellence en recherche Apog\u00e9e Canada, du gouvernement du Qu\u00e9bec et de partenaires philanthropiques et industriels.<\/p>\n<p class=\"sc-jbo7hw-7 bDkRIk\">MM. Thibault et Duchaine, ainsi que Mme\u00a0Vidal, souhaitent toutefois que le Canada investisse davantage dans ce domaine afin de combler le vide laiss\u00e9 par les \u00c9tats-Unis.<\/p>\n<p>La m\u00e9decine et la science dans la mire de RFK\u00a0Jr.<\/p>\n<p class=\"sc-jbo7hw-7 bDkRIk\">L&rsquo;annonce de M.\u00a0Kennedy sur les vaccins \u00e0 ARNm signale un changement dans les priorit\u00e9s en mati\u00e8re de d\u00e9veloppement de vaccins, peut-on lire dans le communiqu\u00e9 de presse du d\u00e9partement de la Sant\u00e9.<\/p>\n<p class=\"sc-jbo7hw-7 bDkRIk\">Depuis son entr\u00e9e en fonction, Robert F.\u00a0Kennedy\u00a0Jr. a souvent <a tabindex=\"0\" class=\"border-b border-solid transition-colors text-blue600 hover:text-blue600 light:text-blue600 light:hover:text-blue600 dark:text-blue400 dark:hover:text-blue400 border-gray900\/25 light:border-gray900\/25 dark:border-gray100\/25 hover:border-blue600 light:hover:border-blue600 dark:hover:border-blue400 hover:bg-gray999\/10 light:hover:bg-gray999\/10 dark:hover:bg-gray0\/10\" href=\"https:\/\/ici.radio-canada.ca\/nouvelle\/2156009\/kennedy-jr-engagement-trouver-cause-autisme-avant-septembre-experts-doutent\" rel=\"nofollow noopener\" target=\"_blank\">laiss\u00e9 entendre que les vaccins<\/a> pourraient avoir un lien avec l&rsquo;autisme, m\u00eame si des d\u00e9cennies de recherche ont conclu qu<a tabindex=\"0\" class=\"border-b border-solid transition-colors text-blue600 hover:text-blue600 light:text-blue600 light:hover:text-blue600 dark:text-blue400 dark:hover:text-blue400 border-gray900\/25 light:border-gray900\/25 dark:border-gray100\/25 hover:border-blue600 light:hover:border-blue600 dark:hover:border-blue400 hover:bg-gray999\/10 light:hover:bg-gray999\/10 dark:hover:bg-gray0\/10\" href=\"https:\/\/ici.radio-canada.ca\/info\/videos\/media-7279500\/vaccins-et-autisme-aucun-lien-selon-lassociation-medicale-americaine\" rel=\"nofollow noopener\" target=\"_blank\">&lsquo;il n&rsquo;y a aucune corr\u00e9lation entre les deux<\/a>.<\/p>\n<p class=\"sc-jbo7hw-7 bDkRIk\">Il a annonc\u00e9 l\u2019annulation d\u2019un contrat de 590\u00a0millions de dollars am\u00e9ricains conclu avec Moderna pour la mise au point d&rsquo;un vaccin contre la grippe aviaire.<\/p>\n<p class=\"sc-jbo7hw-7 bDkRIk\">En juin, il a <a tabindex=\"0\" class=\"border-b border-solid transition-colors text-blue600 hover:text-blue600 light:text-blue600 light:hover:text-blue600 dark:text-blue400 dark:hover:text-blue400 border-gray900\/25 light:border-gray900\/25 dark:border-gray100\/25 hover:border-blue600 light:hover:border-blue600 dark:hover:border-blue400 hover:bg-gray999\/10 light:hover:bg-gray999\/10 dark:hover:bg-gray0\/10\" href=\"https:\/\/ici.radio-canada.ca\/nouvelle\/2170797\/rfk-vaccin-retrait-membres-comite-cdc\" rel=\"nofollow noopener\" target=\"_blank\">licenci\u00e9 les 17\u00a0membres d&rsquo;un comit\u00e9<\/a> charg\u00e9 de formuler les recommandations officielles du gouvernement en mati\u00e8re de vaccination, les rempla\u00e7ant par ses propres collaborateurs.<\/p>\n<p class=\"sc-jbo7hw-7 bDkRIk\">Ce nouveau groupe d&rsquo;experts a d\u00e9j\u00e0 vot\u00e9 l&rsquo;<a tabindex=\"0\" class=\"border-b border-solid transition-colors text-blue600 hover:text-blue600 light:text-blue600 light:hover:text-blue600 dark:text-blue400 dark:hover:text-blue400 border-gray900\/25 light:border-gray900\/25 dark:border-gray100\/25 hover:border-blue600 light:hover:border-blue600 dark:hover:border-blue400 hover:bg-gray999\/10 light:hover:bg-gray999\/10 dark:hover:bg-gray0\/10\" href=\"https:\/\/ici.radio-canada.ca\/nouvelle\/2176175\/thimerosal-kennedy-vaccins-antivaccin\" rel=\"nofollow noopener\" target=\"_blank\">interdiction d&rsquo;un agent conservateur thim\u00e9rosal<\/a> utilis\u00e9 depuis longtemps dans les vaccins, mais cibl\u00e9 par le mouvement anti-vaccination, malgr\u00e9 son excellent bilan en mati\u00e8re de s\u00e9curit\u00e9.<\/p>\n<p class=\"sc-jbo7hw-7 bDkRIk\">Il a \u00e9galement <a tabindex=\"0\" class=\"border-b border-solid transition-colors text-blue600 hover:text-blue600 light:text-blue600 light:hover:text-blue600 dark:text-blue400 dark:hover:text-blue400 border-gray900\/25 light:border-gray900\/25 dark:border-gray100\/25 hover:border-blue600 light:hover:border-blue600 dark:hover:border-blue400 hover:bg-gray999\/10 light:hover:bg-gray999\/10 dark:hover:bg-gray0\/10\" href=\"https:\/\/ici.radio-canada.ca\/nouvelle\/2167863\/covid19-recommandation-vaccin-enfant-grossesse\" rel=\"nofollow noopener\" target=\"_blank\">retir\u00e9 le vaccin contre la COVID-19<\/a> du calendrier de vaccination recommand\u00e9 par les Centres pour le contr\u00f4le et la pr\u00e9vention des maladies (CDC) pour les enfants en bonne sant\u00e9 et les femmes enceintes.<\/p>\n","protected":false},"excerpt":{"rendered":"Le secr\u00e9taire am\u00e9ricain \u00e0 la Sant\u00e9, Robert F.\u00a0Kennedy\u00a0Jr., a annonc\u00e9 cette semaine que les \u00c9tats-Unis cesseront de financer&hellip;\n","protected":false},"author":2,"featured_media":310832,"comment_status":"","ping_status":"","sticky":false,"template":"","format":"standard","meta":{"footnotes":""},"categories":[1589],"tags":[11,73,1866,12,1864,1865,1863,308],"class_list":{"0":"post-310831","1":"post","2":"type-post","3":"status-publish","4":"format-standard","5":"has-post-thumbnail","7":"category-etats-unis","8":"tag-actualites","9":"tag-etats-unis","10":"tag-etats-unis-damerique","11":"tag-news","12":"tag-united-states","13":"tag-united-states-of-america","14":"tag-us","15":"tag-usa"},"share_on_mastodon":{"url":"https:\/\/pubeurope.com\/@fr\/115008256730221186","error":""},"_links":{"self":[{"href":"https:\/\/www.europesays.com\/fr\/wp-json\/wp\/v2\/posts\/310831","targetHints":{"allow":["GET"]}}],"collection":[{"href":"https:\/\/www.europesays.com\/fr\/wp-json\/wp\/v2\/posts"}],"about":[{"href":"https:\/\/www.europesays.com\/fr\/wp-json\/wp\/v2\/types\/post"}],"author":[{"embeddable":true,"href":"https:\/\/www.europesays.com\/fr\/wp-json\/wp\/v2\/users\/2"}],"replies":[{"embeddable":true,"href":"https:\/\/www.europesays.com\/fr\/wp-json\/wp\/v2\/comments?post=310831"}],"version-history":[{"count":0,"href":"https:\/\/www.europesays.com\/fr\/wp-json\/wp\/v2\/posts\/310831\/revisions"}],"wp:featuredmedia":[{"embeddable":true,"href":"https:\/\/www.europesays.com\/fr\/wp-json\/wp\/v2\/media\/310832"}],"wp:attachment":[{"href":"https:\/\/www.europesays.com\/fr\/wp-json\/wp\/v2\/media?parent=310831"}],"wp:term":[{"taxonomy":"category","embeddable":true,"href":"https:\/\/www.europesays.com\/fr\/wp-json\/wp\/v2\/categories?post=310831"},{"taxonomy":"post_tag","embeddable":true,"href":"https:\/\/www.europesays.com\/fr\/wp-json\/wp\/v2\/tags?post=310831"}],"curies":[{"name":"wp","href":"https:\/\/api.w.org\/{rel}","templated":true}]}}