{"id":310833,"date":"2025-08-11T04:31:22","date_gmt":"2025-08-11T04:31:22","guid":{"rendered":"https:\/\/www.europesays.com\/fr\/310833\/"},"modified":"2025-08-11T04:31:22","modified_gmt":"2025-08-11T04:31:22","slug":"le-royaume-uni-etend-a-quinze-nouveaux-pays-son-programme-dexpulsion-detrangers-condamnes","status":"publish","type":"post","link":"https:\/\/www.europesays.com\/fr\/310833\/","title":{"rendered":"Le Royaume-Uni \u00e9tend \u00e0 quinze nouveaux pays son programme d\u2019expulsion d\u2019\u00e9trangers condamn\u00e9s"},"content":{"rendered":"<p>                          <img loading=\"lazy\" decoding=\"async\" src=\"https:\/\/www.europesays.com\/fr\/wp-content\/uploads\/2025\/08\/bc6b6cc_upload-1-n6fjof1kkjsv-000-38hf7ld.jpg\" alt=\"Yvette Cooper, ministre de l\u2019int\u00e9rieur britannique, lors du Sommet international sur la s\u00e9curit\u00e9 des fronti\u00e8res, \u00e0 Londres, le 31\u00a0mars 2025.\"   width=\"664\" height=\"443\"\/>    Yvette Cooper, ministre de l\u2019int\u00e9rieur britannique, lors du Sommet international sur la s\u00e9curit\u00e9 des fronti\u00e8res, \u00e0 Londres, le 31\u00a0mars 2025.  STEFAN ROUSSEAU\/AFP                   <\/p>\n<p class=\"article__paragraph  \">Le Royaume-Uni va acc\u00e9l\u00e9rer l\u2019expulsion d\u2019\u00e9trangers condamn\u00e9s en \u00e9tendant son programme \u00ab\u00a0expulser maintenant, faire appel plus tard\u00a0\u00bb \u00e0 quinze nouveaux pays, soit d\u00e9sormais vingt-trois au total, a annonc\u00e9, dimanche 10\u00a0ao\u00fbt, le minist\u00e8re de l\u2019int\u00e9rieur britannique.<\/p>\n<p class=\"article__paragraph  \">Ce programme, qui permet au Royaume-Uni d\u2019expulser des ressortissants \u00e9trangers sans attendre qu\u2019ils purgent leur peine de prison, tout en leur permettant de faire appel dans leur pays d\u2019origine, \u00e9tait en place avec huit partenaires dont la Tanzanie, l\u2019Estonie ou le Belize. D\u00e9sormais, il sera \u00e9tendu \u00e0 quinze nouveaux pays parmi lesquels l\u2019Angola, le Botswana ou le Liban. Des discussions avec plusieurs autres capitales sont en cours, a pr\u00e9cis\u00e9 le communiqu\u00e9 du Home Office.<\/p>\n<p class=\"article__paragraph  \">Les quinze nouveaux pays sont l\u2019Angola, l\u2019Australie, le Botswana, Brunei, la Bulgarie, le Canada, le Guyana, l\u2019Inde, l\u2019Indon\u00e9sie, le Kenya, la Lettonie, le Liban, la Malaisie, l\u2019Ouganda, la Zambie.<\/p>\n<p>                                Lire aussi |  <a href=\"https:\/\/www.lemonde.fr\/international\/article\/2025\/08\/07\/immigration-londres-annonce-avoir-arrete-les-premieres-personnes-sous-le-coup-du-traite-franco-britannique_6627283_3210.html\" class=\"js-article-read-also catcher--favoris__link\" data-premium=\"\" id=\"article-title-3433886\" rel=\"nofollow noopener\" target=\"_blank\">Immigration\u00a0: le Royaume-Uni annonce avoir arr\u00eat\u00e9 les premi\u00e8res personnes sous le coup du trait\u00e9 franco-britannique<\/a>    <\/p>\n<p>   Lire plus tard  <\/p>\n<p class=\"article__paragraph  \">Le premier ministre travailliste, Keir Starmer, a fait de la r\u00e9duction de l\u2019immigration, l\u00e9gale comme ill\u00e9gale, une priorit\u00e9, au moment o\u00f9 l\u2019extr\u00eame droite gagne du terrain dans le pays.<\/p>\n<p>             Expulsions en hausse de 14\u00a0% sur un an             <\/p>\n<p class=\"article__paragraph  \">\u00ab\u00a0Pendant bien trop longtemps, des criminels \u00e9trangers ont exploit\u00e9 notre syst\u00e8me d\u2019immigration restant au Royaume-Uni pendant des mois, voire des ann\u00e9es, pendant que leurs appels s\u2019\u00e9ternisaient. Cela doit cesser\u00a0\u00bb, a d\u00e9clar\u00e9 la ministre de l\u2019int\u00e9rieur britannique, Yvette Cooper, cit\u00e9e dans le communiqu\u00e9.<\/p>\n<p class=\"article__paragraph  \">Selon le gouvernement britannique, une place en prison co\u00fbte en moyenne 54\u00a0000\u00a0livres par an (soit plus de 62\u00a0000\u00a0euros).<\/p>\n<p>                                Lire aussi |  <a href=\"https:\/\/www.lemonde.fr\/international\/article\/2025\/07\/23\/le-royaume-uni-prend-les-premieres-sanctions-contre-des-passeurs-de-migrants-une-demarche-inedite-pour-endiguer-les-traversees-de-la-manche_6623223_3210.html\" class=\"js-article-read-also catcher--favoris__link\" data-premium=\"\" id=\"article-title-3432553\" rel=\"nofollow noopener\" target=\"_blank\">Le Royaume-Uni prend les premi\u00e8res sanctions contre des passeurs de migrants, une d\u00e9marche in\u00e9dite pour endiguer les travers\u00e9es de\u00a0la\u00a0Manche<\/a>    <\/p>\n<p>   Lire plus tard  <\/p>\n<p class=\"article__paragraph  \">Depuis juillet\u00a02024, date de l\u2019arriv\u00e9e au pouvoir des travaillistes, pr\u00e8s de 5\u00a0200 \u00e9trangers condamn\u00e9s ont \u00e9t\u00e9 expuls\u00e9s, soit une hausse de 14\u00a0% sur un an, selon le Home Office.<\/p>\n<p class=\"article__paragraph  \">En pratique, la d\u00e9cision de savoir si ces personnes purgeront leur peine \u00e0 l\u2019\u00e9tranger d\u00e9pendra du pays vers lequel elles sont envoy\u00e9es, a pr\u00e9cis\u00e9 le minist\u00e8re de la justice britannique \u00e0 la BBC. Concr\u00e8tement, cela signifie que certains d\u2019entre eux pourraient \u00eatre libres d\u00e8s leur arriv\u00e9e dans leur pays de destination.<\/p>\n<p class=\"author__detail\">  Le Monde avec AFP  <\/p>\n","protected":false},"excerpt":{"rendered":"Yvette Cooper, ministre de l\u2019int\u00e9rieur britannique, lors du Sommet international sur la s\u00e9curit\u00e9 des fronti\u00e8res, \u00e0 Londres, le&hellip;\n","protected":false},"author":2,"featured_media":310834,"comment_status":"","ping_status":"","sticky":false,"template":"","format":"standard","meta":{"footnotes":""},"categories":[1588],"tags":[11,1777,674,12,473,1853,1851,1850,1852],"class_list":{"0":"post-310833","1":"post","2":"type-post","3":"status-publish","4":"format-standard","5":"has-post-thumbnail","7":"category-royaume-uni","8":"tag-actualites","9":"tag-eu","10":"tag-europe","11":"tag-news","12":"tag-royaume-uni","13":"tag-royaume-uni-de-grande-bretagne-et-dirlande-du-nord","14":"tag-uk","15":"tag-united-kingdom","16":"tag-united-kingdom-of-great-britain-and-northern-ireland"},"share_on_mastodon":{"url":"https:\/\/pubeurope.com\/@fr\/115008260479707307","error":""},"_links":{"self":[{"href":"https:\/\/www.europesays.com\/fr\/wp-json\/wp\/v2\/posts\/310833","targetHints":{"allow":["GET"]}}],"collection":[{"href":"https:\/\/www.europesays.com\/fr\/wp-json\/wp\/v2\/posts"}],"about":[{"href":"https:\/\/www.europesays.com\/fr\/wp-json\/wp\/v2\/types\/post"}],"author":[{"embeddable":true,"href":"https:\/\/www.europesays.com\/fr\/wp-json\/wp\/v2\/users\/2"}],"replies":[{"embeddable":true,"href":"https:\/\/www.europesays.com\/fr\/wp-json\/wp\/v2\/comments?post=310833"}],"version-history":[{"count":0,"href":"https:\/\/www.europesays.com\/fr\/wp-json\/wp\/v2\/posts\/310833\/revisions"}],"wp:featuredmedia":[{"embeddable":true,"href":"https:\/\/www.europesays.com\/fr\/wp-json\/wp\/v2\/media\/310834"}],"wp:attachment":[{"href":"https:\/\/www.europesays.com\/fr\/wp-json\/wp\/v2\/media?parent=310833"}],"wp:term":[{"taxonomy":"category","embeddable":true,"href":"https:\/\/www.europesays.com\/fr\/wp-json\/wp\/v2\/categories?post=310833"},{"taxonomy":"post_tag","embeddable":true,"href":"https:\/\/www.europesays.com\/fr\/wp-json\/wp\/v2\/tags?post=310833"}],"curies":[{"name":"wp","href":"https:\/\/api.w.org\/{rel}","templated":true}]}}