{"id":310839,"date":"2025-08-11T04:35:15","date_gmt":"2025-08-11T04:35:15","guid":{"rendered":"https:\/\/www.europesays.com\/fr\/310839\/"},"modified":"2025-08-11T04:35:15","modified_gmt":"2025-08-11T04:35:15","slug":"on-na-pas-eu-les-couilles-on-a-joue-comme-des-gamins-a-la-louviere-les-carolos-ont-vecu-un-jour-sans-au-pire-moment","status":"publish","type":"post","link":"https:\/\/www.europesays.com\/fr\/310839\/","title":{"rendered":"\u00ab\u00a0On n&rsquo;a pas eu les couilles\u00a0\u00bb, \u00ab\u00a0on a jou\u00e9 comme des gamins\u00a0\u00bb\u00a0: \u00e0 La Louvi\u00e8re, les Carolos ont v\u00e9cu un jour sans au pire moment"},"content":{"rendered":"<p class=\"ap-StoryElement ap-StoryElement--mb js-paywall-target ap-StoryText\">\u00ab\u00a0On n&rsquo;en a pas eu\u00a0\u00bb, pestait Petris, toujours aussi franc. \u00ab\u00a0On a jou\u00e9 comme des gamins\u00a0\u00bb, abondait Mbenza. Qu&rsquo;est-ce qui a manqu\u00e9 aux Carolos ce dimanche \u00e0 la Easi Arena ? \u00c0 peu pr\u00e8s tout. Les bases comme des passes rat\u00e9es \u00e0 5 m\u00e8tres, des contr\u00f4les approximatifs et forc\u00e9ment, une mentalit\u00e9 d\u00e9faillante.<\/p>\n<blockquote class=\"ap-StoryQuote ap-StoryQuote--pullquote\"><p>guillement<\/p>\n<p class=\"ap-StoryQuote-text\">On n&rsquo;a pas eu de couilles.<\/p>\n<\/blockquote>\n<p class=\"ap-StoryElement ap-StoryElement--mb ap-StoryText\">\u00ab\u00a0La victoire de La Louvi\u00e8re est m\u00e9rit\u00e9e car nos adversaires avaient davantage faim dans les duels et les seconds ballons quand la partie a commenc\u00e9, analysait De Mil. Dans les transitions et les longs ballons aussi alors qu&rsquo;on avait point\u00e9 leurs atouts dans ce domaine. Aujourd&rsquo;hui, ils avaient plus de qualit\u00e9s que nous.\u00a0\u00bb<\/p>\n<p class=\"ap-StoryElement ap-StoryElement--mb ap-StoryText\">La pr\u00e9sence de Stulic, suspendu, aurait-elle chang\u00e9 quelque chose ? \u00ab\u00a0Vous connaissez son importance. On a essay\u00e9 de faire sans lui mais \u00e7a a \u00e9t\u00e9 compliqu\u00e9\u00a0\u00bb, reconna\u00eet Petris.<\/p>\n<p class=\"ap-StoryElement ap-StoryElement--mb ap-StoryText\">\u00c0 la fin, le Sporting aurait tout de m\u00eame pu arracher un point avec les multiples changements o\u00f9 le 4-2-3-1 de De Mil ne ressemblait plus \u00e0 grand-chose, si ce n&rsquo;est de passer par les ailes ou balancer des longs ballons pour Sow, entr\u00e9 en jeu comme attaquant de pointe alors qu&rsquo;il est d\u00e9fenseur central.<\/p>\n<p>Un probl\u00e8me mental, pas physique<\/p>\n<p class=\"ap-StoryElement ap-StoryElement--mb ap-StoryText\">\u00ab\u00a0On ne doit rien revendiquer aujourd&rsquo;hui\u00a0\u00bb, estime beau joueur le technicien. Avec un 2\/9 alors que la venue de l&rsquo;Antwerp se profile, la pression est d\u00e9j\u00e0 install\u00e9e sur les \u00e9paules des Sambriens. \u00ab\u00a0On ne peut rien trouver de positif dans la rencontre du jour. Ce qui est bien dans le football, c&rsquo;est qu&rsquo;on peut vite r\u00e9agir car ici, c&rsquo;\u00e9tait une faute professionnelle\u00a0\u00bb, certifie Mbenza.<\/p>\n<p class=\"ap-StoryElement ap-StoryElement--mb ap-StoryText\">Au risque de reculer encore au classement. D&rsquo;autant plus que dans 15 jours, les pensionnaires du Mambourg ne joueront pas car la rencontre \u00e0 Genk a \u00e9t\u00e9 report\u00e9e pour permettre aux Limbourgeois de pr\u00e9parer leur barrage en Europa League.<\/p>\n<p><a href=\"https:\/\/www.dhnet.be\/sports\/football\/division-1a\/charleroi\/2025\/08\/10\/ousou-et-camara-les-pires-dans-la-catastrophe-maisonneuve-et-lahssaini-en-patron-les-notes-de-raal-charleroi-2EKCASDDUJHV7HXTHGE3QNGA5E\/\" target=\"_blank\" rel=\"noopener noreferrer\" class=\"ap-StoryInterstitialLink ap-StoryElement ap-StoryElement--mb\">Maisonneuve et Lahssaini en patron, Ousou et Camara les pires dans la catastrophe carolo : les notes de RAAL \u2013 Charleroi<\/a><\/p>\n<p class=\"ap-StoryElement ap-StoryElement--mb ap-StoryText\">\u00c0 propos de Coupe d&rsquo;Europe, inutile de justifier la pi\u00e8tre performance des Z\u00e8bres par cette derni\u00e8re car le probl\u00e8me dominical se situait dans les t\u00eates et non pas dans les corps. \u00ab\u00a0Ce n&rsquo;\u00e9tait pas une question physique mais de mental. On a eu toute la semaine pour pr\u00e9parer le match. Nous \u00e9tions tous frais\u00a0\u00bb, confirme Petris.<\/p>\n<p class=\"ap-StoryElement ap-StoryElement--mb ap-StoryText\">Il faudra vite oublier ce jour sans au risque de voir la crise se pr\u00e9sentait. \u00ab\u00a0Il doit nous permettre de nous r\u00e9veiller\u00a0\u00bb, esp\u00e8re De Mil. Pour ne pas \u00eatre endormi totalement par un deuxi\u00e8me KO dans 7 jours.<\/p>\n","protected":false},"excerpt":{"rendered":"\u00ab\u00a0On n&rsquo;en a pas eu\u00a0\u00bb, pestait Petris, toujours aussi franc. \u00ab\u00a0On a jou\u00e9 comme des gamins\u00a0\u00bb, abondait Mbenza.&hellip;\n","protected":false},"author":2,"featured_media":310840,"comment_status":"","ping_status":"","sticky":false,"template":"","format":"standard","meta":{"footnotes":""},"categories":[1586],"tags":[11,43856,24403,1777,674,1779,1011,27,45088,12,25,31979,1778,364],"class_list":{"0":"post-310839","1":"post","2":"type-post","3":"status-publish","4":"format-standard","5":"has-post-thumbnail","7":"category-europe","8":"tag-actualites","9":"tag-championnat-deurope-de-football-euro","10":"tag-charleroi","11":"tag-eu","12":"tag-europe","13":"tag-european-union","14":"tag-fr","15":"tag-france","16":"tag-la-louviere","17":"tag-news","18":"tag-republique-francaise","19":"tag-royal-sporting-club-anderlecht","20":"tag-ue","21":"tag-union-europeenne"},"share_on_mastodon":{"url":"","error":""},"_links":{"self":[{"href":"https:\/\/www.europesays.com\/fr\/wp-json\/wp\/v2\/posts\/310839","targetHints":{"allow":["GET"]}}],"collection":[{"href":"https:\/\/www.europesays.com\/fr\/wp-json\/wp\/v2\/posts"}],"about":[{"href":"https:\/\/www.europesays.com\/fr\/wp-json\/wp\/v2\/types\/post"}],"author":[{"embeddable":true,"href":"https:\/\/www.europesays.com\/fr\/wp-json\/wp\/v2\/users\/2"}],"replies":[{"embeddable":true,"href":"https:\/\/www.europesays.com\/fr\/wp-json\/wp\/v2\/comments?post=310839"}],"version-history":[{"count":0,"href":"https:\/\/www.europesays.com\/fr\/wp-json\/wp\/v2\/posts\/310839\/revisions"}],"wp:featuredmedia":[{"embeddable":true,"href":"https:\/\/www.europesays.com\/fr\/wp-json\/wp\/v2\/media\/310840"}],"wp:attachment":[{"href":"https:\/\/www.europesays.com\/fr\/wp-json\/wp\/v2\/media?parent=310839"}],"wp:term":[{"taxonomy":"category","embeddable":true,"href":"https:\/\/www.europesays.com\/fr\/wp-json\/wp\/v2\/categories?post=310839"},{"taxonomy":"post_tag","embeddable":true,"href":"https:\/\/www.europesays.com\/fr\/wp-json\/wp\/v2\/tags?post=310839"}],"curies":[{"name":"wp","href":"https:\/\/api.w.org\/{rel}","templated":true}]}}