{"id":310841,"date":"2025-08-11T04:36:25","date_gmt":"2025-08-11T04:36:25","guid":{"rendered":"https:\/\/www.europesays.com\/fr\/310841\/"},"modified":"2025-08-11T04:36:25","modified_gmt":"2025-08-11T04:36:25","slug":"chelsea-ecrase-lac-milan-pour-la-premiere-de-modric","status":"publish","type":"post","link":"https:\/\/www.europesays.com\/fr\/310841\/","title":{"rendered":"Chelsea \u00e9crase l\u2019AC Milan pour la premi\u00e8re de Modric"},"content":{"rendered":"<p>Chelsea s\u2019est facilement d\u00e9fait du Milan AC (4-1) \u00e0 Stamford Bridge en amical. Luka Modric n\u2019a pas fait de merveille pour son premier match avec les Rossoneri.<\/p>\n<p class=\"fig-paragraph\">Pr\u00e8s d\u2019un mois apr\u00e8s sa victoire finale en Coupe du monde des clubs,\u00a0<a href=\"http:\/\/www.lefigaro.fr\/sports\/football\/transferts\/mercato-chelsea-signe-une-pepite-de-19-ans-en-provenance-de-l-ajax-jusqu-en-2032-20250803\" data-fig-type=\"NewsFlash\" data-gtm-custom-categorie=\"navigation\" data-gtm-custom-action=\"crossclick\" data-gtm-custom-label=\"Contextuel\" data-gtm-event=\"customEventSPE\" data-fig-domain=\"LEFIGARO\" target=\"_blank\" rel=\"noopener\">Chelsea<\/a>\u00a0s\u2019est tranquillement impos\u00e9 quatre buts \u00e0 un face \u00e0 un\u00a0<a href=\"http:\/\/www.lefigaro.fr\/sports\/football\/italie\/amical-l-ac-milan-cale-contre-leeds-avant-d-affronter-chelsea-20250809\" data-fig-type=\"NewsFlash\" data-gtm-custom-categorie=\"navigation\" data-gtm-custom-action=\"crossclick\" data-gtm-custom-label=\"Contextuel\" data-gtm-event=\"customEventSPE\" data-fig-domain=\"LEFIGARO\" target=\"_blank\" rel=\"noopener\">AC Milan<\/a>\u00a0\u00e0 la peine et surtout r\u00e9duit \u00e0 10 d\u00e8s la dix-neuvi\u00e8me minute apr\u00e8s l\u2019expulsion du jeune Andrei Coubis (21 ans).<\/p>\n<p class=\"fig-paragraph\">Les Blues, \u00e0 domicile, ont d\u00e9roul\u00e9 gr\u00e2ce \u00e0 deux de leurs nombreuses recrues: Liam Delap et Joao Pedro. Le Br\u00e9silien a marqu\u00e9 le second but (7e) avant que l\u2019Anglais n\u2019inscrive un doubl\u00e9 en seconde p\u00e9riode (67e et 91e), dont un sur p\u00e9nalty. Les hommes d\u2019Enzo Maresca continuent de flamber et pourraient bien \u00eatre en mesure de jouer le titre en Premier League cette saison.<\/p>\n<p>                                    <a class=\"fig-a11y-skip a11y-hidden\" href=\"#fig-a11y-skip-main-inarticle\"><br \/>\n        Passer la publicit\u00e9<br \/>\n    <\/a><\/p>\n<p>Les Milanais surclass\u00e9s<\/p>\n<p class=\"fig-paragraph\">Du c\u00f4t\u00e9 du Milan AC, l\u2019ambiance est plus morose. Coubis a co\u00fbt\u00e9 le premier but du match \u00e0 son \u00e9quipe d\u00e8s la cinqui\u00e8me minute de jeu avant d\u2019\u00eatre exclu quelques instants plus tard. Luka Modric n&rsquo;a pas montr\u00e9 grand-chose pour ses grands d\u00e9buts avec les Rossoneri. Il faut pr\u00e9ciser que l\u2019\u00e9quipe type n\u2019\u00e9tait pas align\u00e9e. Le premier indicateur de la forme des Lombards sera pris lors du match de Coupe d\u2019Italie face \u00e0 Bari (club de Serie B) le 17 ao\u00fbt.<\/p>\n","protected":false},"excerpt":{"rendered":"Chelsea s\u2019est facilement d\u00e9fait du Milan AC (4-1) \u00e0 Stamford Bridge en amical. Luka Modric n\u2019a pas fait&hellip;\n","protected":false},"author":2,"featured_media":310842,"comment_status":"","ping_status":"","sticky":false,"template":"","format":"standard","meta":{"footnotes":""},"categories":[2],"tags":[30513,11,11871,1011,27,12,25],"class_list":{"0":"post-310841","1":"post","2":"type-post","3":"status-publish","4":"format-standard","5":"has-post-thumbnail","7":"category-actualites","8":"tag-ac-milan","9":"tag-actualites","10":"tag-chelsea","11":"tag-fr","12":"tag-france","13":"tag-news","14":"tag-republique-francaise"},"share_on_mastodon":{"url":"https:\/\/pubeurope.com\/@fr\/115008279909223524","error":""},"_links":{"self":[{"href":"https:\/\/www.europesays.com\/fr\/wp-json\/wp\/v2\/posts\/310841","targetHints":{"allow":["GET"]}}],"collection":[{"href":"https:\/\/www.europesays.com\/fr\/wp-json\/wp\/v2\/posts"}],"about":[{"href":"https:\/\/www.europesays.com\/fr\/wp-json\/wp\/v2\/types\/post"}],"author":[{"embeddable":true,"href":"https:\/\/www.europesays.com\/fr\/wp-json\/wp\/v2\/users\/2"}],"replies":[{"embeddable":true,"href":"https:\/\/www.europesays.com\/fr\/wp-json\/wp\/v2\/comments?post=310841"}],"version-history":[{"count":0,"href":"https:\/\/www.europesays.com\/fr\/wp-json\/wp\/v2\/posts\/310841\/revisions"}],"wp:featuredmedia":[{"embeddable":true,"href":"https:\/\/www.europesays.com\/fr\/wp-json\/wp\/v2\/media\/310842"}],"wp:attachment":[{"href":"https:\/\/www.europesays.com\/fr\/wp-json\/wp\/v2\/media?parent=310841"}],"wp:term":[{"taxonomy":"category","embeddable":true,"href":"https:\/\/www.europesays.com\/fr\/wp-json\/wp\/v2\/categories?post=310841"},{"taxonomy":"post_tag","embeddable":true,"href":"https:\/\/www.europesays.com\/fr\/wp-json\/wp\/v2\/tags?post=310841"}],"curies":[{"name":"wp","href":"https:\/\/api.w.org\/{rel}","templated":true}]}}