{"id":310847,"date":"2025-08-11T04:41:23","date_gmt":"2025-08-11T04:41:23","guid":{"rendered":"https:\/\/www.europesays.com\/fr\/310847\/"},"modified":"2025-08-11T04:41:23","modified_gmt":"2025-08-11T04:41:23","slug":"rugby-17-000-fans-a-vannes-stade-toulousain-match-amical-exceptionnel-en-bretagne","status":"publish","type":"post","link":"https:\/\/www.europesays.com\/fr\/310847\/","title":{"rendered":"RUGBY. 17 000 fans \u00e0 Vannes &#8211; Stade Toulousain, match amical exceptionnel en Bretagne"},"content":{"rendered":"<p>C\u2019est une actualit\u00e9 qui confirme l\u2019int\u00e9r\u00eat grandissant du rugby en <a href=\"https:\/\/www.lerugbynistere.fr\/amateur\/bretagne\/\" ui-sref=\"app.committee\" alt=\"Bretagne\" data-route=\"app.committee\" data-param=\"committeeId\" data-id=\"7\" rel=\"nofollow noopener\" target=\"_blank\">Bretagne<\/a>, r\u00e9gion habituellement conquise par le ballon rond. Ce vendredi 8 ao\u00fbt, le RC <a href=\"https:\/\/www.lerugbynistere.fr\/clubs\/rc-vannes.php\" ui-sref=\"app.team({teamId: 126})\" alt=\"Vannes\" data-route=\"app.team\" data-param=\"teamId\" data-id=\"126\" rel=\"nofollow noopener\" target=\"_blank\">Vannes<\/a> a mis en ligne la billetterie pour le match amical entre le club breton et le <a href=\"https:\/\/www.lerugbynistere.fr\/clubs\/le-stade-toulousain.php\" ui-sref=\"app.team({teamId: 34})\" alt=\"Stade Toulousain\" data-route=\"app.team\" data-param=\"teamId\" data-id=\"34\" rel=\"nofollow noopener\" target=\"_blank\">Stade Toulousain<\/a>, au stade de Roudourou de Guingamp. Pr\u00e9vue pour le mercredi 21 ao\u00fbt prochain, \u00e0 19h, <strong>la rencontre a d\u00e9cha\u00een\u00e9 les passions.<\/strong><\/p>\n<p><strong><a class=\"inserer_lien_article\" href=\"https:\/\/www.lerugbynistere.fr\/news\/top-14-partenariat-racing-92-vannes-participer-au-developpement-du-rugby-breton-0205181615.php\" data-id=\"19990\" data-route=\"app.article\" data-param=\"articleId\" ui-sref=\"app.article({articleId: 19990})\" alt=\"Top 14 - Partenariat Racing 92 - Vannes : &#039;&#039;participer au d\u00e9veloppement du rugby breton&#039;&#039;\" title=\"Top 14 - Partenariat Racing 92 - Vannes : &#039;&#039;participer au d\u00e9veloppement du rugby breton&#039;&#039;\" rel=\"nofollow noopener\" target=\"_blank\"><img decoding=\"async\" src=\"https:\/\/www.europesays.com\/fr\/wp-content\/uploads\/2025\/08\/partenariat-racing-vannes-02-05-18-2530.jpg\" alt=\"Top 14 - Partenariat Racing 92 - Vannes : ''participer au d\u00e9veloppement du rugby breton''\"\/>Top 14 &#8211; Partenariat Racing 92 &#8211; Vannes : \u00a0\u00bbparticiper au d\u00e9veloppement du rugby breton\u00a0\u00bb<\/a><\/strong><\/p>\n<p>Le RC Vannes, club populaire<\/p>\n<p>En effet, la billetterie pour la rencontre ouvrait ses portes ce vendredi \u00e0 16h30, sur le site internet d\u00e9di\u00e9 du RC Vannes. D\u00e8s son ouverture,<strong> plus de 5 000 personnes s\u2019\u00e9taient connect\u00e9es<\/strong>, selon <a href=\"https:\/\/www.ouest-france.fr\/sport\/rugby\/rugby-club-vannes\/cest-extraordinaire-les-12-000-places-de-rc-vannes-stade-toulousain-vendues-en-deux-heures-612b718a-7475-11f0-aae0-d9f2c5541ad0\" rel=\"nofollow noopener\" target=\"_blank\">Ouest-France<\/a>. Une file d\u2019attente a donc \u00e9t\u00e9 mise en place pour essayer de contenir les supporters les plus ponctuels.<\/p>\n<p>Cependant, il ne faisait pas bon \u00eatre en retard, ce vendredi 8 ao\u00fbt, sur la billetterie en ligne. Pour cause, <strong>les 12 000 places r\u00e9serv\u00e9es au grand public ont trouv\u00e9 preneur en deux heures<\/strong>, selon <a href=\"https:\/\/www.rugbyrama.fr\/2025\/08\/09\/top-14-les-places-de-la-rencontre-amicale-entre-vannes-et-toulouse-a-guingamp-prisent-dassaut-12868764.php\" rel=\"nofollow noopener\" target=\"_blank\">Rugbyrama<\/a>. L\u2019engouement populaire est d\u2019autant plus impressionnant que la rencontre se d\u00e9roule en pleine semaine, \u00e0 plus d\u2019une heure et demie de voiture de Vannes.<\/p>\n<p>Ainsi, le stade de Roudourou devrait \u00eatre \u00e0 guichets ferm\u00e9s, puisque les 5 000 places restantes sont r\u00e9serv\u00e9es \u00e0 des partenaires, des acteurs de la vie locale ou des groupes de supporters toulousains. De plus, le RC Vannes a pr\u00e9vu de faire plaisir aux jeunes rugbymen locaux, car <strong>pas moins de 2 000 places seraient r\u00e9serv\u00e9es aux enfants des \u00e9coles de rugby de la r\u00e9gion<\/strong>, toujours selon <a href=\"https:\/\/www.ouest-france.fr\/sport\/rugby\/rugby-club-vannes\/cest-extraordinaire-les-12-000-places-de-rc-vannes-stade-toulousain-vendues-en-deux-heures-612b718a-7475-11f0-aae0-d9f2c5541ad0\" rel=\"nofollow noopener\" target=\"_blank\">Ouest-France<\/a>.<\/p>\n<p><a class=\"inserer_lien_article\" href=\"https:\/\/www.lerugbynistere.fr\/news\/pro-d2-rc-vannes-erminig-glas-au-coeur-de-la-passion-bretonne-0807211845.php\" data-id=\"31287\" data-route=\"app.article\" data-param=\"articleId\" ui-sref=\"app.article({articleId: 31287})\" alt=\"Pro D2. RC Vannes : Erminig Glas, au coeur de la passion bretonne\" title=\"Pro D2. RC Vannes : Erminig Glas, au coeur de la passion bretonne\" rel=\"nofollow noopener\" target=\"_blank\"><img decoding=\"async\" src=\"https:\/\/www.europesays.com\/fr\/wp-content\/uploads\/2025\/08\/rabine-08-07-21-479.jpg\" alt=\"Pro D2. RC Vannes : Erminig Glas, au coeur de la passion bretonne\"\/>Pro D2. RC Vannes : Erminig Glas, au coeur de la passion bretonne<\/a><\/p>\n<p>Ainsi, cette rencontre devrait devenir l\u2019une des meilleures affluences de l\u2019histoire du rugby breton, <strong>avec 17 000 personnes attendues, au minimum,<\/strong> le 21 ao\u00fbt prochain. Elle ne d\u00e9passera cependant pas le record d\u00e9tenu par les 29 013 spectateurs du Roazhon Park de Rennes, lors d\u2019un hom\u00e9rique ASM <a href=\"https:\/\/www.lerugbynistere.fr\/clubs\/asm-clermont-auvergne.php\" ui-sref=\"app.team({teamId: 31})\" alt=\"Clermont\" data-route=\"app.team\" data-param=\"teamId\" data-id=\"31\" rel=\"nofollow noopener\" target=\"_blank\">Clermont<\/a> &#8211; Racing 92 (33-34), le 17 juin 2016. Il s\u2019agissait de la premi\u00e8re demi-finale du Top 14 \u00e0 se jouer en Bretagne.<\/p>\n<p>Cet engouement impressionnant confirme ainsi <strong>l\u2019int\u00e9r\u00eat grandissant du rugby en Armorique<\/strong>. Avec la mont\u00e9e du RC Vannes en Top 14, pour la saison 2024\/2025, ce sont pas moins de 50 000 personnes qui avaient voulu s\u2019abonner au club breton, durant l\u2019\u00e9t\u00e9 pass\u00e9. Pourtant, le stade de la Rabine, o\u00f9 \u00e9volue en temps normal l\u2019\u00e9curie bretonne, ne compte que 12 000 places.<\/p>\n<p>Ainsi, la question <strong>d\u2019\u00e9ventuelles d\u00e9localisations<\/strong>, \u00e0 Rennes par exemple, avait \u00e9t\u00e9 \u00e9voqu\u00e9e, mais ont fait d\u00e9bat dans la p\u00e9ninsule. \u201cLes demandes sont tellement importantes. On veut r\u00e9pondre au plus grand nombre. Pour que les Bretons puissent en profiter, la solution la plus facile serait de d\u00e9localiser et d\u2019aller dans un stade plus grand\u00a0\u00bb, d\u00e9clarait pour <a href=\"https:\/\/actu.fr\/bretagne\/vannes_56260\/rugby-le-rc-vannes-ouvre-la-porte-a-une-delocalisation-dun-match-a-domicile-en-top-14_61635114.html\" rel=\"nofollow noopener\" target=\"_blank\">Actu Morbihan<\/a> le pr\u00e9sident du RCV, Olivier Cloarec, en d\u00e9but de saison derni\u00e8re.<\/p>\n<p><a class=\"inserer_lien_article\" href=\"https:\/\/www.lerugbynistere.fr\/news\/video-debuts-a-17-ans-10-essais-en-9-matchs-qui-est-ce-dimitri-delibes-anglais-qui-debarque-a-vannes-0907251423.php\" data-id=\"45511\" data-route=\"app.article\" data-param=\"articleId\" ui-sref=\"app.article({articleId: 45511})\" alt=\"VID\u00c9O. D\u00e9buts \u00e0 17 ans, 10 essais en 9 matchs : qui est ce Dimitri Delibes anglais qui d\u00e9barque \u00e0 Vannes ?\" title=\"VID\u00c9O. D\u00e9buts \u00e0 17 ans, 10 essais en 9 matchs : qui est ce Dimitri Delibes anglais qui d\u00e9barque \u00e0 Vannes ?\" rel=\"nofollow noopener\" target=\"_blank\"><img decoding=\"async\" src=\"https:\/\/www.europesays.com\/fr\/wp-content\/uploads\/2025\/08\/yt-09-07-25-6067.jpg\" alt=\"VID\u00c9O. D\u00e9buts \u00e0 17 ans, 10 essais en 9 matchs : qui est ce Dimitri Delibes anglais qui d\u00e9barque \u00e0 Vannes ?\"\/>VID\u00c9O. D\u00e9buts \u00e0 17 ans, 10 essais en 9 matchs : qui est ce Dimitri Delibes anglais qui d\u00e9barque \u00e0 Vannes ?<\/a><\/p>\n","protected":false},"excerpt":{"rendered":"C\u2019est une actualit\u00e9 qui confirme l\u2019int\u00e9r\u00eat grandissant du rugby en Bretagne, r\u00e9gion habituellement conquise par le ballon rond.&hellip;\n","protected":false},"author":2,"featured_media":310848,"comment_status":"","ping_status":"","sticky":false,"template":"","format":"standard","meta":{"footnotes":""},"categories":[1416],"tags":[1011,27,479,1468,60],"class_list":{"0":"post-310847","1":"post","2":"type-post","3":"status-publish","4":"format-standard","5":"has-post-thumbnail","7":"category-rugby","8":"tag-fr","9":"tag-france","10":"tag-rugby","11":"tag-rugby-football","12":"tag-sports"},"share_on_mastodon":{"url":"https:\/\/pubeurope.com\/@fr\/115008299965913551","error":""},"_links":{"self":[{"href":"https:\/\/www.europesays.com\/fr\/wp-json\/wp\/v2\/posts\/310847","targetHints":{"allow":["GET"]}}],"collection":[{"href":"https:\/\/www.europesays.com\/fr\/wp-json\/wp\/v2\/posts"}],"about":[{"href":"https:\/\/www.europesays.com\/fr\/wp-json\/wp\/v2\/types\/post"}],"author":[{"embeddable":true,"href":"https:\/\/www.europesays.com\/fr\/wp-json\/wp\/v2\/users\/2"}],"replies":[{"embeddable":true,"href":"https:\/\/www.europesays.com\/fr\/wp-json\/wp\/v2\/comments?post=310847"}],"version-history":[{"count":0,"href":"https:\/\/www.europesays.com\/fr\/wp-json\/wp\/v2\/posts\/310847\/revisions"}],"wp:featuredmedia":[{"embeddable":true,"href":"https:\/\/www.europesays.com\/fr\/wp-json\/wp\/v2\/media\/310848"}],"wp:attachment":[{"href":"https:\/\/www.europesays.com\/fr\/wp-json\/wp\/v2\/media?parent=310847"}],"wp:term":[{"taxonomy":"category","embeddable":true,"href":"https:\/\/www.europesays.com\/fr\/wp-json\/wp\/v2\/categories?post=310847"},{"taxonomy":"post_tag","embeddable":true,"href":"https:\/\/www.europesays.com\/fr\/wp-json\/wp\/v2\/tags?post=310847"}],"curies":[{"name":"wp","href":"https:\/\/api.w.org\/{rel}","templated":true}]}}