{"id":310855,"date":"2025-08-11T04:46:20","date_gmt":"2025-08-11T04:46:20","guid":{"rendered":"https:\/\/www.europesays.com\/fr\/310855\/"},"modified":"2025-08-11T04:46:20","modified_gmt":"2025-08-11T04:46:20","slug":"notre-passion-est-meprisee-depuis-lhexagone-la-colere-de-luc-leblanc-contre-les-jugements-sur-le-tour-de-guadeloupe","status":"publish","type":"post","link":"https:\/\/www.europesays.com\/fr\/310855\/","title":{"rendered":"\u00ab\u00a0Notre passion est m\u00e9pris\u00e9e depuis l&rsquo;Hexagone\u00a0\u00bb, la col\u00e8re de Luc Leblanc contre les \u00ab\u00a0jugements\u00a0\u00bb sur le Tour de Guadeloupe"},"content":{"rendered":"<p>Le champion du monde 1994 Luc Leblanc a exprim\u00e9 ce dimanche sa col\u00e8re contre les m\u00e9dias qu&rsquo;il accuse de m\u00e9priser le Tour de Guadeloupe, th\u00e9\u00e2tre d&rsquo;une succession de couacs depuis le d\u00e9but de la semaine.<\/p>\n<p>\u00ab\u00a0Notre passion pour le cyclisme est trop souvent ignor\u00e9e, voire m\u00e9pris\u00e9e, depuis l\u2019Hexagone.\u00a0\u00bb Luc Leblanc en a gros sur le coeur. Install\u00e9 aux Antilles depuis plusieurs ann\u00e9es, l&rsquo;ancien champion du monde de cyclisme Luc Leblanc a r\u00e9dig\u00e9 un texte, publi\u00e9 ce dimanche sur <a href=\"https:\/\/www.cyclismactu.net\/news-cyclisme-tour-de-guadeloupe-le-triste-buzz-du-tour-de-guadeloupe-luc-leblanc-est-furax-89539.html?utm_campaign=post-auto&amp;utm_medium=twitter&amp;utm_source=mashup-cyclismactu#google_vignette\" target=\"_blank\" class=\"external_link\" rel=\"nofollow noopener\">Cyclismactu<\/a>, dans lequel il d\u00e9plore la couverture du <a href=\"https:\/\/rmcsport.bfmtv.com\/cyclisme\/cyclisme-une-enfant-de-10-ans-percutee-par-une-moto-sur-le-tour-de-guadeloupe_AV-202508100099.html\" title=\"Cyclisme: une enfant de 10 ans percut\u00e9e par une moto sur le Tour de Guadeloupe\" class=\"internal_link\" rel=\"nofollow noopener\" target=\"_blank\">Tour de Guadeloupe<\/a> par les m\u00e9dias m\u00e9tropolitains.<\/p>\n<p>D&rsquo;apr\u00e8s lui, ils ne se concentrent que sur les incidents de course et ne mettent pas en lumi\u00e8re la r\u00e9ussite populaire et sportive de l&rsquo;\u00e9v\u00e9nement. \u00ab\u00a0Chaque ann\u00e9e, le Tour cycliste international de la Guadeloupe est un \u00e9v\u00e9nement majeur pour notre \u00eele. Ce n\u2019est pas seulement une course. C\u2019est un moment de ferveur populaire, a-t-il \u00e9crit (&#8230;) Ici, le v\u00e9lo est une culture, un mode de vie, une fiert\u00e9.\u00a0\u00bb<\/p>\n<p>Et d&rsquo;ajouter: \u00ab\u00a0Et pourtant, o\u00f9 sont les cam\u00e9ras des grandes cha\u00eenes nationales? O\u00f9 sont les journalistes qui se bousculent pour couvrir les \u00e9tapes, interviewer les coureurs locaux, raconter les exploits, les sacrifices et la sueur de ceux qui se battent sur nos routes br\u00fblantes? Ils ne viennent pas. Ils ne voient pas. Et pourtant, ils jugent.\u00a0\u00bb<\/p>\n<p>Triche, incidents, dopage&#8230;<\/p>\n<p>Il faut dire que cette 74e \u00e9dition du Tour de Guadeloupe fait beaucoup <a href=\"https:\/\/rmcsport.bfmtv.com\/cyclisme\/une-insulte-a-l-organisation-un-tour-de-guadeloupe-entre-triche-coups-de-colere-et-accident-le-patron-de-la-course-se-justifie_AN-202508090038.html\" title=\"&quot;Une insulte \u00e0 l&#039;organisation&quot;: un Tour de Guadeloupe entre triche, coups de col\u00e8re et accident, le patron de la course se justifie\" class=\"internal_link\" rel=\"nofollow noopener\" target=\"_blank\">parler d&rsquo;elle pour ses couacs depuis son d\u00e9part de Pointe-\u00e0-Pitre le 1er ao\u00fbt<\/a>. Des coureurs exclus apr\u00e8s avoir <a href=\"https:\/\/rmcsport.bfmtv.com\/cyclisme\/cyclisme-caches-derriere-une-voiture-avant-de-reintegrer-le-peloton-deux-coureurs-se-font-exclure-du-tour-de-la-guadeloupe_AN-202508040108.html\" title=\"Cyclisme: cach\u00e9s derri\u00e8re une voiture avant de r\u00e9int\u00e9grer le peloton, deux coureurs se font exclure du Tour de la Guadeloupe\" class=\"internal_link\" rel=\"nofollow noopener\" target=\"_blank\">s&rsquo;\u00eatre cach\u00e9s derri\u00e8re des voitures pour r\u00e9int\u00e9grer le peloton en douce<\/a> au <a href=\"https:\/\/rmcsport.bfmtv.com\/cyclisme\/cyclisme-nouvelle-galere-sur-le-tour-de-guadeloupe-la-caravane-publicitaire-provoque-un-gros-carambolage_AV-202508080353.html\" title=\"Cyclisme: nouvelle gal\u00e8re sur le Tour de Guadeloupe, la caravane publicitaire provoque un gros carambolage\" class=\"internal_link\" rel=\"nofollow noopener\" target=\"_blank\">carambolage de la caravane publicitaire<\/a> en passant par <a href=\"https:\/\/rmcsport.bfmtv.com\/cyclisme\/cyclisme-nouveau-scandale-au-tour-de-guadeloupe-deux-coureurs-exclus-pour-dopage_AV-202508090134.html\" title=\"Cyclisme: nouveau scandale au Tour de Guadeloupe, deux coureurs exclus pour dopage\" class=\"internal_link\" rel=\"nofollow noopener\" target=\"_blank\">les exclusions pour dopage<\/a>, le patron de la course Fr\u00e9d\u00e9ric Th\u00e9obald, n&rsquo;a pas eu de r\u00e9pit.<\/p>\n<p>Autant de p\u00e9rip\u00e9ties qui ont \u00e9clips\u00e9 le c\u00f4t\u00e9 sportif, pour son plus grand d\u00e9sarroi. \u00ab\u00a0On ne va pas commenter toutes les choses n\u00e9gatives qu&rsquo;il y a sur le tour, a-t-il <a href=\"https:\/\/rmcsport.bfmtv.com\/cyclisme\/une-insulte-a-l-organisation-un-tour-de-guadeloupe-entre-triche-coups-de-colere-et-accident-le-patron-de-la-course-se-justifie_AN-202508090038.html\" title=\"&quot;Une insulte \u00e0 l&#039;organisation&quot;: un Tour de Guadeloupe entre triche, coups de col\u00e8re et accident, le patron de la course se justifie\" class=\"internal_link\" rel=\"nofollow noopener\" target=\"_blank\">d\u00e9plor\u00e9 sur RMC<\/a>. Il y a des choses positives, il y a de belles \u00e9tapes, on valorise l&rsquo;\u00eele et on tient compte de toutes ces choses pour le futur.\u00a0\u00bb<\/p>\n<p>C&rsquo;est ce que Luc Leblanc, porteur du maillot arc-en-ciel en 1994 (ann\u00e9e durant laquelle il a avou\u00e9 avoir pris de l&rsquo;EPO sur la Vuelta et le Tour de France), regrette dans sa tribune.<\/p>\n<p>\u00ab\u00a0Le Tour de Guadeloupe est bien plus qu\u2019une \u00e9preuve cycliste: c\u2019est un miroir de notre \u00e2me, a-t-il clam\u00e9. Ce silence des m\u00e9dias nationaux n\u2019est pas anodin. Il refl\u00e8te un manque de consid\u00e9ration chronique pour les territoires ultramarins, comme si ce qui se passe en dehors de l\u2019Hexagone n\u2019avait pas la m\u00eame valeur.\u00a0\u00bb<\/p>\n<p>Avant de conclure: \u00ab\u00a0Je lance un appel. Venez voir. Venez comprendre. Venez ressentir. Et vous verrez que le cyclisme guadeloup\u00e9en m\u00e9rite toute votre attention, votre respect, et surtout, votre reconnaissance. Car tant qu\u2019on ne regarde pas avec les yeux du c\u0153ur, on ne voit rien.\u00a0\u00bb<\/p>\n","protected":false},"excerpt":{"rendered":"Le champion du monde 1994 Luc Leblanc a exprim\u00e9 ce dimanche sa col\u00e8re contre les m\u00e9dias qu&rsquo;il accuse&hellip;\n","protected":false},"author":2,"featured_media":310856,"comment_status":"","ping_status":"","sticky":false,"template":"","format":"standard","meta":{"footnotes":""},"categories":[1411],"tags":[1154,207,1011,27,60],"class_list":{"0":"post-310855","1":"post","2":"type-post","3":"status-publish","4":"format-standard","5":"has-post-thumbnail","7":"category-cyclisme","8":"tag-cycling","9":"tag-cyclisme","10":"tag-fr","11":"tag-france","12":"tag-sports"},"share_on_mastodon":{"url":"https:\/\/pubeurope.com\/@fr\/115008319210072581","error":""},"_links":{"self":[{"href":"https:\/\/www.europesays.com\/fr\/wp-json\/wp\/v2\/posts\/310855","targetHints":{"allow":["GET"]}}],"collection":[{"href":"https:\/\/www.europesays.com\/fr\/wp-json\/wp\/v2\/posts"}],"about":[{"href":"https:\/\/www.europesays.com\/fr\/wp-json\/wp\/v2\/types\/post"}],"author":[{"embeddable":true,"href":"https:\/\/www.europesays.com\/fr\/wp-json\/wp\/v2\/users\/2"}],"replies":[{"embeddable":true,"href":"https:\/\/www.europesays.com\/fr\/wp-json\/wp\/v2\/comments?post=310855"}],"version-history":[{"count":0,"href":"https:\/\/www.europesays.com\/fr\/wp-json\/wp\/v2\/posts\/310855\/revisions"}],"wp:featuredmedia":[{"embeddable":true,"href":"https:\/\/www.europesays.com\/fr\/wp-json\/wp\/v2\/media\/310856"}],"wp:attachment":[{"href":"https:\/\/www.europesays.com\/fr\/wp-json\/wp\/v2\/media?parent=310855"}],"wp:term":[{"taxonomy":"category","embeddable":true,"href":"https:\/\/www.europesays.com\/fr\/wp-json\/wp\/v2\/categories?post=310855"},{"taxonomy":"post_tag","embeddable":true,"href":"https:\/\/www.europesays.com\/fr\/wp-json\/wp\/v2\/tags?post=310855"}],"curies":[{"name":"wp","href":"https:\/\/api.w.org\/{rel}","templated":true}]}}