{"id":31086,"date":"2025-04-17T07:07:10","date_gmt":"2025-04-17T07:07:10","guid":{"rendered":"https:\/\/www.europesays.com\/fr\/31086\/"},"modified":"2025-04-17T07:07:10","modified_gmt":"2025-04-17T07:07:10","slug":"il-y-a-un-potentiel-incroyable","status":"publish","type":"post","link":"https:\/\/www.europesays.com\/fr\/31086\/","title":{"rendered":"Il y a un potentiel incroyable"},"content":{"rendered":"<p>L\u2019acte de vente a \u00e9t\u00e9 officiellement sign\u00e9 jeudi 3\u00a0avril 2025. Situ\u00e9 le long de la N147 aux portes de Poitiers, le golf de Mignaloux-Beauvoir, ouvert depuis 1991, vient de changer de propri\u00e9taires. <a title=\"Le golf de Mignaloux-Beauvoir prend un nouveau d\u00e9part\" target=\"_self\" href=\"https:\/\/www.lanouvellerepublique.fr\/vienne\/commune\/mignaloux-beauvoir\/le-golf-de-mignaloux-beauvoir-prend-un-nouveau-depart\" rel=\"noopener\">Andr\u00e9 et Jacqueline Nicolay<\/a>, \u00e0 la t\u00eate du domaine depuis une quinzaine d\u2019ann\u00e9es, ont pass\u00e9 la main \u00e0 cinq entrepreneurs poitevins. Il s\u2019agit de Jean-Marie Broquin et de deux fratries\u00a0: Manuel et Aur\u00e9lien P\u00e9treau, Fran\u00e7ois et Guillaume Colasson.<\/p>\n<p>\u00ab\u00a0Communiquer diff\u00e9remment et multiplier les animations\u00a0\u00bb<\/p>\n<p>\u00ab\u00a0On n\u2019est pas golfeurs\u00a0\u00bb, reconna\u00eet Manuel P\u00e9treau, en revenant sur cette acquisition. \u00ab\u00a0Mais nous sommes tomb\u00e9s amoureux du lieu en le visitant.\u00a0\u00bb Ouvert sept jours sur sept, ce site de 92\u00a0ha se distingue par son parcours plat et arbor\u00e9 de dix-huit trous, son acad\u00e9mie, son club-house avec guichet d\u2019accueil, boutique et restaurant, mais aussi par son simulateur de golf utilisable en int\u00e9rieur comme en ext\u00e9rieur.<\/p>\n<p><img alt=\"Un golfeur sur le parcours dix-huit trous du golf de Mignaloux-Beauvoir, le 15\u00a0avril 2025.\" loading=\"lazy\" width=\"980\" height=\"573\" decoding=\"async\" data-nimg=\"1\" class=\"img-responsive spinner-show\" style=\"color:transparent;background-size:cover;background-position:50% 50%;background-repeat:no-repeat;background-image:url(&quot;data:image\/svg+xml;charset=utf-8,%3Csvg xmlns=\" http:=\"\" viewbox=\"0 0 980 573\" id=\"b\" color-interpolation-filters=\"sRGB\" stddeviation=\"20\" values=\"1 0 0 0 0 0 1 0 0 0 0 0 1 0 0 0 0 0 100 -1\" result=\"s\" x=\"0\" y=\"0\" operator=\"out\" in=\"s\" in2=\"SourceGraphic\" preserveaspectratio=\"none\" href=\"https:\/\/images.lanouvellerepublique.fr\/image\/upload\/t_88w\/f_auto\/67feb05b0d55ac31178b45f1.jpg\"   src=\"https:\/\/www.europesays.com\/fr\/wp-content\/uploads\/2025\/04\/67feb05b0d55ac31178b45f1.jpg\"\/><\/p>\n<p style=\"background-color:#F2F2F2;padding:5px;margin-top:0px;margin-bottom:10px\">Un golfeur sur le parcours dix-huit trous du golf de Mignaloux-Beauvoir, le 15\u00a0avril 2025.<br \/> \u00a9 (Photo NR-CP, \u00c9douard Daniel)<\/p>\n<p>Malgr\u00e9 ces nombreux atouts, le golf, membre du <a target=\"_blank\" href=\"https:\/\/www.golfy.fr\/\" rel=\"noopener\">r\u00e9seau Golfy<\/a>, souffre, selon ses nouveaux g\u00e9rants regroup\u00e9s au sein d\u2019une SAS, d\u2019une image de \u00ab\u00a0belle endormie\u00a0\u00bb. \u00ab\u00a0Les Poitevins ne viennent pas forc\u00e9ment ici. C\u2019est pourtant un espace rare, atypique, qui ne demande qu\u2019\u00e0 \u00eatre connu\u00a0\u00bb, indique Jean-Marie Broquin. Manuel P\u00e9treau abonde dans le m\u00eame sens\u00a0: \u00ab\u00a0C\u2019est dommage qu\u2019il y ait si peu de monde, alors qu\u2019il y a un potentiel incroyable.\u00a0\u00bb<\/p>\n<p>Pour attirer une client\u00e8le plus large et rajeunie, lui et ses associ\u00e9s entendent \u00ab\u00a0communiquer diff\u00e9remment et multiplier les animations\u00a0\u00bb, tout en maintenant l\u2019exp\u00e9rience golfique. De nouveaux am\u00e9nagements ont ainsi \u00e9t\u00e9 r\u00e9alis\u00e9s comme un boulodrome et une guinguette, install\u00e9e pr\u00e8s du practice (terrain d\u2019entra\u00eenement) et ouverte le jeudi de 18\u00a0h \u00e0 22\u00a0h.<\/p>\n<p><img alt=\"Le club-house du golf de Mignaloux-Beauvoir, qui compte un guichet d\u2019accueil, une boutique et un restaurant, sera enti\u00e8rement r\u00e9habilit\u00e9 d\u2019ici 2026.\" loading=\"lazy\" width=\"980\" height=\"573\" decoding=\"async\" data-nimg=\"1\" class=\"img-responsive spinner-show\" style=\"color:transparent;background-size:cover;background-position:50% 50%;background-repeat:no-repeat;background-image:url(&quot;data:image\/svg+xml;charset=utf-8,%3Csvg xmlns=\" http:=\"\" viewbox=\"0 0 980 573\" id=\"b\" color-interpolation-filters=\"sRGB\" stddeviation=\"20\" values=\"1 0 0 0 0 0 1 0 0 0 0 0 1 0 0 0 0 0 100 -1\" result=\"s\" x=\"0\" y=\"0\" operator=\"out\" in=\"s\" in2=\"SourceGraphic\" preserveaspectratio=\"none\" href=\"https:\/\/images.lanouvellerepublique.fr\/image\/upload\/t_88w\/f_auto\/67feb05bb49f3ba30b8b45ce.jpg\"   src=\"https:\/\/www.europesays.com\/fr\/wp-content\/uploads\/2025\/04\/67feb05bb49f3ba30b8b45ce.jpg\"\/><\/p>\n<p style=\"background-color:#F2F2F2;padding:5px;margin-top:0px;margin-bottom:10px\">Le club-house du golf de Mignaloux-Beauvoir, qui compte un guichet d\u2019accueil, une boutique et un restaurant, sera enti\u00e8rement r\u00e9habilit\u00e9 d\u2019ici 2026.<br \/> \u00a9 (Photo NR-CP, \u00c9douard Daniel)<\/p>\n<p>\u00ab\u00a0Nous souhaitons \u00e9galement revoir notre offre de restauration et d\u00e9velopper la partie \u00e9v\u00e9nementielle avec des s\u00e9minaires et des mariages, mais aussi une offre de coworking, afin de pouvoir travailler et profiter du cadre\u00a0\u00bb, poursuit Manuel P\u00e9treau. Il faudra attendre 2026 et la r\u00e9habilitation du club-house, r\u00e9alis\u00e9e en lien avec l\u2019agence d\u2019architecture d\u2019int\u00e9rieur <a title=\"Lien vers le site internet de l&#039;agence A2i\" target=\"_blank\" href=\"https:\/\/aurelie-enaux.fr\/\" rel=\"noopener\">A2i<\/a> de Poitiers.<\/p>\n<p>Nouveau directeur<\/p>\n<p>Le rachat du golf de Mignaloux-Beauvoir co\u00efncide avec l\u2019arriv\u00e9e d\u2019un nouveau directeur, \u00c9douard Guillaumet, en provenance du <a title=\"Les Forges : r\u00e9ouverture du restaurant La Bergerie du Golf\" target=\"_self\" href=\"https:\/\/www.lanouvellerepublique.fr\/deux-sevres\/commune\/les-forges\/les-forges-reouverture-du-restaurant-la-bergerie-du-golf\" rel=\"noopener\">golf des Forges<\/a>, dans les Deux-S\u00e8vres. Depuis le 1er\u00a0avril, il est \u00e0 la t\u00eate d\u2019une \u00e9quipe de sept salari\u00e9s, dont trois jardiniers plac\u00e9s sous la responsabilit\u00e9 d\u2019un greenkeeper, sans compter les deux professeurs de l\u2019\u00e9cole de golf. Et lui aussi assure \u00ab\u00a0qu\u2019il y a un potentiel\u00a0\u00bb sur cet \u00e9crin de verdure.<\/p>\n","protected":false},"excerpt":{"rendered":"L\u2019acte de vente a \u00e9t\u00e9 officiellement sign\u00e9 jeudi 3\u00a0avril 2025. Situ\u00e9 le long de la N147 aux portes&hellip;\n","protected":false},"author":2,"featured_media":31087,"comment_status":"","ping_status":"","sticky":false,"template":"","format":"standard","meta":{"footnotes":""},"categories":[1418],"tags":[1392,9332,33,1011,27,1472,1393,4387,10627,60,1584],"class_list":{"0":"post-31086","1":"post","2":"type-post","3":"status-publish","4":"format-standard","5":"has-post-thumbnail","7":"category-golf","8":"tag-a-la-une-local","9":"tag-centrepresse","10":"tag-economie","11":"tag-fr","12":"tag-france","13":"tag-golf","14":"tag-loisirs","15":"tag-loisirs-sportifs","16":"tag-mignaloux-beauvoir","17":"tag-sports","18":"tag-vienne"},"share_on_mastodon":{"url":"https:\/\/pubeurope.com\/@fr\/114352045611944713","error":""},"_links":{"self":[{"href":"https:\/\/www.europesays.com\/fr\/wp-json\/wp\/v2\/posts\/31086","targetHints":{"allow":["GET"]}}],"collection":[{"href":"https:\/\/www.europesays.com\/fr\/wp-json\/wp\/v2\/posts"}],"about":[{"href":"https:\/\/www.europesays.com\/fr\/wp-json\/wp\/v2\/types\/post"}],"author":[{"embeddable":true,"href":"https:\/\/www.europesays.com\/fr\/wp-json\/wp\/v2\/users\/2"}],"replies":[{"embeddable":true,"href":"https:\/\/www.europesays.com\/fr\/wp-json\/wp\/v2\/comments?post=31086"}],"version-history":[{"count":0,"href":"https:\/\/www.europesays.com\/fr\/wp-json\/wp\/v2\/posts\/31086\/revisions"}],"wp:featuredmedia":[{"embeddable":true,"href":"https:\/\/www.europesays.com\/fr\/wp-json\/wp\/v2\/media\/31087"}],"wp:attachment":[{"href":"https:\/\/www.europesays.com\/fr\/wp-json\/wp\/v2\/media?parent=31086"}],"wp:term":[{"taxonomy":"category","embeddable":true,"href":"https:\/\/www.europesays.com\/fr\/wp-json\/wp\/v2\/categories?post=31086"},{"taxonomy":"post_tag","embeddable":true,"href":"https:\/\/www.europesays.com\/fr\/wp-json\/wp\/v2\/tags?post=31086"}],"curies":[{"name":"wp","href":"https:\/\/api.w.org\/{rel}","templated":true}]}}