{"id":310863,"date":"2025-08-11T04:51:15","date_gmt":"2025-08-11T04:51:15","guid":{"rendered":"https:\/\/www.europesays.com\/fr\/310863\/"},"modified":"2025-08-11T04:51:15","modified_gmt":"2025-08-11T04:51:15","slug":"lamie-prodigieuse-une-saison-finale-magistrale-telerama","status":"publish","type":"post","link":"https:\/\/www.europesays.com\/fr\/310863\/","title":{"rendered":"\u201cL\u2019Amie prodigieuse\u201d : une saison finale magistrale &#8211; T\u00e9l\u00e9rama"},"content":{"rendered":"<ol>\n<li><a href=\"https:\/\/news.google.com\/rss\/articles\/CBMingFBVV95cUxNVEhIWXFqOUhIRWJycmVvOEdDVWM3QmlwM0t6ODF0Y01sSDRLZ0EycUhoaUVlWmZKZmJxZUMxRTJZNWYyU21LR3dKaWlGZmhzck95NFhWSmQ1ckZqbkI0VVB1Q2hYNDROdXc0MHVGRlJLZk1XQ2dlaUlHNVhwR0pCaEFUMGpvS3dTLUZaMmFfUmZyLVEzbmhvOHZsSlpBQQ?oc=5\" target=\"_blank\" rel=\"nofollow noopener\">\u201cL\u2019Amie prodigieuse\u201d : une saison finale magistrale<\/a>&nbsp;&nbsp;T\u00e9l\u00e9rama<\/li>\n<li><a href=\"https:\/\/news.google.com\/rss\/articles\/CBMiZEFVX3lxTE9yRWJKUVNrUXFOcHcwRXVOckZfOXJoMXB3N3VaYTZMenRLWkFIRm5yc3dfdUtuTk9CX0c3ZmRueExhN092ZUJicm9haWJPckVfMUZrQTJfdmFBbVpRODhTUTR0UGU?oc=5\" target=\"_blank\" rel=\"nofollow noopener\">L\u2019AMIE PRODIGIEUSE saison 4 et ultime chapitre !<\/a>&nbsp;&nbsp;Lubie en S\u00e9rie<\/li>\n<li><a href=\"https:\/\/news.google.com\/rss\/articles\/CBMihgFBVV95cUxNcTB1VTRhejVGeWYxUkFOSDJxcnhab3hkMXVHMDNLUXFqbjE4a1ZBR3NJRHBKeXNzRXZpdEJZcWdCbnBaaG1qVUNwS3FyQTc4QzBFMER1U1BYT3I1SEVxMFhWb2t0ZWJ2MEliWjhJbWJrNWlfd2dGeTJXdGV6QVlEVzF4WG5rUQ?oc=5\" target=\"_blank\" rel=\"nofollow noopener\">Transfert &#8211; L&rsquo;ami prodigieux<\/a>&nbsp;&nbsp;Slate.fr<\/li>\n<li><a href=\"https:\/\/news.google.com\/rss\/articles\/CBMijgJBVV95cUxQMmtocHF1ckNWcjluMUJXZjdiZnoyYzFuNEkwNDAtNVBwRTVUM0t1X21QUEUwZC1mWWpMYjd0T2NnLW1aVzZwMzg2czRjVUtEOWN5Qmxid09BUGh2LVNRa0FXbk1ZWVhKVUtSdXlIRllQeHF5R05fbllyUnlnT2VjNEszZmM2NEtuQUdSQ3dybkRhczhlbG1LWmFYMG42eWpkeDBxMjRqdng3VUhlckZ0cHpxT2tDTy1DdkFwOGFlQmhKN2Vtd3VNSmJuNHpNMkZSQTFSYU5FUXdZdWpTSkd2Uk9HdmNRRWh0SG9FTjBtTHhWOVFiV25FMTJYXzNwTGlOUlZ5T28zaFhBZ1R5MXc?oc=5\" target=\"_blank\" rel=\"nofollow noopener\">Apr\u00e8s une longue attente, cette s\u00e9rie adapt\u00e9e d&rsquo;une saga litt\u00e9raire \u00e9coul\u00e9e \u00e0 plusieurs millions d&rsquo;exemplaires touche \u00e0 sa fin<\/a>&nbsp;&nbsp;Masculin.com<\/li>\n<li><a href=\"https:\/\/news.google.com\/rss\/articles\/CBMi5AFBVV95cUxQc0QzcTh6QWFrSFBpMG1xVVI2UldMeXVSRnZBN0taYmh5NXlucDdoRmQ3US1RVkV3VndMaWpkVm9RcWQxS09VTzVZdXZPUnduNlRPeDZyNmVnblh1bWlYRXZtSmVMUzk3dXRubEFfcE5SOHJ6WHlZekItcU1qT0RrQTRTSW13OC1DcUxOZlpncXAxUDZLaV9tb0p1Ul90UVUxalZQY2VISi00ZGxBN0FNYXJ3cmRhZUxTMUpMTDZLSGRGV1VCbzZlaTVDa2U5dDZqNk5RbDA0RmxSYzVUSEIzRUo1dGk?oc=5\" target=\"_blank\" rel=\"nofollow noopener\">\u201cL\u2019Amie prodigieuse\u201d, saison 1 : les h\u00e9ro\u00efnes napolitaines d\u2019Elena Ferrante dans une saga s\u00e9rielle \u00e9pique<\/a>&nbsp;&nbsp;T\u00e9l\u00e9rama<\/li>\n<\/ol>\n","protected":false},"excerpt":{"rendered":"\u201cL\u2019Amie prodigieuse\u201d : une saison finale magistrale&nbsp;&nbsp;T\u00e9l\u00e9rama L\u2019AMIE PRODIGIEUSE saison 4 et ultime chapitre !&nbsp;&nbsp;Lubie en S\u00e9rie Transfert&hellip;\n","protected":false},"author":2,"featured_media":310864,"comment_status":"","ping_status":"","sticky":false,"template":"","format":"standard","meta":{"footnotes":""},"categories":[1356],"tags":[58,59,1011,27,252,1364],"class_list":{"0":"post-310863","1":"post","2":"type-post","3":"status-publish","4":"format-standard","5":"has-post-thumbnail","7":"category-television","8":"tag-divertissement","9":"tag-entertainment","10":"tag-fr","11":"tag-france","12":"tag-television","13":"tag-tv"},"share_on_mastodon":{"url":"https:\/\/pubeurope.com\/@fr\/115008339088536441","error":""},"_links":{"self":[{"href":"https:\/\/www.europesays.com\/fr\/wp-json\/wp\/v2\/posts\/310863","targetHints":{"allow":["GET"]}}],"collection":[{"href":"https:\/\/www.europesays.com\/fr\/wp-json\/wp\/v2\/posts"}],"about":[{"href":"https:\/\/www.europesays.com\/fr\/wp-json\/wp\/v2\/types\/post"}],"author":[{"embeddable":true,"href":"https:\/\/www.europesays.com\/fr\/wp-json\/wp\/v2\/users\/2"}],"replies":[{"embeddable":true,"href":"https:\/\/www.europesays.com\/fr\/wp-json\/wp\/v2\/comments?post=310863"}],"version-history":[{"count":0,"href":"https:\/\/www.europesays.com\/fr\/wp-json\/wp\/v2\/posts\/310863\/revisions"}],"wp:featuredmedia":[{"embeddable":true,"href":"https:\/\/www.europesays.com\/fr\/wp-json\/wp\/v2\/media\/310864"}],"wp:attachment":[{"href":"https:\/\/www.europesays.com\/fr\/wp-json\/wp\/v2\/media?parent=310863"}],"wp:term":[{"taxonomy":"category","embeddable":true,"href":"https:\/\/www.europesays.com\/fr\/wp-json\/wp\/v2\/categories?post=310863"},{"taxonomy":"post_tag","embeddable":true,"href":"https:\/\/www.europesays.com\/fr\/wp-json\/wp\/v2\/tags?post=310863"}],"curies":[{"name":"wp","href":"https:\/\/api.w.org\/{rel}","templated":true}]}}