{"id":310867,"date":"2025-08-11T04:54:25","date_gmt":"2025-08-11T04:54:25","guid":{"rendered":"https:\/\/www.europesays.com\/fr\/310867\/"},"modified":"2025-08-11T04:54:25","modified_gmt":"2025-08-11T04:54:25","slug":"les-premieres-critiques-sont-unanimes","status":"publish","type":"post","link":"https:\/\/www.europesays.com\/fr\/310867\/","title":{"rendered":"les premi\u00e8res critiques sont unanimes"},"content":{"rendered":"<p><img decoding=\"async\" src=\"https:\/\/www.europesays.com\/fr\/wp-content\/uploads\/2025\/08\/4954677236958615.webp\" fetchpriority=\"high\" width=\"1280\" height=\"720\" alt=\"Jamie Lee Curtis et Lindsay Lohan reprennent leur r\u00f4le de m\u00e8re et de fille.\" data-image-id=\"4954677236958615\" class=\"watson-snippet__image bg-grey-10 block h-auto w-full \"\/><\/p>\n<p>Jamie Lee Curtis et Lindsay Lohan reprennent leur r\u00f4le de m\u00e8re et de fille.<\/p>\n<p>Le film culte du d\u00e9but des ann\u00e9es 2000 est de retour dans une suite actuellement au cin\u00e9ma. Lindsay Lohan et Jamie Lee Curtis reprennent leur r\u00f4le respectif. Les premiers avis sont unanimes: pas de surprise, mais une complicit\u00e9 entre les deux actrices qui fonctionne.<\/p>\n<p>06.08.2025, 18:5506.08.2025, 18:55<\/p>\n<p><img decoding=\"async\" src=\"https:\/\/www.europesays.com\/fr\/wp-content\/uploads\/2025\/08\/8352593458048619.webp\" alt=\"Marie-Ad\u00e8le Copin\" width=\"50\" height=\"50\" loading=\"lazy\" class=\"h-auto w-14 rounded-full\"\/><\/p>\n<p>Suivez-moi<\/p>\n<p>Plus de \u00abDivertissement\u00bb<\/p>\n<p class=\"watson-snippet__text my-6 text-[16px] lg:text-[18px] leading-normal md:w-3\/5\">Dans Freaky Friday: Dans la peau de ma m\u00e8re, Jamie Lee Curtis hurlait en se voyant dans le miroir: \u00abJe suis vieille!!!!\u00bb Se dire que cette r\u00e9plique a plus de 20 ans ne nous rajeunit pas non plus. <strong>Freaky Friday: Encore dans la peau de ma m\u00e8re est sorti au cin\u00e9ma ce mercredi 6 ao\u00fbt.<\/strong> Ce second volet fait suite aux aventures d&rsquo;Anna (Lindsay Lohan) et de sa m\u00e8re Tess (Jamie Lee Curtis). Sauf que, cette fois-ci, l&rsquo;ado pop-punk qui voulait vivre son histoire d&rsquo;amour avec son boyfriend motard a bien grandi. Elle est \u00e0 son tour maman c\u00e9libataire d&rsquo;une ado nomm\u00e9e Harper (Julia Butters). Tess est quant \u00e0 elle toujours mari\u00e9e \u00e0 Ryan.<\/p>\n<p class=\"watson-snippet__text my-6 text-[16px] lg:text-[18px] leading-normal md:w-3\/5\">Mais quand Anna tombe amoureuse d&rsquo;Eric, un veuf fraichement d\u00e9barqu\u00e9 de Londres avec sa fille Lily (Sophia Hammons), on d\u00e9couvre que Harper et Lily se d\u00e9testent. Forc\u00e9ment, lorsque le couple veut se marier, les deux adolescentes font comme Anna jadis, elles s&rsquo;y opposent \u00e0 leur fa\u00e7on.<\/p>\n<p>La bande-annonce: <\/p>\n<p class=\"watson-snippet__text my-6 text-[16px] lg:text-[18px] leading-normal md:w-3\/5\">Comme on peut facilement le pr\u00e9voir, Anna et Harper vont s&rsquo;\u00e9changer leurs corps, mais pas seulement. Jamie Lee Curtis, pilier de cette com\u00e9die, doit elle aussi prendre la lumi\u00e8re: <strong>Tess va \u00e9changer de corps avec celui sa future belle petite-fille Lily.<\/strong><\/p>\n<p>Qu&rsquo;en pensent les m\u00e9dias sp\u00e9cialis\u00e9s?<\/p>\n<p class=\"watson-snippet__text my-6 text-[16px] lg:text-[18px] leading-normal md:w-3\/5\">Pour le site <a target=\"_blank\" rel=\"nofollow noopener\" href=\"https:\/\/www.premiere.fr\/Cinema\/News-Cinema\/Freaky-Friday-2-Encore-dans-la-peau-de-ma-mere-Une-suite-decevante--critique\" class=\"\">Premi\u00e8re<\/a>, <strong>c&rsquo;est une suite d\u00e9cevante.<\/strong> Selon le site francophone sp\u00e9cialis\u00e9, on voit toutes les sc\u00e8nes venir \u00e0 l\u2019avance: \u00abL&rsquo;effet recherch\u00e9 \u2013 qu\u2019il soit comique ou \u00e9mouvant \u2013 se d\u00e9gonfle irr\u00e9m\u00e9diablement.\u00bb<\/p>\n<p>\u00abOn imagine une foule de rebondissements et de mani\u00e8re de jouer avec ce concept de Body Swap (&#8230;) il n\u2019en sera rien\u00bb<\/p>\n<p class=\"watson-snippet__text my-6 text-[16px] lg:text-[18px] leading-normal md:w-3\/5\">Si le premier volet a cartonn\u00e9, c&rsquo;est notamment gr\u00e2ce au r\u00e9alisateur Mark Waters, qui a \u00e9galement r\u00e9alis\u00e9 \u00e0 l&rsquo;\u00e9poque Lolita Malgr\u00e9 moi, l&rsquo;autre com\u00e9die \u00e0 succ\u00e8s avec Lindsay Lohan. Freaky Friday 2 a \u00e9t\u00e9 confi\u00e9 \u00e0 Nisha Ganatra \u00ab\u00e0 qui l\u2019on doit les tr\u00e8s lisses Late Night avec Emma Thompson et La Voix du succ\u00e8s avec Dakota Johnson\u00bb, comme le pr\u00e9cise Le Parisien. Pour <a target=\"_blank\" rel=\"nofollow noopener\" href=\"https:\/\/www.lesinrocks.com\/cinema\/pourquoi-freaky-friday-2-est-plus-quun-simple-revival-677935-05-08-2025\/\">Les Inrocks<\/a>, \u00absa mise en sc\u00e8ne, \u00e0 d\u00e9faut d\u2019\u00eatre inventive, fait preuve d\u2019un sens du rythme, d\u2019une lucidit\u00e9 sans cynisme et d\u2019un regard attentif aux d\u00e9tails.\u00bb<\/p>\n<p class=\"watson-snippet__text my-6 text-[16px] lg:text-[18px] leading-normal md:w-3\/5\">La pr\u00e9visibilit\u00e9 du film n&rsquo;a pas d\u00e9rang\u00e9 le <a target=\"_blank\" rel=\"nofollow noopener\" href=\"https:\/\/www.huffingtonpost.fr\/culture\/article\/freaky-friday-2-avec-lindsay-lohan-est-aussi-kitsch-que-nostalgique-et-ca-fonctionne_253182.html\" class=\"\">Huffington Post<\/a> qui confirme qu&rsquo;il n&rsquo;y a aucun suspense, mais que \u00e7a ne g\u00e2che pas le plaisir. <\/p>\n<p>\u00abC&rsquo;est kitsch et parfois niais, mais \u00e7a n\u2019en reste pas moins jubilatoire\u00bb<\/p>\n<p class=\"watson-snippet__text my-6 text-[16px] lg:text-[18px] leading-normal md:w-3\/5\">Pour Le Parisien, c&rsquo;est \u00abrigolo et distrayant\u00bb, notamment gr\u00e2ce \u00e0 Jamie Lee Curtis qui porte le film \u00abgr\u00e2ce \u00e0 son sens de l\u2019humour et de l\u2019autod\u00e9rision\u00bb. Cette suite a notamment pu voir le jour gr\u00e2ce \u00e0 elle, qui a voulu ce retour. M\u00eame son de cloche pour le site am\u00e9ricain <a target=\"_blank\" rel=\"nofollow noopener\" href=\"https:\/\/deadline.com\/2025\/08\/freakier-friday-review-lindsay-lohan-jamie-lee-curtis-1236477451\/\">Deadline<\/a>, qui imagine parfaitement la com\u00e9dienne \u00eatre nomin\u00e9e pour un Golden Globe. <\/p>\n<p>\u00abElle est hilarante et Lindsay Lohan la suit \u00e0 la perfection\u00bb<\/p>\n<p>Deadline<\/p>\n<p class=\"watson-snippet__text my-6 text-[16px] lg:text-[18px] leading-normal md:w-3\/5\">Dans l&rsquo;ensemble, le film obtient de bonnes critiques, comme on peut le lire sur le site <a target=\"_blank\" rel=\"nofollow noopener\" href=\"https:\/\/editorial.rottentomatoes.com\/article\/freakier-friday-first-reviews\/\" class=\"\">Rotten Tomatoes<\/a> qui r\u00e9unit les avis des m\u00e9dias sp\u00e9cialis\u00e9s. La plateforme conclut ainsi: <strong>\u00abUne suite hilarante et pleine de nostalgie.\u00bb<\/strong><\/p>\n<p>C&rsquo;est aussi sorti ce mercredi, mais sur Netflix:Fan de cin\u00e9ma? Ces articles pourraient vous int\u00e9resser!Les coulisses du prochain Spider-Man<\/p>\n<p>Vid\u00e9o: watson<\/p>\n<p>Les stars en vacances d&rsquo;\u00e9t\u00e9<\/p>\n<p>1 \/ 17<\/p>\n<p>Les stars en vacances d&rsquo;\u00e9t\u00e9<\/p>\n<p>Les stars en vacances d&rsquo;\u00e9t\u00e9 <\/p>\n<p><a href=\"\" target=\"_blank\" aria-label=\"partager sur Facebook\" class=\"watson-sharebar__panel__icons-fb mr-2\"><img decoding=\"async\" src=\"https:\/\/www.europesays.com\/fr\/wp-content\/uploads\/2025\/04\/facebook.png\" alt=\"partager sur Facebook\" width=\"20\" height=\"20\" loading=\"lazy\" class=\"h-5 w-auto lg:h-4\"\/><\/a><a href=\"\" target=\"_blank\" aria-label=\"partager sur X\" class=\"watson-sharebar__panel__icons-tw mr-2\"><img decoding=\"async\" src=\"https:\/\/www.watson.ch\/fr\/_watsui\/static\/img\/socialicons\/icon_filled_x.svg\" alt=\"partager sur X\" width=\"20\" height=\"20\" loading=\"lazy\" class=\"h-4 w-auto lg:h-3\"\/><\/a><\/p>\n<p>Ceci pourrait \u00e9galement vous int\u00e9resser:<\/p>\n<p>        <a href=\"https:\/\/www.watson.ch\/fr\/divertissement\/livre\/987229039-une-edition-tres-rare-du-hobbit-a-ete-vendue-pour-une-fortune\" aria-label=\"L\u2019article\" class=\"watson-next-story__link absolute inset-0 z-10\" rel=\"nofollow noopener\" target=\"_blank\"><\/p>\n<p>Une premi\u00e8re \u00e9dition rare du Hobbit a \u00e9t\u00e9 vendue pour un joli pactole. Il s&rsquo;agit d&rsquo;une \u00abtrouvaille d&rsquo;une raret\u00e9 inimaginable\u00bb, selon la maison de vente aux ench\u00e8res.<\/p>\n<p>En Grande-Bretagne, une rare premi\u00e8re \u00e9dition du roman de J.R.R. Tolkien, Le Hobbit, a \u00e9t\u00e9 vendue aux ench\u00e8res. Mercredi, un collectionneur britannique a offert 43 000 livres sterling (environ 46 000 francs suisses) pour le livre et a remport\u00e9 l&rsquo;ench\u00e8re. <\/p>\n","protected":false},"excerpt":{"rendered":"Jamie Lee Curtis et Lindsay Lohan reprennent leur r\u00f4le de m\u00e8re et de fille. Le film culte du&hellip;\n","protected":false},"author":2,"featured_media":310868,"comment_status":"","ping_status":"","sticky":false,"template":"","format":"standard","meta":{"footnotes":""},"categories":[1354],"tags":[58,59,1346,1011,27,1360],"class_list":{"0":"post-310867","1":"post","2":"type-post","3":"status-publish","4":"format-standard","5":"has-post-thumbnail","7":"category-films","8":"tag-divertissement","9":"tag-entertainment","10":"tag-films","11":"tag-fr","12":"tag-france","13":"tag-movies"},"share_on_mastodon":{"url":"https:\/\/pubeurope.com\/@fr\/115008351361065175","error":""},"_links":{"self":[{"href":"https:\/\/www.europesays.com\/fr\/wp-json\/wp\/v2\/posts\/310867","targetHints":{"allow":["GET"]}}],"collection":[{"href":"https:\/\/www.europesays.com\/fr\/wp-json\/wp\/v2\/posts"}],"about":[{"href":"https:\/\/www.europesays.com\/fr\/wp-json\/wp\/v2\/types\/post"}],"author":[{"embeddable":true,"href":"https:\/\/www.europesays.com\/fr\/wp-json\/wp\/v2\/users\/2"}],"replies":[{"embeddable":true,"href":"https:\/\/www.europesays.com\/fr\/wp-json\/wp\/v2\/comments?post=310867"}],"version-history":[{"count":0,"href":"https:\/\/www.europesays.com\/fr\/wp-json\/wp\/v2\/posts\/310867\/revisions"}],"wp:featuredmedia":[{"embeddable":true,"href":"https:\/\/www.europesays.com\/fr\/wp-json\/wp\/v2\/media\/310868"}],"wp:attachment":[{"href":"https:\/\/www.europesays.com\/fr\/wp-json\/wp\/v2\/media?parent=310867"}],"wp:term":[{"taxonomy":"category","embeddable":true,"href":"https:\/\/www.europesays.com\/fr\/wp-json\/wp\/v2\/categories?post=310867"},{"taxonomy":"post_tag","embeddable":true,"href":"https:\/\/www.europesays.com\/fr\/wp-json\/wp\/v2\/tags?post=310867"}],"curies":[{"name":"wp","href":"https:\/\/api.w.org\/{rel}","templated":true}]}}