{"id":310869,"date":"2025-08-11T04:55:09","date_gmt":"2025-08-11T04:55:09","guid":{"rendered":"https:\/\/www.europesays.com\/fr\/310869\/"},"modified":"2025-08-11T04:55:09","modified_gmt":"2025-08-11T04:55:09","slug":"une-cuillere-de-cette-pate-a-tartiner-suffit-a-ameliorer-le-sommeil-confirme-ce-medecin","status":"publish","type":"post","link":"https:\/\/www.europesays.com\/fr\/310869\/","title":{"rendered":"une cuill\u00e8re de cette p\u00e2te \u00e0 tartiner suffit \u00e0 am\u00e9liorer le sommeil, confirme ce m\u00e9decin"},"content":{"rendered":"<p>\n                Elle emp\u00eache les pics de glyc\u00e9mie qui nous r\u00e9veillent.            <\/p>\n<p>Si la p\u00e9riode estivale est souvent synonyme de d\u00e9tente, elle s&rsquo;accompagne pour beaucoup d&rsquo;un sommeil de moins bonne qualit\u00e9. Difficult\u00e9s \u00e0 s&rsquo;endormir, r\u00e9veils nocturnes, sensation de fatigue au r\u00e9veil&#8230;\u00a0Ce ph\u00e9nom\u00e8ne s&rsquo;explique par trois facteurs\u00a0: la chaleur persistante, l&rsquo;exposition prolong\u00e9e \u00e0 la lumi\u00e8re du jour et le d\u00e9calage de nos habitudes estivales. Pour y rem\u00e9dier, un m\u00e9decin am\u00e9ricain a r\u00e9cemment partag\u00e9 une astuce toute b\u00eate\u00a0: manger une cuill\u00e8re d&rsquo;une certaine p\u00e2te \u00e0 tartiner avant d&rsquo;aller se coucher. \u00ab\u00a0\u00c7a ne co\u00fbte rien, alors que cela peut aider certaines personnes \u00e0 dormir\u00a0\u00bb, affirme-t-il.<\/p>\n<p>La version id\u00e9ale de cette p\u00e2te \u00e0 tartiner ne contient qu&rsquo;un seul ingr\u00e9dient. Pourquoi peut-elle vous aider \u00e0 vous endormir\u00a0? \u00ab\u00a0Il y a plusieurs raisons\u00a0\u00bb, explique le Dr Kunal Sood sur <a href=\"https:\/\/www.instagram.com\/reel\/DMVJugINp0G\/?utm_source=ig_web_copy_link\" target=\"_blank\" rel=\"nofollow noopener\">Instagram<\/a>. \u00ab\u00a0Elle\u00a0contient du tryptophane, un pr\u00e9curseur de la s\u00e9rotonine, qui a un effet calmant sur votre cerveau\u00a0\u00bb. La pr\u00e9paration est \u00e9galement riche en bonnes graisses, ralentissant l&rsquo;absorption des glucides, permettant de stabiliser la <a href=\"https:\/\/sante.journaldesfemmes.fr\/fiches-anatomie-et-examens\/2423998-glycemie-a-jeun-elevee-basse-normal-taux-faire-baisser-test\/\" title=\"Taux de glucose\" rel=\"nofollow noopener\" target=\"_blank\">glyc\u00e9mie<\/a>. \u00ab\u00a0La raison pour laquelle vous vous r\u00e9veillez parfois la nuit est \u00e0 cause du pic et de la chute soudains de la glyc\u00e9mie\u00a0\u00bb, d\u00e9taille l&rsquo;expert.\u00a0Dernier atout, le <a href=\"https:\/\/sante.journaldesfemmes.fr\/fiches-nutrition\/2559642-magnesium-marin-chlorure-bienfaits-medicament-cure\/\" title=\"Magn\u00e9sium\" rel=\"nofollow noopener\" target=\"_blank\">magn\u00e9sium<\/a> que cet ingr\u00e9dient\u00a0contient. Ce min\u00e9ral est r\u00e9put\u00e9 pour son effet relaxant, id\u00e9al pour am\u00e9liorer la qualit\u00e9 du sommeil.<\/p>\n<p>Cet ingr\u00e9dient miracle, vous l&rsquo;avez devin\u00e9, c&rsquo;est tout simplement le beurre de cacahu\u00e8te.\u00a0Longtemps boud\u00e9 pour sa richesse calorique, il a d\u00e9sormais retrouv\u00e9 ses lettres de noblesse. Riche en <a href=\"https:\/\/sante.journaldesfemmes.fr\/fiches-nutrition\/2850338-proteine-vegetale-liste-bienfaits-en-manger-soir\/\" title=\"Prot\u00e9ine v\u00e9g\u00e9tale\" rel=\"nofollow noopener\" target=\"_blank\">prot\u00e9ines v\u00e9g\u00e9tales<\/a>, en fibres et en bons nutriments, c&rsquo;est un v\u00e9ritable alli\u00e9 nutritionnel, \u00e0 condition de bien le choisir. Privil\u00e9giez une composition la plus pure possible, o\u00f9 seule la cacahu\u00e8te figure dans la liste d&rsquo;ingr\u00e9dients. Ces beurres, souvent qualifi\u00e9s de \u00ab\u00a0naturels\u00a0\u00bb, sont fabriqu\u00e9s simplement \u00e0 partir d&rsquo;arachides torr\u00e9fi\u00e9es puis broy\u00e9es.<\/p>\n<p>\u00c0 l&rsquo;inverse, de nombreuses versions industrielles contiennent des ingr\u00e9dients superflus qui alt\u00e8rent leurs qualit\u00e9s nutritionnelles. Parmi les ingr\u00e9dients \u00e0 \u00e9viter, on retrouve les huiles (notamment l&rsquo;huile de palme), le sucre, le sel et les additifs. Si la liste d&rsquo;ingr\u00e9dients est optimale, aucune raison de se priver de cette astuce gourmande pour mieux dormir\u00a0!<\/p>\n<p>        <script async src=\"\/\/www.instagram.com\/embed.js\"><\/script><\/p>\n","protected":false},"excerpt":{"rendered":"Elle emp\u00eache les pics de glyc\u00e9mie qui nous r\u00e9veillent. Si la p\u00e9riode estivale est souvent synonyme de d\u00e9tente,&hellip;\n","protected":false},"author":2,"featured_media":310870,"comment_status":"","ping_status":"","sticky":false,"template":"","format":"standard","meta":{"footnotes":""},"categories":[10],"tags":[1011,27,72,71],"class_list":{"0":"post-310869","1":"post","2":"type-post","3":"status-publish","4":"format-standard","5":"has-post-thumbnail","7":"category-sante","8":"tag-fr","9":"tag-france","10":"tag-health","11":"tag-sante"},"share_on_mastodon":{"url":"https:\/\/pubeurope.com\/@fr\/115008354655006683","error":""},"_links":{"self":[{"href":"https:\/\/www.europesays.com\/fr\/wp-json\/wp\/v2\/posts\/310869","targetHints":{"allow":["GET"]}}],"collection":[{"href":"https:\/\/www.europesays.com\/fr\/wp-json\/wp\/v2\/posts"}],"about":[{"href":"https:\/\/www.europesays.com\/fr\/wp-json\/wp\/v2\/types\/post"}],"author":[{"embeddable":true,"href":"https:\/\/www.europesays.com\/fr\/wp-json\/wp\/v2\/users\/2"}],"replies":[{"embeddable":true,"href":"https:\/\/www.europesays.com\/fr\/wp-json\/wp\/v2\/comments?post=310869"}],"version-history":[{"count":0,"href":"https:\/\/www.europesays.com\/fr\/wp-json\/wp\/v2\/posts\/310869\/revisions"}],"wp:featuredmedia":[{"embeddable":true,"href":"https:\/\/www.europesays.com\/fr\/wp-json\/wp\/v2\/media\/310870"}],"wp:attachment":[{"href":"https:\/\/www.europesays.com\/fr\/wp-json\/wp\/v2\/media?parent=310869"}],"wp:term":[{"taxonomy":"category","embeddable":true,"href":"https:\/\/www.europesays.com\/fr\/wp-json\/wp\/v2\/categories?post=310869"},{"taxonomy":"post_tag","embeddable":true,"href":"https:\/\/www.europesays.com\/fr\/wp-json\/wp\/v2\/tags?post=310869"}],"curies":[{"name":"wp","href":"https:\/\/api.w.org\/{rel}","templated":true}]}}