{"id":310877,"date":"2025-08-11T04:59:14","date_gmt":"2025-08-11T04:59:14","guid":{"rendered":"https:\/\/www.europesays.com\/fr\/310877\/"},"modified":"2025-08-11T04:59:14","modified_gmt":"2025-08-11T04:59:14","slug":"le-train-redemarre-pendant-sa-pause-cigarette-il-saccroche-entre-deux-wagons","status":"publish","type":"post","link":"https:\/\/www.europesays.com\/fr\/310877\/","title":{"rendered":"Le train red\u00e9marre pendant sa pause cigarette, il s\u2019accroche entre deux wagons"},"content":{"rendered":"<p class=\"paragraph text_align_left lp-f-body-02\">Miracle sur les rails. Un homme a surv\u00e9cu apr\u00e8s s\u2019\u00eatre accroch\u00e9 samedi soir \u00e0 l\u2019ext\u00e9rieur d\u2019un train rapide autrichien, a indiqu\u00e9 dimanche la compagnie ferroviaire nationale autrichienne \u00d6BB.<\/p>\n<p class=\"paragraph text_align_left lp-f-body-02\">Ce passager du train \u00e9tait descendu sur le quai pour <a href=\"https:\/\/www.leparisien.fr\/societe\/sante\/le-tabac-ne-doit-plus-etre-considere-comme-normal-dans-lespace-public-haro-sur-la-clope-meme-en-plein-air-29-05-2025-NPCJCL3DSFCPFIO5AVVQP7VRZQ.php\" target=\"_self\" rel=\"nofollow noopener\">une pause cigarette<\/a> \u00e0 Sankt P\u00f6lten, \u00e0 l\u2019ouest de Vienne, quand celui-ci est reparti, a d\u00e9clar\u00e9 le porte-parole des \u00d6BB Herbert Hofer.<\/p>\n<p class=\"paragraph text_align_left lp-f-body-02\">Citant un passager \u00e0 bord, le tablo\u00efd autrichien <a href=\"https:\/\/www.heute.at\/\" target=\"_self\" rel=\"nofollow noopener\">Heute<\/a> a rapport\u00e9 que l\u2019homme a saut\u00e9 dans l\u2019espace entre deux voitures apr\u00e8s que le train eut commenc\u00e9 \u00e0 red\u00e9marrer.<\/p>\n<p>\u00ab C\u2019est irresponsable \u00bb<\/p>\n<p class=\"paragraph text_align_left lp-f-body-02\">L\u2019homme, un Alg\u00e9rien de 24 ans, a tap\u00e9 aux vitres pour attirer l\u2019attention, selon Heute, ce qui a conduit le conducteur du train \u00e0 actionner le frein d\u2019urgence. Puis le personnel du train a pu le faire monter \u00e0 bord.<\/p>\n<p class=\"lp-card-podcast-highlighting__title  lp-f-subtitle-05\">[3\/4] C\u00e9cile Vallin, les secrets d\u2019une disparition <\/p>\n<p class=\"lp-card-podcast-highlighting__description lp-f-ui-05\">Crime story raconte chaque semaine les grandes affaires criminelles.<\/p>\n<p><a class=\"lp-card-podcast-highlighting__call-to-action\" data-page-type=\"HP\" data-block-name=\"podcast-highlight\">\u00c9couter<\/a><\/p>\n<p class=\"paragraph text_align_left lp-f-body-02\">Le train Railjet, qui reliait Zurich \u00e0 la capitale autrichienne, est arriv\u00e9 \u00e0 Vienne avec sept minutes de retard, a pr\u00e9cis\u00e9 Herbert Hofer.<\/p>\n<p class=\"paragraph text_align_left lp-f-body-02\">Le passager imprudent a \u00e9t\u00e9 emmen\u00e9 par la police apr\u00e8s l\u2019arriv\u00e9e du train \u00e0 la gare de Meidling \u00e0 Vienne, a rapport\u00e9 ce m\u00eame m\u00e9dia. \u00ab C\u2019est irresponsable, ce genre de chose finit g\u00e9n\u00e9ralement par causer la mort de quelqu\u2019un \u00bb, a d\u00e9clar\u00e9 Herbert Hofer.<\/p>\n<p class=\"paragraph text_align_left lp-f-body-02\">En janvier, un Hongrois de 40 ans a surv\u00e9cu apr\u00e8s s\u2019\u00eatre accroch\u00e9 \u00e0 un train \u00e0 grande vitesse allemand pendant 32 km, \u00e9galement apr\u00e8s que celui-ci eut d\u00e9marr\u00e9 pendant sa pause cigarette.<\/p>\n","protected":false},"excerpt":{"rendered":"Miracle sur les rails. Un homme a surv\u00e9cu apr\u00e8s s\u2019\u00eatre accroch\u00e9 samedi soir \u00e0 l\u2019ext\u00e9rieur d\u2019un train rapide&hellip;\n","protected":false},"author":2,"featured_media":310878,"comment_status":"","ping_status":"","sticky":false,"template":"","format":"standard","meta":{"footnotes":""},"categories":[6],"tags":[35,33,34,118,1011,27],"class_list":{"0":"post-310877","1":"post","2":"type-post","3":"status-publish","4":"format-standard","5":"has-post-thumbnail","7":"category-economie","8":"tag-business","9":"tag-economie","10":"tag-economy","11":"tag-faits-divers","12":"tag-fr","13":"tag-france"},"share_on_mastodon":{"url":"https:\/\/pubeurope.com\/@fr\/115008370509261455","error":""},"_links":{"self":[{"href":"https:\/\/www.europesays.com\/fr\/wp-json\/wp\/v2\/posts\/310877","targetHints":{"allow":["GET"]}}],"collection":[{"href":"https:\/\/www.europesays.com\/fr\/wp-json\/wp\/v2\/posts"}],"about":[{"href":"https:\/\/www.europesays.com\/fr\/wp-json\/wp\/v2\/types\/post"}],"author":[{"embeddable":true,"href":"https:\/\/www.europesays.com\/fr\/wp-json\/wp\/v2\/users\/2"}],"replies":[{"embeddable":true,"href":"https:\/\/www.europesays.com\/fr\/wp-json\/wp\/v2\/comments?post=310877"}],"version-history":[{"count":0,"href":"https:\/\/www.europesays.com\/fr\/wp-json\/wp\/v2\/posts\/310877\/revisions"}],"wp:featuredmedia":[{"embeddable":true,"href":"https:\/\/www.europesays.com\/fr\/wp-json\/wp\/v2\/media\/310878"}],"wp:attachment":[{"href":"https:\/\/www.europesays.com\/fr\/wp-json\/wp\/v2\/media?parent=310877"}],"wp:term":[{"taxonomy":"category","embeddable":true,"href":"https:\/\/www.europesays.com\/fr\/wp-json\/wp\/v2\/categories?post=310877"},{"taxonomy":"post_tag","embeddable":true,"href":"https:\/\/www.europesays.com\/fr\/wp-json\/wp\/v2\/tags?post=310877"}],"curies":[{"name":"wp","href":"https:\/\/api.w.org\/{rel}","templated":true}]}}