{"id":310879,"date":"2025-08-11T05:00:41","date_gmt":"2025-08-11T05:00:41","guid":{"rendered":"https:\/\/www.europesays.com\/fr\/310879\/"},"modified":"2025-08-11T05:00:41","modified_gmt":"2025-08-11T05:00:41","slug":"lutte-contre-le-narcoterrorisme-trump-autorise-des-operations-militaires-en-amerique-latine","status":"publish","type":"post","link":"https:\/\/www.europesays.com\/fr\/310879\/","title":{"rendered":"Lutte contre le \u00ab\u00a0narcoterrorisme\u00a0\u00bb\u00a0: Trump autorise des op\u00e9rations militaires en Am\u00e9rique latine"},"content":{"rendered":"<p>C\u2019est la suite logique d\u2019un sc\u00e9nario qui ne surprend personne au sud du R\u00edo Bravo. Apr\u00e8s un premier acte qui avait consist\u00e9 \u00e0 qualifier, ces derniers mois, d\u2019\u00ab\u00a0organisations terroristes \u00e9trang\u00e8res et globales\u00a0\u00bb plusieurs gangs et <a href=\"https:\/\/www.humanite.fr\/monde\/cartels-de-drogue\/mexique-lancien-ministre-de-la-securite-publique-genaro-garcia-luna-condamne-a-38-ans-de-prison-pour-complicite-avec-le-cartel-de-sinaola\" target=\"_blank\" rel=\"noopener\">cartels de la drogue<\/a> latino-am\u00e9ricains, voil\u00e0 que <a href=\"https:\/\/www.humanite.fr\/monde\/donald-trump\/pour-proteger-ses-alliances-avec-israel-la-russie-et-le-salvador-ladministration-trump-censure-les-rapports-diplomatiques-sur-les-droits-humains\" target=\"_blank\" rel=\"noopener\">Donald Trump<\/a> passe \u00e0 la seconde partie d\u2019une pi\u00e8ce aux relents de doctrine Monroe et d\u2019interventionnisme.<\/p>\n<p>Le New York Times a r\u00e9v\u00e9l\u00e9 vendredi 8\u00a0ao\u00fbt que le pr\u00e9sident \u00e9tats-unien a&#8230;<\/p>\n","protected":false},"excerpt":{"rendered":"C\u2019est la suite logique d\u2019un sc\u00e9nario qui ne surprend personne au sud du R\u00edo Bravo. Apr\u00e8s un premier&hellip;\n","protected":false},"author":2,"featured_media":310880,"comment_status":"","ping_status":"","sticky":false,"template":"","format":"standard","meta":{"footnotes":""},"categories":[5],"tags":[11,42828,42829,45092,75,1011,27,45093,14,45094,5697,12,338,770,337,28],"class_list":{"0":"post-310879","1":"post","2":"type-post","3":"status-publish","4":"format-standard","5":"has-post-thumbnail","7":"category-international","8":"tag-actualites","9":"tag-amu00e9rique-latine","10":"tag-claudia-sheinbaum","11":"tag-doctrine-monroe","12":"tag-donald-trump","13":"tag-fr","14":"tag-france","15":"tag-impu00e9rialisme","16":"tag-international","17":"tag-intervention-militaire","18":"tag-mexique","19":"tag-news","20":"tag-nicolas-maduro","21":"tag-u00e9tats-unis","22":"tag-venezuela","23":"tag-world"},"share_on_mastodon":{"url":"https:\/\/pubeurope.com\/@fr\/115008374321044318","error":""},"_links":{"self":[{"href":"https:\/\/www.europesays.com\/fr\/wp-json\/wp\/v2\/posts\/310879","targetHints":{"allow":["GET"]}}],"collection":[{"href":"https:\/\/www.europesays.com\/fr\/wp-json\/wp\/v2\/posts"}],"about":[{"href":"https:\/\/www.europesays.com\/fr\/wp-json\/wp\/v2\/types\/post"}],"author":[{"embeddable":true,"href":"https:\/\/www.europesays.com\/fr\/wp-json\/wp\/v2\/users\/2"}],"replies":[{"embeddable":true,"href":"https:\/\/www.europesays.com\/fr\/wp-json\/wp\/v2\/comments?post=310879"}],"version-history":[{"count":0,"href":"https:\/\/www.europesays.com\/fr\/wp-json\/wp\/v2\/posts\/310879\/revisions"}],"wp:featuredmedia":[{"embeddable":true,"href":"https:\/\/www.europesays.com\/fr\/wp-json\/wp\/v2\/media\/310880"}],"wp:attachment":[{"href":"https:\/\/www.europesays.com\/fr\/wp-json\/wp\/v2\/media?parent=310879"}],"wp:term":[{"taxonomy":"category","embeddable":true,"href":"https:\/\/www.europesays.com\/fr\/wp-json\/wp\/v2\/categories?post=310879"},{"taxonomy":"post_tag","embeddable":true,"href":"https:\/\/www.europesays.com\/fr\/wp-json\/wp\/v2\/tags?post=310879"}],"curies":[{"name":"wp","href":"https:\/\/api.w.org\/{rel}","templated":true}]}}