{"id":310885,"date":"2025-08-11T05:06:18","date_gmt":"2025-08-11T05:06:18","guid":{"rendered":"https:\/\/www.europesays.com\/fr\/310885\/"},"modified":"2025-08-11T05:06:18","modified_gmt":"2025-08-11T05:06:18","slug":"loire-edilians-tech-investit-2-millions-deuros-a-la-talaudiere","status":"publish","type":"post","link":"https:\/\/www.europesays.com\/fr\/310885\/","title":{"rendered":"Loire. Edilians Tech investit 2\u00a0millions d\u2019euros \u00e0 La Talaudi\u00e8re"},"content":{"rendered":"<p>Edilians Tech disposait jusqu\u2019ici de 10\u00a0000\u00a0m2 \u00e0 La Talaudi\u00e8re. La moiti\u00e9 \u00e9tait consacr\u00e9e \u00e0 son activit\u00e9 industrielle\u00a0: la fabrication d\u2019accessoires techniques de toiture. \u00c0 savoir des accessoires destin\u00e9s \u00e0 l\u2019\u00e9tanch\u00e9it\u00e9 des toits, des profil\u00e9s de fa\u00e7ade pour les bardages, les sous-enduits hydrauliques et l\u2019isolation thermique, les eaux pluviales, l\u2019\u00e9tanch\u00e9it\u00e9 \u00e0 l\u2019air, les chassis des tuiles solaires\u00a0etc.<\/p>\n<p>L\u2019autre moiti\u00e9 \u00e9tait destin\u00e9e \u00e0 sa logistique. Et c\u2019est pour cette derni\u00e8re que la filiale solaire et composants du groupe Edilians, sp\u00e9cialiste des tuiles en terre cuite, vient de pousser les murs et d\u2019investir 2\u00a0millions d\u2019euros pour 2\u00a0000\u00a0m2 suppl\u00e9mentaires.<\/p>\n<p>  Centralisation de la logistique \u00e0 La Talaudi\u00e8re<\/p>\n<p>\u00ab\u00a0Nous avions besoin de plus d\u2019espace pour r\u00e9organiser notre logistique\u00a0\u00bb, explique Olivier Delattre, le PDG d\u2019Edilians Tech. En effet, celle-ci dispose de trois sites\u00a0: son si\u00e8ge de La Talaudi\u00e8re donc (ex-Profimo) o\u00f9 travaillent 75 salari\u00e9s, un petit atelier de fabrication de goutti\u00e8res et \u00e9l\u00e9ments pour les eaux fluviales au Coteau (4 salari\u00e9s) et un site \u00e0 Arnas, pr\u00e8s de Villefranche-sur-Sa\u00f4ne (20 salari\u00e9s).<\/p>\n<p>Jusqu\u2019ici, chacun d\u2019entre eux, disposait de stocks et g\u00e9rait sa logistique. L\u2019agrandissement de La Talaudi\u00e8re va permettre de rationaliser cette organisation en centralisant l\u2019ensemble de la logistique. \u00ab\u00a0Les clients peuvent venir chercher les produits sur place mais, lorsque nous les exp\u00e9dions, cela permettra de faire partir l\u2019ensemble des composants depuis un seul site\u00a0\u00bb, pr\u00e9cise Christophe Palandre, directeur des op\u00e9rations composants. \u00ab\u00a0Notre logistique sera optimis\u00e9e et plus qualitative. \u00bb<\/p>\n<p>  Un chiffre d\u2019affaires de 40\u00a0millions d\u2019euros<\/p>\n<p>Cet agrandissement permettra aussi de stocker plus de r\u00e9f\u00e9rences, 5\u00a0000 au total d\u00e9sormais (la moiti\u00e9 fabriqu\u00e9e par Edilians Tech, l\u2019autre moiti\u00e9 en n\u00e9goce). Et donc d\u2019assurer des d\u00e9pannages urgents dans de meilleures conditions.<\/p>\n<p>Cette r\u00e9organisation ne cr\u00e9e pas d\u2019emplois mais elle participe \u00e0 maintenir les effectifs, explique la direction, dans un contexte de march\u00e9 difficile ces deux derni\u00e8res ann\u00e9es en raison du net ralentissement du secteur de la construction.<\/p>\n<p>En 2024, Edilians Tech a r\u00e9alis\u00e9 un chiffre d\u2019affaires de 40\u00a0millions d\u2019euros.<\/p>\n","protected":false},"excerpt":{"rendered":"Edilians Tech disposait jusqu\u2019ici de 10\u00a0000\u00a0m2 \u00e0 La Talaudi\u00e8re. La moiti\u00e9 \u00e9tait consacr\u00e9e \u00e0 son activit\u00e9 industrielle\u00a0: la&hellip;\n","protected":false},"author":2,"featured_media":310886,"comment_status":"","ping_status":"","sticky":false,"template":"","format":"standard","meta":{"footnotes":""},"categories":[9653],"tags":[1111,11,2430,33,7539,1777,674,107,1011,27,693,12053,3367,12,25,4001,9664],"class_list":{"0":"post-310885","1":"post","2":"type-post","3":"status-publish","4":"format-standard","5":"has-post-thumbnail","7":"category-saint-etienne","8":"tag-actu","9":"tag-actualites","10":"tag-auvergne-rhone-alpes","11":"tag-economie","12":"tag-edition-loire-sud","13":"tag-eu","14":"tag-europe","15":"tag-fil-info","16":"tag-fr","17":"tag-france","18":"tag-industrie","19":"tag-la-talaudiere","20":"tag-loire","21":"tag-news","22":"tag-republique-francaise","23":"tag-saint-etienne","24":"tag-saint-etienne-bassin"},"share_on_mastodon":{"url":"https:\/\/pubeurope.com\/@fr\/115008397911786267","error":""},"_links":{"self":[{"href":"https:\/\/www.europesays.com\/fr\/wp-json\/wp\/v2\/posts\/310885","targetHints":{"allow":["GET"]}}],"collection":[{"href":"https:\/\/www.europesays.com\/fr\/wp-json\/wp\/v2\/posts"}],"about":[{"href":"https:\/\/www.europesays.com\/fr\/wp-json\/wp\/v2\/types\/post"}],"author":[{"embeddable":true,"href":"https:\/\/www.europesays.com\/fr\/wp-json\/wp\/v2\/users\/2"}],"replies":[{"embeddable":true,"href":"https:\/\/www.europesays.com\/fr\/wp-json\/wp\/v2\/comments?post=310885"}],"version-history":[{"count":0,"href":"https:\/\/www.europesays.com\/fr\/wp-json\/wp\/v2\/posts\/310885\/revisions"}],"wp:featuredmedia":[{"embeddable":true,"href":"https:\/\/www.europesays.com\/fr\/wp-json\/wp\/v2\/media\/310886"}],"wp:attachment":[{"href":"https:\/\/www.europesays.com\/fr\/wp-json\/wp\/v2\/media?parent=310885"}],"wp:term":[{"taxonomy":"category","embeddable":true,"href":"https:\/\/www.europesays.com\/fr\/wp-json\/wp\/v2\/categories?post=310885"},{"taxonomy":"post_tag","embeddable":true,"href":"https:\/\/www.europesays.com\/fr\/wp-json\/wp\/v2\/tags?post=310885"}],"curies":[{"name":"wp","href":"https:\/\/api.w.org\/{rel}","templated":true}]}}