{"id":310887,"date":"2025-08-11T05:07:14","date_gmt":"2025-08-11T05:07:14","guid":{"rendered":"https:\/\/www.europesays.com\/fr\/310887\/"},"modified":"2025-08-11T05:07:14","modified_gmt":"2025-08-11T05:07:14","slug":"quel-bilan-un-an-apres-louverture","status":"publish","type":"post","link":"https:\/\/www.europesays.com\/fr\/310887\/","title":{"rendered":"quel bilan un an apr\u00e8s l\u2019ouverture\u00a0?"},"content":{"rendered":"<p>Le 10\u00a0juillet, cela a fait un an que l\u2019enseigne Decitre s\u2019est install\u00e9e \u00e0 Saint-\u00c9tienne, plus pr\u00e9cis\u00e9ment au sein du centre commercial Centre Deux, o\u00f9 elle a ouvert une \u00ab\u00a0m\u00e9ga\u00a0\u00bb librairie d\u2019environ 1\u00a0000 m2, avec quelque 30\u00a0000 r\u00e9f\u00e9rences de livres.<\/p>\n<p>L\u2019arriv\u00e9e <a href=\"https:\/\/www.leprogres.fr\/economie\/2024\/07\/10\/la-librairie-decitre-a-ouvert-ses-portes-a-centre-deux\" target=\"_blank\" rel=\"nofollow noopener\">de cette enseigne r\u00e9gionale<\/a> (n\u00e9e en 1917 \u00e0 Lyon et pass\u00e9e dans le giron du groupe Nosoli en 2019) s\u2019\u00e9tait d\u00e9roul\u00e9e dans une certaine indiff\u00e9rence. Ou en tout cas, elle avait \u00e9t\u00e9 tr\u00e8s loin de d\u00e9clencher la m\u00eame lev\u00e9e de boucliers que l\u2019annonce de l\u2019implantation de Cultura \u00e0 Villars (projet qui a depuis, au moins temporairement, \u00e9t\u00e9 abandonn\u00e9 <a href=\"https:\/\/www.leprogres.fr\/economie\/2025\/07\/04\/l-implantation-de-cultura-rejetee-a-nouveau-la-fin-du-combat\" target=\"_blank\" rel=\"nofollow noopener\">apr\u00e8s avoir \u00e9t\u00e9 retoqu\u00e9<\/a> successivement par la commission d\u00e9partementale et par la&#8230;<\/p>\n","protected":false},"excerpt":{"rendered":"Le 10\u00a0juillet, cela a fait un an que l\u2019enseigne Decitre s\u2019est install\u00e9e \u00e0 Saint-\u00c9tienne, plus pr\u00e9cis\u00e9ment au sein&hellip;\n","protected":false},"author":2,"featured_media":310888,"comment_status":"","ping_status":"","sticky":false,"template":"","format":"standard","meta":{"footnotes":""},"categories":[9653],"tags":[1111,11,2430,4406,1687,33,7539,1777,674,1011,27,3367,12,25,4001,7538],"class_list":{"0":"post-310887","1":"post","2":"type-post","3":"status-publish","4":"format-standard","5":"has-post-thumbnail","7":"category-saint-etienne","8":"tag-actu","9":"tag-actualites","10":"tag-auvergne-rhone-alpes","11":"tag-commerce-et-services","12":"tag-culture-loisirs","13":"tag-economie","14":"tag-edition-loire-sud","15":"tag-eu","16":"tag-europe","17":"tag-fr","18":"tag-france","19":"tag-loire","20":"tag-news","21":"tag-republique-francaise","22":"tag-saint-etienne","23":"tag-saint-etienne-ville"},"share_on_mastodon":{"url":"https:\/\/pubeurope.com\/@fr\/115008401774021416","error":""},"_links":{"self":[{"href":"https:\/\/www.europesays.com\/fr\/wp-json\/wp\/v2\/posts\/310887","targetHints":{"allow":["GET"]}}],"collection":[{"href":"https:\/\/www.europesays.com\/fr\/wp-json\/wp\/v2\/posts"}],"about":[{"href":"https:\/\/www.europesays.com\/fr\/wp-json\/wp\/v2\/types\/post"}],"author":[{"embeddable":true,"href":"https:\/\/www.europesays.com\/fr\/wp-json\/wp\/v2\/users\/2"}],"replies":[{"embeddable":true,"href":"https:\/\/www.europesays.com\/fr\/wp-json\/wp\/v2\/comments?post=310887"}],"version-history":[{"count":0,"href":"https:\/\/www.europesays.com\/fr\/wp-json\/wp\/v2\/posts\/310887\/revisions"}],"wp:featuredmedia":[{"embeddable":true,"href":"https:\/\/www.europesays.com\/fr\/wp-json\/wp\/v2\/media\/310888"}],"wp:attachment":[{"href":"https:\/\/www.europesays.com\/fr\/wp-json\/wp\/v2\/media?parent=310887"}],"wp:term":[{"taxonomy":"category","embeddable":true,"href":"https:\/\/www.europesays.com\/fr\/wp-json\/wp\/v2\/categories?post=310887"},{"taxonomy":"post_tag","embeddable":true,"href":"https:\/\/www.europesays.com\/fr\/wp-json\/wp\/v2\/tags?post=310887"}],"curies":[{"name":"wp","href":"https:\/\/api.w.org\/{rel}","templated":true}]}}