{"id":310891,"date":"2025-08-11T05:12:56","date_gmt":"2025-08-11T05:12:56","guid":{"rendered":"https:\/\/www.europesays.com\/fr\/310891\/"},"modified":"2025-08-11T05:12:56","modified_gmt":"2025-08-11T05:12:56","slug":"mama-shelter-debarque-a-toulon","status":"publish","type":"post","link":"https:\/\/www.europesays.com\/fr\/310891\/","title":{"rendered":"Mama Shelter d\u00e9barque \u00e0 Toulon"},"content":{"rendered":"<p>                                                                              Un emplacement historique et central<\/p>\n<p>Le futur Mama Shelter Toulon sera situ\u00e9 dans l\u2019ancien \u00e9v\u00each\u00e9, un b\u00e2timent embl\u00e9matique du centre ancien de la ville, sur le Cours Lafayette. Ce lieu a accueilli divers \u00e9v\u00e9nements, notamment la Design Parade, qui a contribu\u00e9 \u00e0 son rayonnement en tant que centre de culture et de design.<\/p>\n<blockquote>\n<p>\u00ab\u00a0\u00a0Le projet imagin\u00e9 par Mama Shelter en partenariat avec le Groupe Sebban et la Ville de Toulon proposera un lieu de vie unique en son genre. Nich\u00e9 dans un b\u00e2timent historique totalement r\u00e9nov\u00e9, cet h\u00f4tel se distinguera par son esprit audacieux, ludique et anticonformiste, fid\u00e8le \u00e0 l\u2019ADN de la marque \u00bb &#8211;\u00a0Jos\u00e9e Massi, Maire de Toulon<\/p>\n<\/blockquote>\n<p>La Mama Shelter touch<\/p>\n<p>\u00ab\u00a0Parmi\u00a019 Mama Shelter que nous avons \u00e0 travers le monde, il est celui qui aura le plus de charme\u00a0\u00bb, c&rsquo;est ainsi que d\u00e9crit le fondateur de Mama Shelter, Serge Trigano, cette nouvelle adresse.<\/p>\n<p>L\u2019h\u00f4tel comprendra environ 100 chambres r\u00e9parties sur cinq \u00e9tages. Le concept visuel de l\u2019\u00e9tablissement sera fid\u00e8le \u00e0 l\u2019esprit de Mama Shelter avec un design et une offre ax\u00e9s autour du lifestyle.<\/p>\n<p>Le c\u0153ur de l\u2019h\u00f4tel sera anim\u00e9 par un restaurant et un bar, autour d\u2019un platane centenaire et sous une verri\u00e8re. Ce cadre accueillera \u00e9galement une terrasse avec vue sur la place Paul Conte.<\/p>\n<p>Un projet qui s\u2019inscrit dans le renouveau de Toulon<\/p>\n<p>Cette ouverture s\u2019inscrit dans la dynamique de redynamisation du centre-ville de Toulon, avec des projets tels que la r\u00e9habilitation des Halles Biltoki, devenues un lieu gastronomique incontournable.<\/p>\n<p>Comme l&rsquo;indique Jos\u00e9e Massi, \u00ab je me r\u00e9jouis de voir ce projet ambitieux prendre forme au c\u0153ur de notre centre ancien, qui fait l\u2019objet d\u2019une vaste op\u00e9ration de requalification urbaine entreprise par Hubert Falco. \u00bb<\/p>\n<p>En choisissant Toulon, Mama Shelter s&rsquo;inscrit dans un processus de r\u00e9g\u00e9n\u00e9ration, contribuant \u00e0 l\u2019essor de nouveaux espaces de vie et d\u2019h\u00e9bergement tendance. Ce projet repr\u00e9sente un tournant pour Toulon, qui voit l\u2019arriv\u00e9e de concepts modernes, tout en conservant son authenticit\u00e9.<\/p>\n<blockquote>\n<p>\u00ab\u00a0Nous avons une vraie vocation pour redynamiser les villes secondaires.\u00a0\u00bb &#8211;\u00a0C\u00e9dric Gobilliard, COO Europe, Ennismore<\/p>\n<\/blockquote>\n<p>La France, terrain de jeu de Mama Shelter\u00a0<\/p>\n<p>Mama Shelter, qui est d&rsquo;ores et d\u00e9j\u00e0 d\u00e9j\u00e0 implant\u00e9 \u00e0 <a href=\"https:\/\/hospitality-on.com\/fr\/ouverture\/mama-shelter-fait-son-nid-nice\" rel=\"nofollow noopener\" target=\"_blank\">Nice<\/a>, <a href=\"https:\/\/hospitality-on.com\/fr\/ouverture\/le-mama-shelter-rennes-ouvre-bientot-ses-portes\" rel=\"nofollow noopener\" target=\"_blank\">Rennes<\/a> et <a href=\"https:\/\/hospitality-on.com\/fr\/ouverture\/le-mama-shelter-dijon-ouvrira-ses-portes-le-27-juillet-2023\" rel=\"nofollow noopener\" target=\"_blank\">Dijon<\/a> poursuit son d\u00e9veloppement dans les villes en plein renouveau, et Toulon, avec son fort potentiel touristique, devient ainsi une destination attractive.\u00a0<\/p>\n<p>Si la marque na cache pas ses ambitions de se d\u00e9velopper \u00e0 l&rsquo;international avec des ouvertures pr\u00e9vues \u00e0 <a href=\"https:\/\/hospitality-on.com\/fr\/hotellerie\/mama-shelter-dubai-un-nouveau-venu-sur-la-scene-hoteliere-de-la-ville\" rel=\"nofollow noopener\" target=\"_blank\">Duba\u00ef<\/a>, <a href=\"https:\/\/hospitality-on.com\/fr\/node\/32339\" rel=\"nofollow noopener\" target=\"_blank\">Amsterdam<\/a>, <a href=\"https:\/\/hospitality-on.com\/fr\/ouverture\/mama-shelter-doublera-sa-presence-los-angeles\" rel=\"nofollow noopener\" target=\"_blank\">Los Angeles<\/a>, <a href=\"https:\/\/hospitality-on.com\/fr\/hotellerie\/mama-shelter-simplantera-liverpool\" rel=\"nofollow noopener\" target=\"_blank\">Liverpool<\/a> ou encore le <a href=\"https:\/\/hospitality-on.com\/fr\/hotellerie\/mama-shelter-ouvrira-un-nouvel-hotel-au-lac-de-come-en-2026\" rel=\"nofollow noopener\" target=\"_blank\">Lac de Come<\/a>, elle n&rsquo;en oublie pas pour autant ses racines et poursuit son expansion sur le march\u00e9 fran\u00e7ais comme en atteste ce nouvel \u00e9tablissement.\u00a0<\/p>\n<p>        <a class=\"link-full\" title=\"Ennismore\" href=\"https:\/\/hospitality-on.com\/fr\/societes\/ennismore\" rel=\"nofollow noopener\" target=\"_blank\"><\/p>\n<p>              <img loading=\"lazy\" decoding=\"async\" itemprop=\"image\" width=\"320\" height=\"230\" src=\"https:\/\/www.europesays.com\/fr\/wp-content\/uploads\/2025\/07\/event.jpg\" alt=\"Ennismore\" title=\"\" typeof=\"foaf:Image\"\/><\/p>\n<p>                  <img decoding=\"async\" loading=\"lazy\" width=\"50\" height=\"40\" class=\"landscape\" src=\"https:\/\/www.europesays.com\/fr\/wp-content\/uploads\/2025\/08\/ennismore.png.webp\" alt=\"Logo Ennismore\" typeof=\"foaf:Image\"\/><\/p>\n<p class=\"title\">  Ennismore\n<\/p>\n<p class=\"sub-title\">  Op\u00e9rateur\n<\/p>\n<ul class=\"info-list\">\n<li>\n        <img decoding=\"async\" src=\"https:\/\/hospitality-on.com\/themes\/custom\/hon\/content\/assets\/public\/assets\/images\/icons\/point.svg\" alt=\"Ennismore\"\/><br \/>\n          Europe<\/p>\n<\/li>\n<li>  <img loading=\"lazy\" decoding=\"async\" src=\"https:\/\/hospitality-on.com\/themes\/custom\/hon\/content\/assets\/public\/assets\/images\/icons\/offres.svg\" alt=\"Offres d'emplois\" width=\"14\" height=\"15\"\/><br \/>\n  1 offre d&#8217;emploi en cours\n<\/li>\n<\/ul>\n<p>            <a href=\"https:\/\/hospitality-on.com\/fr\/societes\/ennismore\" class=\"btn btn-bg-red btn-large btn-arrow-right\" title=\"VOIR LA FICHE\" rel=\"nofollow noopener\" target=\"_blank\">VOIR LA FICHE<\/a><\/p>\n<p>                  <img decoding=\"async\" loading=\"lazy\" width=\"320\" height=\"200\" class=\"landscape\" src=\"https:\/\/www.europesays.com\/fr\/wp-content\/uploads\/2025\/08\/800px-Port_militaire_de_Toulon2.jpg.webp\" alt=\"Toulon\" typeof=\"foaf:Image\"\/><\/p>\n<p>                  <img decoding=\"async\" loading=\"lazy\" width=\"320\" height=\"200\" class=\"landscape\" src=\"https:\/\/www.europesays.com\/fr\/wp-content\/uploads\/2025\/08\/anthony-delanoix-QAwciFlS1g4-unsplash.jpg.webp\" alt=\"Paris\" typeof=\"foaf:Image\"\/><\/p>\n","protected":false},"excerpt":{"rendered":"Un emplacement historique et central Le futur Mama Shelter Toulon sera situ\u00e9 dans l\u2019ancien \u00e9v\u00each\u00e9, un b\u00e2timent embl\u00e9matique&hellip;\n","protected":false},"author":2,"featured_media":310892,"comment_status":"","ping_status":"","sticky":false,"template":"","format":"standard","meta":{"footnotes":""},"categories":[9619],"tags":[1111,11,1777,674,1011,27,12,882,25,2310],"class_list":{"0":"post-310891","1":"post","2":"type-post","3":"status-publish","4":"format-standard","5":"has-post-thumbnail","7":"category-toulon","8":"tag-actu","9":"tag-actualites","10":"tag-eu","11":"tag-europe","12":"tag-fr","13":"tag-france","14":"tag-news","15":"tag-provence-alpes-cote-dazur","16":"tag-republique-francaise","17":"tag-toulon"},"share_on_mastodon":{"url":"https:\/\/pubeurope.com\/@fr\/115008426146277184","error":""},"_links":{"self":[{"href":"https:\/\/www.europesays.com\/fr\/wp-json\/wp\/v2\/posts\/310891","targetHints":{"allow":["GET"]}}],"collection":[{"href":"https:\/\/www.europesays.com\/fr\/wp-json\/wp\/v2\/posts"}],"about":[{"href":"https:\/\/www.europesays.com\/fr\/wp-json\/wp\/v2\/types\/post"}],"author":[{"embeddable":true,"href":"https:\/\/www.europesays.com\/fr\/wp-json\/wp\/v2\/users\/2"}],"replies":[{"embeddable":true,"href":"https:\/\/www.europesays.com\/fr\/wp-json\/wp\/v2\/comments?post=310891"}],"version-history":[{"count":0,"href":"https:\/\/www.europesays.com\/fr\/wp-json\/wp\/v2\/posts\/310891\/revisions"}],"wp:featuredmedia":[{"embeddable":true,"href":"https:\/\/www.europesays.com\/fr\/wp-json\/wp\/v2\/media\/310892"}],"wp:attachment":[{"href":"https:\/\/www.europesays.com\/fr\/wp-json\/wp\/v2\/media?parent=310891"}],"wp:term":[{"taxonomy":"category","embeddable":true,"href":"https:\/\/www.europesays.com\/fr\/wp-json\/wp\/v2\/categories?post=310891"},{"taxonomy":"post_tag","embeddable":true,"href":"https:\/\/www.europesays.com\/fr\/wp-json\/wp\/v2\/tags?post=310891"}],"curies":[{"name":"wp","href":"https:\/\/api.w.org\/{rel}","templated":true}]}}