{"id":310899,"date":"2025-08-11T05:22:58","date_gmt":"2025-08-11T05:22:58","guid":{"rendered":"https:\/\/www.europesays.com\/fr\/310899\/"},"modified":"2025-08-11T05:22:58","modified_gmt":"2025-08-11T05:22:58","slug":"stabilite-des-prix-dachat-hausse-des-loyers-en-aou%cc%82t","status":"publish","type":"post","link":"https:\/\/www.europesays.com\/fr\/310899\/","title":{"rendered":"stabilite\u0301 des prix d&rsquo;achat, hausse des loyers en aou\u0302t"},"content":{"rendered":"<p><strong>Le march\u00e9 immobilier rouennais affiche des tendances contrast\u00e9es entre juillet et ao\u00fbt 2025. Tandis que les prix d&rsquo;achat montrent des signes de stabilisation avec une l\u00e9g\u00e8re baisse pour les appartements, le secteur locatif conna\u00eet une augmentation notable, particuli\u00e8rement pour les appartements. Cette \u00e9volution refl\u00e8te les dynamiques actuelles du march\u00e9 immobilier dans la capitale normande.<\/strong><\/p>\n<p>Le march\u00e9 de l&rsquo;achat immobilier \u00e0 Rouen fait preuve d&rsquo;une remarquable stabilit\u00e9 entre juillet et ao\u00fbt 2025. Les maisons individuelles maintiennent quasiment leur niveau de prix, passant de 2\u00a0956\u00a0euros par m\u00e8tre carr\u00e9 en juillet \u00e0 2\u00a0954\u00a0euros par m\u00e8tre carr\u00e9 en ao\u00fbt, soit une baisse symbolique de seulement 2\u00a0euros par m\u00e8tre carr\u00e9. Cette quasi-stabilit\u00e9 t\u00e9moigne d&rsquo;un march\u00e9 mature qui trouve son \u00e9quilibre apr\u00e8s les fluctuations importantes des ann\u00e9es pr\u00e9c\u00e9dentes.<\/p>\n<p>Les appartements, quant \u00e0 eux, enregistrent une baisse plus marqu\u00e9e mais qui reste mod\u00e9r\u00e9e dans l&rsquo;absolu. Leur prix moyen au m\u00e8tre carr\u00e9 est pass\u00e9 de 2\u00a0466\u00a0euros par m\u00e8tre carr\u00e9 en juillet \u00e0 2\u00a0430\u00a0euros par m\u00e8tre carr\u00e9 en ao\u00fbt, repr\u00e9sentant une diminution de 36\u00a0euros par m\u00e8tre carr\u00e9. Cette \u00e9volution pourrait s&rsquo;expliquer par une offre plus abondante en p\u00e9riode estivale et une demande temporairement att\u00e9nu\u00e9e. Malgr\u00e9 cette baisse, les appartements rouennais demeurent plus accessibles que les maisons, avec un \u00e9cart de prix d&rsquo;environ 524\u00a0euros par m\u00e8tre carr\u00e9 en ao\u00fbt.<\/p>\n","protected":false},"excerpt":{"rendered":"Le march\u00e9 immobilier rouennais affiche des tendances contrast\u00e9es entre juillet et ao\u00fbt 2025. Tandis que les prix d&rsquo;achat&hellip;\n","protected":false},"author":2,"featured_media":310900,"comment_status":"","ping_status":"","sticky":false,"template":"","format":"standard","meta":{"footnotes":""},"categories":[9587],"tags":[1111,11,1777,674,1011,27,12,5161,25,9590],"class_list":{"0":"post-310899","1":"post","2":"type-post","3":"status-publish","4":"format-standard","5":"has-post-thumbnail","7":"category-rouen","8":"tag-actu","9":"tag-actualites","10":"tag-eu","11":"tag-europe","12":"tag-fr","13":"tag-france","14":"tag-news","15":"tag-normandie","16":"tag-republique-francaise","17":"tag-rouen"},"share_on_mastodon":{"url":"https:\/\/pubeurope.com\/@fr\/115008464639708386","error":""},"_links":{"self":[{"href":"https:\/\/www.europesays.com\/fr\/wp-json\/wp\/v2\/posts\/310899","targetHints":{"allow":["GET"]}}],"collection":[{"href":"https:\/\/www.europesays.com\/fr\/wp-json\/wp\/v2\/posts"}],"about":[{"href":"https:\/\/www.europesays.com\/fr\/wp-json\/wp\/v2\/types\/post"}],"author":[{"embeddable":true,"href":"https:\/\/www.europesays.com\/fr\/wp-json\/wp\/v2\/users\/2"}],"replies":[{"embeddable":true,"href":"https:\/\/www.europesays.com\/fr\/wp-json\/wp\/v2\/comments?post=310899"}],"version-history":[{"count":0,"href":"https:\/\/www.europesays.com\/fr\/wp-json\/wp\/v2\/posts\/310899\/revisions"}],"wp:featuredmedia":[{"embeddable":true,"href":"https:\/\/www.europesays.com\/fr\/wp-json\/wp\/v2\/media\/310900"}],"wp:attachment":[{"href":"https:\/\/www.europesays.com\/fr\/wp-json\/wp\/v2\/media?parent=310899"}],"wp:term":[{"taxonomy":"category","embeddable":true,"href":"https:\/\/www.europesays.com\/fr\/wp-json\/wp\/v2\/categories?post=310899"},{"taxonomy":"post_tag","embeddable":true,"href":"https:\/\/www.europesays.com\/fr\/wp-json\/wp\/v2\/tags?post=310899"}],"curies":[{"name":"wp","href":"https:\/\/api.w.org\/{rel}","templated":true}]}}