{"id":310901,"date":"2025-08-11T05:24:19","date_gmt":"2025-08-11T05:24:19","guid":{"rendered":"https:\/\/www.europesays.com\/fr\/310901\/"},"modified":"2025-08-11T05:24:19","modified_gmt":"2025-08-11T05:24:19","slug":"les-travaux-de-securisation-debuteront-en-septembre","status":"publish","type":"post","link":"https:\/\/www.europesays.com\/fr\/310901\/","title":{"rendered":"les travaux de s\u00e9curisation d\u00e9buteront en septembre"},"content":{"rendered":"<p>\t\t\t\t\t\t\t\t\t\t\t<img loading=\"lazy\" decoding=\"async\" width=\"1110\" title=\"Chutes de roches sur les coteaux \u00e0 La Tronche : les travaux de s\u00e9curisation d\u00e9buteront en septembre\" class=\"img-fluid  mb-3\" src=\"https:\/\/grandgrenoble.alpes1.com\/media\/news\/thumb\/1110x624_chutes-de-roches-sur-les-coteaux-a-la-tronche-les-travaux-de-securisation-debuteront-en-septembre_688b92f6467be.webp\" alt=\"Chutes de roches sur les coteaux \u00e0 La Tronche : les travaux de s\u00e9curisation d\u00e9buteront en septembre\" itemprop=\"image\" height=\"624\"\/>\t\t\t\t\t\t\t\t\t\t\t\t<\/p>\n<p>Chutes de roches sur les coteaux \u00e0 La Tronche : les travaux de s\u00e9curisation d\u00e9buteront en septembre &#8211; DR<\/p>\n<p itemprop=\"description\"><strong>Des travaux de s\u00e9curisation \u00e0 La Tronche vont d\u00e9buter en septembre face au risque de chutes de roches sur les coteaux.<\/strong><\/p>\n<p>C\u2019est dans le cadre des obligations faites par l\u2019Etat face au risque rocheux que la Ville de La Tronche proc\u00e8dera \u00e0 des travaux de s\u00e9curisation. Une intervention devenue n\u00e9cessaire pour prot\u00e9ger les habitations des coteaux.<\/p>\n<p>Un premier kilom\u00e8tre de filets pare pierres sera donc pos\u00e9 sur le secteur Pinotte\/Pierre-Mode mi-ao\u00fbt par le d\u00e9frichage. Cette technique vise \u00e0 abattre les arbres et arbustes sur environ 15 m\u00e8tres de profondeur, permettant de cr\u00e9er une trou\u00e9e dans la for\u00eat pour l\u2019installation des nappes de filets.<\/p>\n<p>Et c\u2019est apr\u00e8s la p\u00e9riode de reproduction que se d\u00e9roulera le d\u00e9frichage pour moins d\u00e9ranger la faune. Un choix qui vise \u00e0 r\u00e9duire au maximum les impacts environnementaux. La Ville se fait accompagn\u00e9e par un bureau d\u2019\u00e9tudes sp\u00e9cialis\u00e9 qui veille au respect des engagements pris.<\/p>\n<p>Les filets seront donc d\u00e9ploy\u00e9s en septembre et octobre sur deux zones de chantier simultan\u00e9es. L\u2019objectif \u00e9tant de raccourcir le temps des travaux qui consistent \u00e0 l\u2019h\u00e9liportage des mat\u00e9riels, depuis le col de Vence jusqu\u2019au chantier, sans survol de zone habit\u00e9e. N\u00e9anmoins, les h\u00e9licopt\u00e8res devront faire du vol stationnaire le temps que les ouvriers dressent les poteaux et fixent au sol.<\/p>\n<p>C\u2019est le service Restauration des terrains de montagne de l\u2019ONF (Office national des for\u00eats) qui seront en charge de suivre les travaux.<\/p>\n","protected":false},"excerpt":{"rendered":"Chutes de roches sur les coteaux \u00e0 La Tronche : les travaux de s\u00e9curisation d\u00e9buteront en septembre &#8211;&hellip;\n","protected":false},"author":2,"featured_media":310902,"comment_status":"","ping_status":"","sticky":false,"template":"","format":"standard","meta":{"footnotes":""},"categories":[9566],"tags":[1111,11,7733,8279,2430,7736,650,7734,2889,2263,1777,674,1011,27,2731,8280,6417,1114,108,4662,12,3725,1825,25,7737],"class_list":{"0":"post-310901","1":"post","2":"type-post","3":"status-publish","4":"format-standard","5":"has-post-thumbnail","7":"category-grenoble","8":"tag-actu","9":"tag-actualites","10":"tag-alpes","11":"tag-alpes1","12":"tag-auvergne-rhone-alpes","13":"tag-cds","14":"tag-cinema","15":"tag-ecoute","16":"tag-emission","17":"tag-equipe","18":"tag-eu","19":"tag-europe","20":"tag-fr","21":"tag-france","22":"tag-grenoble","23":"tag-haute","24":"tag-information","25":"tag-infos","26":"tag-isere","27":"tag-journal","28":"tag-news","29":"tag-podcast","30":"tag-radio","31":"tag-republique-francaise","32":"tag-winamp"},"share_on_mastodon":{"url":"https:\/\/pubeurope.com\/@fr\/115008468987224685","error":""},"_links":{"self":[{"href":"https:\/\/www.europesays.com\/fr\/wp-json\/wp\/v2\/posts\/310901","targetHints":{"allow":["GET"]}}],"collection":[{"href":"https:\/\/www.europesays.com\/fr\/wp-json\/wp\/v2\/posts"}],"about":[{"href":"https:\/\/www.europesays.com\/fr\/wp-json\/wp\/v2\/types\/post"}],"author":[{"embeddable":true,"href":"https:\/\/www.europesays.com\/fr\/wp-json\/wp\/v2\/users\/2"}],"replies":[{"embeddable":true,"href":"https:\/\/www.europesays.com\/fr\/wp-json\/wp\/v2\/comments?post=310901"}],"version-history":[{"count":0,"href":"https:\/\/www.europesays.com\/fr\/wp-json\/wp\/v2\/posts\/310901\/revisions"}],"wp:featuredmedia":[{"embeddable":true,"href":"https:\/\/www.europesays.com\/fr\/wp-json\/wp\/v2\/media\/310902"}],"wp:attachment":[{"href":"https:\/\/www.europesays.com\/fr\/wp-json\/wp\/v2\/media?parent=310901"}],"wp:term":[{"taxonomy":"category","embeddable":true,"href":"https:\/\/www.europesays.com\/fr\/wp-json\/wp\/v2\/categories?post=310901"},{"taxonomy":"post_tag","embeddable":true,"href":"https:\/\/www.europesays.com\/fr\/wp-json\/wp\/v2\/tags?post=310901"}],"curies":[{"name":"wp","href":"https:\/\/api.w.org\/{rel}","templated":true}]}}