{"id":310903,"date":"2025-08-11T05:26:50","date_gmt":"2025-08-11T05:26:50","guid":{"rendered":"https:\/\/www.europesays.com\/fr\/310903\/"},"modified":"2025-08-11T05:26:50","modified_gmt":"2025-08-11T05:26:50","slug":"ligue-2-je-pense-que-le-rouge-est-severe-battu-mais-courageux-a-dix-le-gf38-peut-nourrir-des-regrets-a-troyes","status":"publish","type":"post","link":"https:\/\/www.europesays.com\/fr\/310903\/","title":{"rendered":"Ligue 2. \u00ab Je pense que le rouge est s\u00e9v\u00e8re \u00bb : battu mais courageux \u00e0 dix, le GF38 peut nourrir des regrets \u00e0 Troyes"},"content":{"rendered":"<p>Et dire que le GF38 peut nourrir des regrets apr\u00e8s cette premi\u00e8re journ\u00e9e de championnat\u2026 Oui, l\u2019\u00e9quipe de Grenoble est venue \u00e0 Troyes avec des intentions pour enquiquiner les joueurs de l\u2019Estac. Les Is\u00e9rois sont pass\u00e9s par tous les stades pendant cette partie. D\u2019abord apathiques pendant une grosse quinzaine de minutes, les ouailles de Franck Rizzetto, le coach grenoblois ont, logiquement, \u00e9t\u00e9 men\u00e9s au score d\u00e8s le d\u00e9but de match. Apr\u00e8s une r\u00e9cup\u00e9ration de balle dans le camp du GF, El Idrissy a servi id\u00e9alement Assoumou, qui a tromp\u00e9 Mamadou Diop d\u2019un tr\u00e8s joli ext\u00e9rieur du pied (7e). Grenoble \u00e9tait men\u00e9 logiquement.<\/p>\n<p>  Bangr\u00e9, un but et un rouge direct<\/p>\n<p>Au lieu d\u2019installer le doute dans les esprits des Is\u00e9rois, ce but a, au contraire, lib\u00e9r\u00e9 les Dauphinois, qui se sont remis petit \u00e0 petit en ordre de marche. Troyes a encore eu des occasions (poteau d\u2019Assoumou, 13e, t\u00eate de Maronnier, 15e) mais Grenoble montrait enfin le bout de son nez. Valls profitait d\u2019une excellente r\u00e9cup\u00e9ration de Zahui dans le camp troyen et sa frappe, anodine mais d\u00e9vi\u00e9e,\u00a0et manquait de surprendre Lema\u00eetre sur sa ligne (21e). Les d\u00e9bats s\u2019\u00e9quilibraient enfin et les mouvements grenoblois \u00e9taient de plus en plus dangereux. Sur le c\u00f4t\u00e9 gauche, Matth\u00e9o Xantippe d\u00e9livrait un centre pos\u00e9 sur le front de Mamady Bangr\u00e9, qui \u00e9galisait (1-1, 33e). Bangr\u00e9, arriv\u00e9 l\u2019\u00e9t\u00e9 dernier en Is\u00e8re et parti \u00e0 Pau en janvier dernier en pr\u00eat, marquait l\u00e0 son premier but avec le GF38. Une joie de courte dur\u00e9e car quelques minutes plus tard, l\u2019international burkinab\u00e9 recevait un carton rouge direct apr\u00e8s s\u2019\u00eatre essuy\u00e9 les crampons sur les cuisses du Troyen Diop (45e). Dur.<\/p>\n<p>A\u00a0dix pendant toute la deuxi\u00e8me p\u00e9riode, les Is\u00e9rois se sont montr\u00e9s solidaires et unis pour d\u00e9fendre la cage gard\u00e9e par Mamadou Diop. L\u2019international mauritanien a repouss\u00e9 plusieurs tentatives troyennes (47e, 58e) et Grenoble aurait pu faire le hold-up parfait si la passe de Diba, excentr\u00e9 \u00e0 droite, trouvait Elphege seul dans l\u2019axe (69e). A la 72e, apr\u00e8s un \u00e9norme cafouillage dans la surface grenobloise, Martin Adeline marquait le deuxi\u00e8me but troyen sur la situation la moins dangereuse de la deuxi\u00e8me p\u00e9riode. Les joueurs pouvaient taper du poing sur la pelouse de rage. Le GF38 ne repart avec aucun point de son voyage mais revient en Is\u00e8re avec la certitude de pouvoir faire mieux. C\u2019est d\u00e9j\u00e0 \u00e7a.\u00a0<\/p>\n<p><strong><a href=\"https:\/\/www.ledauphine.com\/sport\/calendrier-resultats\/football\/national-ligue-2\" target=\"_blank\" rel=\"noopener\">&gt;&gt;Retrouvez le classement, le calendrier et les r\u00e9sultats de Ligue 2<\/a><\/strong><\/p>\n<p><strong><a href=\"https:\/\/www.ledauphine.com\/sport\/2025\/08\/09\/le-gf38-lance-sa-saison-a-troyes-suivez-la-rencontre-en-direct\" target=\"_blank\" rel=\"noopener\">&gt;&gt;Revivez la d\u00e9faite du GF38 \u00e0 Troyes<\/a><\/strong><\/p>\n<p class=\"insetTitle\">R\u00e9actions<\/p>\n<p><strong>St\u00e9phane Dumont (coach de Troyes)\u00a0:<\/strong> \u00ab\u00a0La victoire est importante sur un premier match \u00e0 domicile, ce n\u2019\u00e9tait pas \u00e9vident. On fait une vraie bonne entame et je pense qu\u2019on pouvait avoir un peu plus qu\u2019un but d\u2019\u00e9cart. Apr\u00e8s le rouge, on a d\u00fb \u00eatre patient. Le deuxi\u00e8me but r\u00e9sume tout, c\u2019est un rempla\u00e7ant et les joueurs sont all\u00e9s le chercher. C\u2019est une satisfaction globale sur le r\u00e9sultat et dans l\u2019\u00e9tat d\u2019esprit. Je pense qu\u2019on \u00e9tait capable d\u2019aller chercher ce troisi\u00e8me but mais on va pas faire la fine bouche, c\u2019est tr\u00e8s satisfaisant.\u00a0\u00bb<\/p>\n<p><strong>Franck Rizzetto (entra\u00eeneur de Grenoble)\u00a0:<\/strong> \u00ab\u00a0 On n\u2019a pas fait une entame de match digne d\u2019un championnat de Ligue 2. On a commenc\u00e9\u00a0\u00e0 gagner nos duels offensifs et d\u00e9fensifs qu\u2019\u00e0 partir de la 25e minute. En revanche, sur ce que j\u2019ai vu sur la fin de la premi\u00e8re mi-temps, c\u2019est ce que je souhaite voir. Dans l\u2019agressivit\u00e9 et dans la production du jeu, \u00e0 l\u2019image du but que l\u2019on a marqu\u00e9, c\u2019\u00e9tait une situation qu\u2019on avait travaill\u00e9. Forc\u00e9ment que le rouge change le match. Je pense qu\u2019il est s\u00e9v\u00e8re. C\u2019est un fait de jeu qui nous a handicap\u00e9 pour la suite.\u00a0C\u2019est tr\u00e8s frustrant.\u00a0\u00bb<\/p>\n<p><strong>Nesta Elphege (attaquant de Grenoble)\u00a0:<\/strong> \u00ab\u00a0 C\u2019est beaucoup de frustration c\u2019est clair. On a tr\u00e8s mal commenc\u00e9 avec ce but puis on s\u2019est remis dans le droit chemin ensuite dans le jeu et l\u2019\u00e9galisation. A la fin de la premi\u00e8re mi-temps, on prend ce rouge qui nous p\u00e9nalise.\u00a0 Ensuite \u00e0 10, c\u2019est compliqu\u00e9, on sait qu\u2019on passe plus de temps en d\u00e9fense qu\u2019\u00e0 attaquer. On va apprendre de ce match et de nos erreurs. On est confiants, ce n\u2019est que le premier match du championnat.\u00a0\u00bb<\/p>\n","protected":false},"excerpt":{"rendered":"Et dire que le GF38 peut nourrir des regrets apr\u00e8s cette premi\u00e8re journ\u00e9e de championnat\u2026 Oui, l\u2019\u00e9quipe de&hellip;\n","protected":false},"author":2,"featured_media":310904,"comment_status":"","ping_status":"","sticky":false,"template":"","format":"standard","meta":{"footnotes":""},"categories":[9566],"tags":[1111,11,2430,112,113,114,1777,674,107,1701,63,1011,27,12637,2731,108,12636,12,25,517],"class_list":{"0":"post-310903","1":"post","2":"type-post","3":"status-publish","4":"format-standard","5":"has-post-thumbnail","7":"category-grenoble","8":"tag-actu","9":"tag-actualites","10":"tag-auvergne-rhone-alpes","11":"tag-edition-grenoble-agglomeration","12":"tag-edition-gresivaudan-oisans","13":"tag-edition-voiron-saint-marcellin","14":"tag-eu","15":"tag-europe","16":"tag-fil-info","17":"tag-fil-info-sport","18":"tag-football","19":"tag-fr","20":"tag-france","21":"tag-gf38-grenoble-foot-38","22":"tag-grenoble","23":"tag-isere","24":"tag-ligue-2-football","25":"tag-news","26":"tag-republique-francaise","27":"tag-sport"},"share_on_mastodon":{"url":"https:\/\/pubeurope.com\/@fr\/115008480423567233","error":""},"_links":{"self":[{"href":"https:\/\/www.europesays.com\/fr\/wp-json\/wp\/v2\/posts\/310903","targetHints":{"allow":["GET"]}}],"collection":[{"href":"https:\/\/www.europesays.com\/fr\/wp-json\/wp\/v2\/posts"}],"about":[{"href":"https:\/\/www.europesays.com\/fr\/wp-json\/wp\/v2\/types\/post"}],"author":[{"embeddable":true,"href":"https:\/\/www.europesays.com\/fr\/wp-json\/wp\/v2\/users\/2"}],"replies":[{"embeddable":true,"href":"https:\/\/www.europesays.com\/fr\/wp-json\/wp\/v2\/comments?post=310903"}],"version-history":[{"count":0,"href":"https:\/\/www.europesays.com\/fr\/wp-json\/wp\/v2\/posts\/310903\/revisions"}],"wp:featuredmedia":[{"embeddable":true,"href":"https:\/\/www.europesays.com\/fr\/wp-json\/wp\/v2\/media\/310904"}],"wp:attachment":[{"href":"https:\/\/www.europesays.com\/fr\/wp-json\/wp\/v2\/media?parent=310903"}],"wp:term":[{"taxonomy":"category","embeddable":true,"href":"https:\/\/www.europesays.com\/fr\/wp-json\/wp\/v2\/categories?post=310903"},{"taxonomy":"post_tag","embeddable":true,"href":"https:\/\/www.europesays.com\/fr\/wp-json\/wp\/v2\/tags?post=310903"}],"curies":[{"name":"wp","href":"https:\/\/api.w.org\/{rel}","templated":true}]}}