{"id":310905,"date":"2025-08-11T05:28:34","date_gmt":"2025-08-11T05:28:34","guid":{"rendered":"https:\/\/www.europesays.com\/fr\/310905\/"},"modified":"2025-08-11T05:28:34","modified_gmt":"2025-08-11T05:28:34","slug":"cest-un-projet-quon-a-fait-tous-ensemble-a-rennes-les-habitants-ont-une-idee-etonnante-pour-sauver-ce-chateau-deau-abandonne","status":"publish","type":"post","link":"https:\/\/www.europesays.com\/fr\/310905\/","title":{"rendered":"\u00ab\u00a0C\u2019est un projet qu\u2019on a fait tous ensemble\u00a0\u00bb\u00a0: \u00e0 Rennes, les habitants ont une id\u00e9e \u00e9tonnante pour sauver ce ch\u00e2teau d\u2019eau abandonn\u00e9"},"content":{"rendered":"<p>Le vieux ch\u00e2teau d\u2019eau de Baud-Chardonnet aura-t-il droit \u00e0 une nouvelle vie ? Actuellement en ruine, la tour \u00e9rig\u00e9e en 1919 est au c\u0153ur d\u2019un projet port\u00e9 par les associations Agropunk et Partager Baud-Chardonnet ainsi que par Vanessa Chevalier, une habitante du quartier. Nomm\u00e9 \u00ab La Sourci\u00e8re \u00bb, le projet a \u00e9t\u00e9 soumis au vote des habitants dans le cadre du <a href=\"https:\/\/fabriquecitoyenne.fr\/project\/nos-lieux-communs\/presentation\/presentation\" target=\"_blank\" rel=\"noopener\">concours \u00ab Nos lieux communs \u00bb<\/a>, organis\u00e9 par Rennes m\u00e9tropole, avant de d\u00e9crocher le gros lot le 12 mai dernier.<\/p>\n<p>Lauren Van Reeth, pr\u00e9sident de l\u2019association Agropunk qui lutte contre la faim et la pr\u00e9carit\u00e9, est le premier \u00e0 avoir lanc\u00e9 l\u2019initiative. \u00c0 l\u2019origine, l\u2019objectif est uniquement de cr\u00e9er une \u00e9picerie solidaire. Mais petit \u00e0 petit, d\u2019autres partenaires le rejoignent. \u00ab \u00c7a a super bien march\u00e9 ! \u00bb, se rem\u00e9more-t-il.<\/p>\n<p>Aujourd\u2019hui, le projet Sourci\u00e8re imagine trois espaces distincts : une cr\u00eaperie tenue par Vanessa Chevalier, un observatoire de recherche imagin\u00e9 par Partager Baud-Chardonnet ainsi que l\u2019\u00e9picerie de Laurent. Et pour couronner le tout, une \u00ab bulle de nature \u00bb qui accueillera oiseaux et insectes prendra place en haut du b\u00e2timent.<\/p>\n<p>Un projet p\u00e9dagogique<\/p>\n<p>Le nom, en hommage aux sourciers qui, dans le temps, aidaient \u00e0 trouver de l\u2019eau sous terre, se veut \u00eatre un collectif de gens travaillant pour am\u00e9liorer la vie du quartier. \u00ab C\u2019est un projet qu\u2019on a fait tous ensemble et on est vraiment enthousiastes \u00bb, assure Jean-Yves Simonet, fondateur de l\u2019association Partager Baud-Chardonnet.<\/p>\n<p>Pour Lauren Van Reeth, autrefois b\u00e9n\u00e9ficiaire des Restos du c\u0153ur, il est primordial que le site d\u00e9fende des \u00ab valeurs p\u00e9dagogiques qui puissent \u00eatre adapt\u00e9es \u00e0 tous \u00bb. Dans le ch\u00e2teau d\u2019eau, les diff\u00e9rents acteurs voudraient proposer des \u00ab expositions et des \u00e9v\u00e9nements \u00bb ainsi que des \u00ab formations sp\u00e9cifiques pour les personnes en \u00e9checs scolaires ou avec peu de moyens \u00bb.<\/p>\n<p>Des travaux importants<\/p>\n<p>Pour ce qui est de la restauration du lieu, Laurent le reconna\u00eet : \u00ab Le ch\u00e2teau d\u2019eau est dans un \u00e9tat pitoyable \u00bb. Murs, vitres, planchers\u2026 Dans la vieille b\u00e2tisse, tout est \u00e0 restaurer. \u00ab Au moment o\u00f9 on a commenc\u00e9 \u00e0 faire des rep\u00e9rages, on a aussi d\u00e9couvert que la cuve \u00e9tait fendue \u00bb, confesse Jean-Yves Simonet.<\/p>\n<p>Pour l\u2019heure, le ch\u00e2teau d\u2019eau n\u2019est toujours pas s\u00e9curis\u00e9 et est donc ferm\u00e9 au public. \u00ab J\u2019ai su par une indiscr\u00e9tion qu\u2019un budget pour la mise en s\u00e9curit\u00e9 a \u00e9t\u00e9 trouv\u00e9 car aujourd\u2019hui, il y a un risque d\u2019effondrement \u00bb, glisse Jean-Yves affirmant cependant ne pas conna\u00eetre le montant de celui-ci.<\/p>\n<p><img decoding=\"async\" src=\"https:\/\/www.europesays.com\/fr\/wp-content\/uploads\/2025\/08\/68962211d075aec4ff0179cc.1.jpeg\" width=\"480\" height=\"300\" class=\"web_golden_m\" loading=\"lazy\" alt=\"Un budget pour la s\u00e9curisation du ch\u00e2teau de Baud, pour le moment en ruine, a \u00e9t\u00e9 trouv\u00e9 avant le d\u00e9but des discussions de r\u00e9novation.\"\/>Un budget pour la s\u00e9curisation du ch\u00e2teau de Baud, pour le moment en ruine, a \u00e9t\u00e9 trouv\u00e9 avant le d\u00e9but des discussions de r\u00e9novation. (Le T\u00e9l\u00e9gramme\/Rapha\u00ebl Rocher-Campas)Un avenir flou<\/p>\n<p>En l\u2019\u00e9tat, la sourci\u00e8re n\u2019est donc pour le moment qu\u2019un enchev\u00eatrement d\u2019id\u00e9es dont la r\u00e9alisation reste encore floue notamment lorsque l\u2019on parle gros sous. \u00ab Pour le moment, on n\u2019a aucune id\u00e9e du cadre budg\u00e9taire. On aura des r\u00e9unions d\u2019ici septembre pour en discuter \u00bb, t\u00e9moigne Jean-Yves. Et en disant cela, le cr\u00e9ateur de l\u2019association de voisins ne peut s\u2019emp\u00eacher de penser \u00e0 <a href=\"https:\/\/www.letelegramme.fr\/ille-et-vilaine\/rennes-35000\/dans-ce-vieux-manoir-de-rennes-le-projet-de-salle-de-concerts-abandonne-6588775.php\" target=\"_blank\" rel=\"noopener\">l\u2019\u00e9chec de la restauration du manoir de Baud,<\/a> un projet priv\u00e9 annul\u00e9 en mai 2024 pour cause de co\u00fbts de r\u00e9novation trop importants.<\/p>\n<p>\u00ab Il va falloir n\u00e9gocier des financements \u00bb, conc\u00e8de Laurent Van Reeth. \u00ab On n\u2019est pas tout \u00e0 fait dans le cadre du budget participatif de la Ville de Rennes. L\u00e0, c\u2019est l\u2019initiative Nos lieux communs, c\u2019est un peu diff\u00e9rent et tout nouveau, donc on a moins d\u2019informations. \u00bb Mais en d\u00e9pit de tout, les habitants veulent y croire et ont d\u00e9j\u00e0 propos\u00e9 diff\u00e9rents plans \u00e0 la ville, tous \u00e0 des budgets variables. \u00ab On a m\u00eame pr\u00e9vu une possibilit\u00e9 o\u00f9 on n\u2019utiliserait que le rez-de-chauss\u00e9e ! \u00bb soutient Jean-Yves. Pour l\u2019heure, la Sourci\u00e8re reste un \u00ab projet \u00e0 long terme, \u00bb donc les acteurs imaginent une ouverture \u00ab aux alentours de 2027-2028 \u00bb.<\/p>\n","protected":false},"excerpt":{"rendered":"Le vieux ch\u00e2teau d\u2019eau de Baud-Chardonnet aura-t-il droit \u00e0 une nouvelle vie ? Actuellement en ruine, la tour&hellip;\n","protected":false},"author":2,"featured_media":310906,"comment_status":"","ping_status":"","sticky":false,"template":"","format":"standard","meta":{"footnotes":""},"categories":[2821],"tags":[1111,11,829,1777,674,1011,27,12,584,25,10810],"class_list":{"0":"post-310905","1":"post","2":"type-post","3":"status-publish","4":"format-standard","5":"has-post-thumbnail","7":"category-rennes","8":"tag-actu","9":"tag-actualites","10":"tag-bretagne","11":"tag-eu","12":"tag-europe","13":"tag-fr","14":"tag-france","15":"tag-news","16":"tag-rennes","17":"tag-republique-francaise","18":"tag-urbanisme-a-rennes"},"share_on_mastodon":{"url":"https:\/\/pubeurope.com\/@fr\/115008484608714552","error":""},"_links":{"self":[{"href":"https:\/\/www.europesays.com\/fr\/wp-json\/wp\/v2\/posts\/310905","targetHints":{"allow":["GET"]}}],"collection":[{"href":"https:\/\/www.europesays.com\/fr\/wp-json\/wp\/v2\/posts"}],"about":[{"href":"https:\/\/www.europesays.com\/fr\/wp-json\/wp\/v2\/types\/post"}],"author":[{"embeddable":true,"href":"https:\/\/www.europesays.com\/fr\/wp-json\/wp\/v2\/users\/2"}],"replies":[{"embeddable":true,"href":"https:\/\/www.europesays.com\/fr\/wp-json\/wp\/v2\/comments?post=310905"}],"version-history":[{"count":0,"href":"https:\/\/www.europesays.com\/fr\/wp-json\/wp\/v2\/posts\/310905\/revisions"}],"wp:featuredmedia":[{"embeddable":true,"href":"https:\/\/www.europesays.com\/fr\/wp-json\/wp\/v2\/media\/310906"}],"wp:attachment":[{"href":"https:\/\/www.europesays.com\/fr\/wp-json\/wp\/v2\/media?parent=310905"}],"wp:term":[{"taxonomy":"category","embeddable":true,"href":"https:\/\/www.europesays.com\/fr\/wp-json\/wp\/v2\/categories?post=310905"},{"taxonomy":"post_tag","embeddable":true,"href":"https:\/\/www.europesays.com\/fr\/wp-json\/wp\/v2\/tags?post=310905"}],"curies":[{"name":"wp","href":"https:\/\/api.w.org\/{rel}","templated":true}]}}