{"id":310908,"date":"2025-08-11T05:34:38","date_gmt":"2025-08-11T05:34:38","guid":{"rendered":"https:\/\/www.europesays.com\/fr\/310908\/"},"modified":"2025-08-11T05:34:38","modified_gmt":"2025-08-11T05:34:38","slug":"a-quoi-ressemblait-le-tram-a-strasbourg-il-y-a-148-ans-plongee-dans-levolution-de-la-cts-en-images","status":"publish","type":"post","link":"https:\/\/www.europesays.com\/fr\/310908\/","title":{"rendered":"\u00c0 quoi ressemblait le tram \u00e0 Strasbourg il y a 148 ans ? Plong\u00e9e dans l&rsquo;\u00e9volution\u00a0de\u00a0la\u00a0CTS\u00a0en\u00a0images"},"content":{"rendered":"<p>            Par<br \/>\n        <strong><br \/>\n            <a href=\"https:\/\/actu.fr\/auteur\/olivia-kouassi\" title=\"Consulter tous les articles de Olivia Kouassi\" target=\"_blank\" rel=\"noopener\">Olivia Kouassi<\/a><br \/>\n        <\/strong><\/p>\n<p>        Publi\u00e9 le<\/p>\n<p>            11 ao\u00fbt 2025 \u00e0 7h18        <\/p>\n<p>Ils font partis du paysage depuis 1877, date de la cr\u00e9ation de la<a href=\"https:\/\/actu.fr\/tag\/compagnie-des-transports-strasbourgeois-cts\" target=\"_blank\" rel=\"noopener\"> Compagnie des tramways strasbourgeois<\/a>, notre fameuse <strong>CTS<\/strong>. Bus et trams transportent les habitants de <a href=\"https:\/\/actu.fr\/strasbourg\/\" target=\"_blank\" rel=\"noopener\">Strasbourg<\/a> depuis 148\u00a0ans avec des <strong>designs qui ont marqu\u00e9 leur \u00e9poque<\/strong>.<\/p>\n<p class=\" wall-content\">On\u00a0vous propose <strong>une plong\u00e9e dans l\u2019histoire<\/strong> de la compagnie de transports en commun.<\/p>\n<p>Des trams \u00e0 Strasbourg d\u00e8s 1877<\/p>\n<p class=\" wall-content\">\u00c0 Strasbourg, les premiers tramways,<strong> \u00e0 traction animale,<\/strong> s\u2019\u00e9lancent dans les rues de la ville d\u00e8s 1877 avant d\u2019\u00eatre remplac\u00e9s en 1895 par des trams \u00e9lectriques.<\/p>\n<p>    <img   decoding=\"async\" loading=\"lazy\" src=\"https:\/\/www.europesays.com\/fr\/wp-content\/uploads\/2025\/08\/mg-6276-1er-mai-1960-960x640.jpg\" alt=\"Le 1er mai 1960, le tram de Strasbourg roulait pour la derni\u00e8re fois avant d'\u00eatre remplac\u00e9 par des autobus. Ici, un tram \u00e0 traction animale inaugur\u00e9 en 1877.\" width=\"960\" height=\"640\"\/><br \/>\n    Le 1er\u00a0mai 1960, le tram de Strasbourg roulait pour la derni\u00e8re fois avant d\u2019\u00eatre remplac\u00e9 par des autobus. Ici, un tram \u00e0 traction animale inaugur\u00e9 en 1877. (\u00a9DR)<\/p>\n<p class=\" wall-content\">Le r\u00e9seau s\u2019\u00e9tend rapidement pour atteindre 78 kilom\u00e8tres \u00e0 la fin de la Premi\u00e8re Guerre mondiale. La concurrence de la bicyclette et des v\u00e9hicules automobiles impacte la CTS qui perd de plus en plus d\u2019utilisateurs jusqu\u2019\u00e0 ce que le tramway soit d\u00e9cr\u00e9t\u00e9 trop encombrant apr\u00e8s la Seconde Guerre mondiale.<\/p>\n<p class=\" wall-content\">L\u2019\u00e9poque est alors \u00e0 l\u2019automobile et le dernier tram cesse de circuler le lendemain du 1er mai 1960.<\/p>\n<p>    <img   decoding=\"async\" loading=\"lazy\" src=\"https:\/\/www.europesays.com\/fr\/wp-content\/uploads\/2025\/08\/mg-6303-mai-1960-960x640.jpg\" alt=\"Au lendemain du d\u00e9fil\u00e9 du 1er mai 1960, la quasi-totalit\u00e9 des rames du tramway, dont les caisses sont en bois, est incendi\u00e9e au d\u00e9p\u00f4t de Cronenbourg afin de pouvoir en ferrailler les \u00e9l\u00e9ments m\u00e9talliques.\" width=\"960\" height=\"640\"\/><br \/>\n    Au lendemain du d\u00e9fil\u00e9 du 1er\u00a0mai 1960, la quasi-totalit\u00e9 des rames du tramway, dont les caisses sont en bois, est incendi\u00e9e au d\u00e9p\u00f4t de Cronenbourg afin de pouvoir en ferrailler les \u00e9l\u00e9ments m\u00e9talliques. (\u00a9D.R)<\/p>\n<p class=\" wall-content\">Le tram <strong>ressuscitera en 1994,<\/strong> il y a 31 ans, sous l\u2019impulsion de la maire <strong>Catherine Traumann<\/strong>. Depuis, le r\u00e9seau ne cesse de s\u2019\u00e9tendre et de nouvelles rames seront livr\u00e9es en novembre\u00a02025. Test\u00e9es depuis juin, elles peuvent d\u00e9j\u00e0 \u00eatre observ\u00e9es dans les rues de Strasbourg.<\/p>\n<p class=\" wall-content\">La CTS dispose aujourd\u2019hui de<strong> six lignes de trams<\/strong> et poursuit l\u2019extension de son r\u00e9seau \u00e0 l\u2019instar de la<a href=\"https:\/\/actu.fr\/grand-est\/strasbourg_67482\/strasbourg-extension-du-tram-vers-l-ouest-la-mise-en-service-annoncee-pour-novembre-2025_62537870.html\" target=\"_blank\" rel=\"noopener\"> ligne F jusqu\u2019\u00e0 Wolfisheim qui sera inaugur\u00e9e en novembre\u00a02025.<\/a><\/p>\n<p>Des designs qui ont marqu\u00e9 leur \u00e9poque<\/p>\n<p class=\" wall-content\">Suivant les modes des \u00e9poques, les bus ont connu de nombreux designs diff\u00e9rents au fil des ann\u00e9es.<\/p>\n<p><a class=\"jo-module-caroussel__img-container\" href=\"https:\/\/static.actu.fr\/uploads\/2025\/08\/fotojet-2.jpg\" title=\"Agrandir la photo Entre 1990 et 2024, les int\u00e9rieurs des bus de la CTS ont beaucoup \u00e9volu\u00e9s. (\u00a9 CTS)\" data-idx=\"1\" target=\"_blank\" rel=\"noopener\"><br \/>\n    <img decoding=\"async\" class=\"jo-module-caroussel__img\" loading=\"lazy\" src=\"https:\/\/www.europesays.com\/fr\/wp-content\/uploads\/2025\/08\/fotojet-2-640x427.jpg\" alt=\"Entre 1990 et 2024, les int\u00e9rieurs des bus de la CTS ont beaucoup \u00e9volu\u00e9s. (\u00a9 CTS)\" width=\"640\" height=\"427\"\/><\/a><a class=\"jo-module-caroussel__img-container\" href=\"https:\/\/static.actu.fr\/uploads\/2025\/08\/fotojet-3.jpg\" title=\"Agrandir la photo Les bus de la CTS ont connu de nombreux design dans les ann\u00e9es 1990. (\u00a9 CTS)\" data-idx=\"2\" target=\"_blank\" rel=\"noopener\"><br \/>\n    <img decoding=\"async\" class=\"jo-module-caroussel__img\" loading=\"lazy\" src=\"https:\/\/www.europesays.com\/fr\/wp-content\/uploads\/2025\/08\/fotojet-3-640x427.jpg\" alt=\"Les bus de la CTS ont connu de nombreux design dans les ann\u00e9es 1990. (\u00a9 CTS)\" width=\"640\" height=\"427\"\/><\/a><\/p>\n<p class=\" wall-content\">De nos jours, ce sont les ext\u00e9rieurs des bus qui sont richement d\u00e9cor\u00e9s. Les habitants sont d\u2019ailleurs invit\u00e9s \u00e0 <strong>voter<\/strong> pour choisir <strong>l\u2019habillage<\/strong> des <a href=\"https:\/\/actu.fr\/grand-est\/strasbourg_67482\/strasbourg-voici-a-quoi-vont-ressembler-les-deux-nouvelles-lignes-de-bus-de-la-cts_62943444.html\" target=\"_blank\" rel=\"noopener\">nouveaux bus comme ceux des Chron\u2019hop C4 et C5<\/a> qui seront d\u00e9ploy\u00e9s dans les rues de l\u2019Eurom\u00e9tropole d\u00e8s octobre\u00a02025.<\/p>\n<p class=\" wall-content\">Suivez toute l\u2019actualit\u00e9 de vos villes et m\u00e9dias favoris en vous inscrivant \u00e0 <a href=\"https:\/\/moncompte.actu.fr\" title=\"D\u00e9couvez Mon Actu\" rel=\"nofollow noopener\" data-trk=\"{&quot;cta&quot;:{&quot;action&quot;:&quot;https:\\\/\\\/moncompte.actu.fr&quot;,&quot;category&quot;:&quot;mon compte&quot;,&quot;from&quot;:&quot;article footer&quot;,&quot;name&quot;:&quot;Mon actu&quot;,&quot;type&quot;:&quot;cta&quot;}}\" target=\"_blank\">Mon Actu<\/a>.<\/p>\n<ul class=\"ac-article-tag wall-content\">\n<li><a href=\"https:\/\/actu.fr\/tag\/compagnie-des-transports-strasbourgeois-cts\" data-trk=\"{&quot;cta&quot;:{&quot;action&quot;:&quot;Compagnie des transports strasbourgeois (CTS)&quot;,&quot;category&quot;:&quot;tag&quot;,&quot;from&quot;:&quot;article footer&quot;,&quot;name&quot;:&quot;Compagnie des transports strasbourgeois (CTS)&quot;,&quot;type&quot;:&quot;cta&quot;}}\" target=\"_blank\" rel=\"noopener\">#Compagnie des transports strasbourgeois (CTS)<\/a><\/li>\n<li><a href=\"https:\/\/actu.fr\/tag\/histoire\" data-trk=\"{&quot;cta&quot;:{&quot;action&quot;:&quot;Histoire&quot;,&quot;category&quot;:&quot;tag&quot;,&quot;from&quot;:&quot;article footer&quot;,&quot;name&quot;:&quot;Histoire&quot;,&quot;type&quot;:&quot;cta&quot;}}\" target=\"_blank\" rel=\"noopener\">#Histoire<\/a><\/li>\n<\/ul>\n","protected":false},"excerpt":{"rendered":"Par Olivia Kouassi Publi\u00e9 le 11 ao\u00fbt 2025 \u00e0 7h18 Ils font partis du paysage depuis 1877, date&hellip;\n","protected":false},"author":2,"featured_media":310909,"comment_status":"","ping_status":"","sticky":false,"template":"","format":"standard","meta":{"footnotes":""},"categories":[2820],"tags":[1111,11,7344,1777,674,1011,27,775,937,12,25,104,640],"class_list":{"0":"post-310908","1":"post","2":"type-post","3":"status-publish","4":"format-standard","5":"has-post-thumbnail","7":"category-strasbourg","8":"tag-actu","9":"tag-actualites","10":"tag-compagnie-des-transports-strasbourgeois-cts","11":"tag-eu","12":"tag-europe","13":"tag-fr","14":"tag-france","15":"tag-grand-est","16":"tag-histoire","17":"tag-news","18":"tag-republique-francaise","19":"tag-societe","20":"tag-strasbourg"},"share_on_mastodon":{"url":"https:\/\/pubeurope.com\/@fr\/115008509908958010","error":""},"_links":{"self":[{"href":"https:\/\/www.europesays.com\/fr\/wp-json\/wp\/v2\/posts\/310908","targetHints":{"allow":["GET"]}}],"collection":[{"href":"https:\/\/www.europesays.com\/fr\/wp-json\/wp\/v2\/posts"}],"about":[{"href":"https:\/\/www.europesays.com\/fr\/wp-json\/wp\/v2\/types\/post"}],"author":[{"embeddable":true,"href":"https:\/\/www.europesays.com\/fr\/wp-json\/wp\/v2\/users\/2"}],"replies":[{"embeddable":true,"href":"https:\/\/www.europesays.com\/fr\/wp-json\/wp\/v2\/comments?post=310908"}],"version-history":[{"count":0,"href":"https:\/\/www.europesays.com\/fr\/wp-json\/wp\/v2\/posts\/310908\/revisions"}],"wp:featuredmedia":[{"embeddable":true,"href":"https:\/\/www.europesays.com\/fr\/wp-json\/wp\/v2\/media\/310909"}],"wp:attachment":[{"href":"https:\/\/www.europesays.com\/fr\/wp-json\/wp\/v2\/media?parent=310908"}],"wp:term":[{"taxonomy":"category","embeddable":true,"href":"https:\/\/www.europesays.com\/fr\/wp-json\/wp\/v2\/categories?post=310908"},{"taxonomy":"post_tag","embeddable":true,"href":"https:\/\/www.europesays.com\/fr\/wp-json\/wp\/v2\/tags?post=310908"}],"curies":[{"name":"wp","href":"https:\/\/api.w.org\/{rel}","templated":true}]}}