{"id":310910,"date":"2025-08-11T05:37:27","date_gmt":"2025-08-11T05:37:27","guid":{"rendered":"https:\/\/www.europesays.com\/fr\/310910\/"},"modified":"2025-08-11T05:37:27","modified_gmt":"2025-08-11T05:37:27","slug":"strasbourg-une-soiree-dj-dans-les-bois-avec-loree-85","status":"publish","type":"post","link":"https:\/\/www.europesays.com\/fr\/310910\/","title":{"rendered":"Strasbourg. Une soir\u00e9e DJ dans les bois avec l\u2019Or\u00e9e 85"},"content":{"rendered":"<p>Partant de cette ancienne maison \u00e9clusi\u00e8re transform\u00e9e en tiers lieu culturel et associatif baptis\u00e9 L\u2019Or\u00e9e 85, les producteurs locaux Tcharl et Bjr Alex invitent au voyage.<\/p>\n<p>Pas bien loin\u00a0: une simple \u00e9chapp\u00e9e musicale dans les bois voisins jusqu\u2019\u00e0 atteindre une clairi\u00e8re o\u00f9 percussions caverneuses, douces m\u00e9lodies, ondes persistantes et sonorit\u00e9s lancinantes permettront de danser presque jusqu\u2019au bout de la nuit le jeudi 14\u00a0ao\u00fbt.<\/p>\n<p class=\"note\">Jeudi 14\u00a0ao\u00fbt, \u00e0 partir de 21\u00a0h. \u00c0 l\u2019Or\u00e9e 85, 32 impasse de l\u2019\u00c9cluse, \u00e0 Strasbourg. Participation libre.<\/p>\n","protected":false},"excerpt":{"rendered":"Partant de cette ancienne maison \u00e9clusi\u00e8re transform\u00e9e en tiers lieu culturel et associatif baptis\u00e9 L\u2019Or\u00e9e 85, les producteurs&hellip;\n","protected":false},"author":2,"featured_media":310911,"comment_status":"","ping_status":"","sticky":false,"template":"","format":"standard","meta":{"footnotes":""},"categories":[2820],"tags":[1111,11,2389,1687,2880,27337,1777,674,107,1011,27,775,873,12,25,640,2879],"class_list":{"0":"post-310910","1":"post","2":"type-post","3":"status-publish","4":"format-standard","5":"has-post-thumbnail","7":"category-strasbourg","8":"tag-actu","9":"tag-actualites","10":"tag-alsace","11":"tag-culture-loisirs","12":"tag-edition-strasbourg","13":"tag-estivales","14":"tag-eu","15":"tag-europe","16":"tag-fil-info","17":"tag-fr","18":"tag-france","19":"tag-grand-est","20":"tag-musique","21":"tag-news","22":"tag-republique-francaise","23":"tag-strasbourg","24":"tag-strasbourg-ville"},"share_on_mastodon":{"url":"https:\/\/pubeurope.com\/@fr\/115008519891789949","error":""},"_links":{"self":[{"href":"https:\/\/www.europesays.com\/fr\/wp-json\/wp\/v2\/posts\/310910","targetHints":{"allow":["GET"]}}],"collection":[{"href":"https:\/\/www.europesays.com\/fr\/wp-json\/wp\/v2\/posts"}],"about":[{"href":"https:\/\/www.europesays.com\/fr\/wp-json\/wp\/v2\/types\/post"}],"author":[{"embeddable":true,"href":"https:\/\/www.europesays.com\/fr\/wp-json\/wp\/v2\/users\/2"}],"replies":[{"embeddable":true,"href":"https:\/\/www.europesays.com\/fr\/wp-json\/wp\/v2\/comments?post=310910"}],"version-history":[{"count":0,"href":"https:\/\/www.europesays.com\/fr\/wp-json\/wp\/v2\/posts\/310910\/revisions"}],"wp:featuredmedia":[{"embeddable":true,"href":"https:\/\/www.europesays.com\/fr\/wp-json\/wp\/v2\/media\/310911"}],"wp:attachment":[{"href":"https:\/\/www.europesays.com\/fr\/wp-json\/wp\/v2\/media?parent=310910"}],"wp:term":[{"taxonomy":"category","embeddable":true,"href":"https:\/\/www.europesays.com\/fr\/wp-json\/wp\/v2\/categories?post=310910"},{"taxonomy":"post_tag","embeddable":true,"href":"https:\/\/www.europesays.com\/fr\/wp-json\/wp\/v2\/tags?post=310910"}],"curies":[{"name":"wp","href":"https:\/\/api.w.org\/{rel}","templated":true}]}}