{"id":310914,"date":"2025-08-11T05:39:11","date_gmt":"2025-08-11T05:39:11","guid":{"rendered":"https:\/\/www.europesays.com\/fr\/310914\/"},"modified":"2025-08-11T05:39:11","modified_gmt":"2025-08-11T05:39:11","slug":"a-nice-des-imprimes-suspectes-de-servir-a-la-propagande-electorale-font-polemique","status":"publish","type":"post","link":"https:\/\/www.europesays.com\/fr\/310914\/","title":{"rendered":"\u00e0 Nice, des imprim\u00e9s suspect\u00e9s de servir \u00e0 la propagande \u00e9lectorale font pol\u00e9mique"},"content":{"rendered":"<p>Des livrets distribu\u00e9s par la municipalit\u00e9 ni\u00e7oise de Christian Estrosi et le dernier journal du d\u00e9put\u00e9 \u00c9ric Ciotti ont fait l\u2019objet de signalements, suspect\u00e9s de servir des objectifs de campagne avec l\u2019argent du contribuable.<\/p>\n<p class=\"fig-paragraph\">Des livrets en papier glac\u00e9 d\u00e9fendant l\u2019action de la municipalit\u00e9 de\u00a0<a href=\"http:\/\/www.lefigaro.fr\/nice\/municipales-2026-a-nice-estrosi-officialise-sa-candidature-entre-affaires-et-augmentation-de-la-fiscalite-20240415\" data-fig-type=\"NewsFlash\" data-gtm-custom-categorie=\"navigation\" data-gtm-custom-action=\"crossclick\" data-gtm-custom-label=\"Contextuel\" data-gtm-event=\"customEventSPE\" data-fig-domain=\"LEFIGARO\" target=\"_blank\" rel=\"noopener\">Christian Estrosi<\/a>\u00a0d\u2019un c\u00f4t\u00e9, le journal du d\u00e9put\u00e9\u00a0<a href=\"http:\/\/www.lefigaro.fr\/nice\/lors-de-ses-voeux-a-nice-eric-ciotti-attend-encore-pour-officialiser-sa-candidature-aux-municipales-20250124\" data-fig-type=\"NewsFlash\" data-gtm-custom-categorie=\"navigation\" data-gtm-custom-action=\"crossclick\" data-gtm-custom-label=\"Contextuel\" data-gtm-event=\"customEventSPE\" data-fig-domain=\"LEFIGARO\" target=\"_blank\" rel=\"noopener\">\u00c9ric Ciotti<\/a>\u00a0critiquant le bilan de cette m\u00eame mairie de l\u2019autre\u00a0: \u00e0 Nice (Alpes-Maritimes), des imprim\u00e9s financ\u00e9s par de l\u2019argent public sont suspect\u00e9s de servir d\u2019ores et d\u00e9j\u00e0 \u00e0 une propagande \u00e9lectorale, \u00e0 un peu plus de six mois des \u00e9lections municipales de mars 2026.<\/p>\n<p class=\"fig-paragraph\">Deux signalements ont ainsi \u00e9t\u00e9 envoy\u00e9s concernant ces brochures. L\u2019\u00e9lu \u00abestrosiste\u00bb Ga\u00ebl Nofri a d\u00e9cid\u00e9 de saisir le d\u00e9ontologue et le bureau de l\u2019Assembl\u00e9e nationale pour \u00e9voquer \u00abun d\u00e9tournement de moyens publics\u00bb concernant le document de quatre pages distribu\u00e9 par \u00c9ric Ciotti en juillet. Sur les r\u00e9seaux sociaux, d\u2019autres \u00e9lus de la majorit\u00e9 du maire Horizons ont rench\u00e9ri, s\u2019appuyant m\u00eame sur l\u2019article d\u2019un journal local communiste pour d\u00e9noncer cette pratique du d\u00e9put\u00e9 soup\u00e7onn\u00e9 de dessiner les contours de sa candidature aux municipales gr\u00e2ce aux frais du parlement.<\/p>\n<p class=\"fig-paragraph\">Les proches d\u2019\u00c9ric Ciotti ont\u2026<\/p>\n<p class=\"fig-premium-paywall__infos\">\n        Cet article est r\u00e9serv\u00e9 aux abonn\u00e9s.        Il vous reste 77% \u00e0 d\u00e9couvrir.\n    <\/p>\n<p>                <img  data- alt=\"Le Figaro\" class=\"fig-img--complete fig-img\"\/><\/p>\n<p class=\"fig-premium-paywall__title\">Vous avez envie de lire la suite ?<\/p>\n<p class=\"fig-premium-paywall__subtitle\">D\u00e9bloquez tous les articles imm\u00e9diatement.<\/p>\n<p class=\"fig-premium-paywall__connect\">\n                D\u00e9j\u00e0 abonn\u00e9\u00a0?                <a class=\"fig-premium-paywall__connect-link\" href=\"https:\/\/connect.lefigaro.fr\/login?client=horizon_web&amp;type=main&amp;redirect_uri=https%3A%2F%2Fwww.lefigaro.fr%2Felections%2Fmunicipales%2Fmunicipales-2026-a-nice-des-imprimes-suspectes-de-servir-a-la-propagande-electorale-font-polemique-20250811\" data-js-gtm=\"{&quot;customCategorie&quot;: &quot;conversion&quot;, &quot;customAction&quot;: &quot;before_Landing_Connexion_paywall_auto&quot;, &quot;customLabel&quot;: &quot;bGVmaWdhcm8uZnJfXzFmMDczYTU5LWExZTctNmNjZS1hNGM1LWQ1MDk1M2FlMzg3ZV9fTmV3c0ZsYXNo_Municipales 2026\u00a0: \u00e0 Nice, des imprim\u00e9s suspect\u00e9s de servir \u00e0 la propagande \u00e9lectorale font pol\u00e9mique_28&quot;, &quot;customIDSPE&quot;: &quot;bGVmaWdhcm8uZnJfXzFmMDczYTU5LWExZTctNmNjZS1hNGM1LWQ1MDk1M2FlMzg3ZV9fTmV3c0ZsYXNo&quot;, &quot;event&quot;: &quot;customEventSPE&quot;}\" target=\"_blank\" rel=\"noopener\"><br \/>\n                    Connectez-vous<br \/>\n                <\/a>\n            <\/p>\n","protected":false},"excerpt":{"rendered":"Des livrets distribu\u00e9s par la municipalit\u00e9 ni\u00e7oise de Christian Estrosi et le dernier journal du d\u00e9put\u00e9 \u00c9ric Ciotti&hellip;\n","protected":false},"author":2,"featured_media":310915,"comment_status":"","ping_status":"","sticky":false,"template":"","format":"standard","meta":{"footnotes":""},"categories":[2819],"tags":[1111,11,2397,4188,6537,1777,674,1011,27,12,2401,882,25],"class_list":{"0":"post-310914","1":"post","2":"type-post","3":"status-publish","4":"format-standard","5":"has-post-thumbnail","7":"category-nice","8":"tag-actu","9":"tag-actualites","10":"tag-christian-estrosi","11":"tag-elections-municipales","12":"tag-eric-ciotti","13":"tag-eu","14":"tag-europe","15":"tag-fr","16":"tag-france","17":"tag-news","18":"tag-nice","19":"tag-provence-alpes-cote-dazur","20":"tag-republique-francaise"},"share_on_mastodon":{"url":"https:\/\/pubeurope.com\/@fr\/115008527662704269","error":""},"_links":{"self":[{"href":"https:\/\/www.europesays.com\/fr\/wp-json\/wp\/v2\/posts\/310914","targetHints":{"allow":["GET"]}}],"collection":[{"href":"https:\/\/www.europesays.com\/fr\/wp-json\/wp\/v2\/posts"}],"about":[{"href":"https:\/\/www.europesays.com\/fr\/wp-json\/wp\/v2\/types\/post"}],"author":[{"embeddable":true,"href":"https:\/\/www.europesays.com\/fr\/wp-json\/wp\/v2\/users\/2"}],"replies":[{"embeddable":true,"href":"https:\/\/www.europesays.com\/fr\/wp-json\/wp\/v2\/comments?post=310914"}],"version-history":[{"count":0,"href":"https:\/\/www.europesays.com\/fr\/wp-json\/wp\/v2\/posts\/310914\/revisions"}],"wp:featuredmedia":[{"embeddable":true,"href":"https:\/\/www.europesays.com\/fr\/wp-json\/wp\/v2\/media\/310915"}],"wp:attachment":[{"href":"https:\/\/www.europesays.com\/fr\/wp-json\/wp\/v2\/media?parent=310914"}],"wp:term":[{"taxonomy":"category","embeddable":true,"href":"https:\/\/www.europesays.com\/fr\/wp-json\/wp\/v2\/categories?post=310914"},{"taxonomy":"post_tag","embeddable":true,"href":"https:\/\/www.europesays.com\/fr\/wp-json\/wp\/v2\/tags?post=310914"}],"curies":[{"name":"wp","href":"https:\/\/api.w.org\/{rel}","templated":true}]}}