{"id":310916,"date":"2025-08-11T05:40:10","date_gmt":"2025-08-11T05:40:10","guid":{"rendered":"https:\/\/www.europesays.com\/fr\/310916\/"},"modified":"2025-08-11T05:40:10","modified_gmt":"2025-08-11T05:40:10","slug":"une-enseigne-de-poke-bowls-toulousaine-ouvre-dans-ce-centre-commercial","status":"publish","type":"post","link":"https:\/\/www.europesays.com\/fr\/310916\/","title":{"rendered":"une enseigne de pok\u00e9 bowls toulousaine ouvre dans ce centre commercial"},"content":{"rendered":"<p>            Par<br \/>\n        <strong><br \/>\n            <a href=\"https:\/\/actu.fr\/auteur\/laure-gentil\" title=\"Consulter tous les articles de Laure Gentil\" rel=\"nofollow noopener\" target=\"_blank\">Laure Gentil<\/a><br \/>\n        <\/strong><\/p>\n<p>        Publi\u00e9 le<\/p>\n<p>            11 ao\u00fbt 2025 \u00e0 7h32        <\/p>\n<p>Bonne nouvelle pour les amateurs de pok\u00e9 bowls, Boh\u00e9bon, l\u2019enseigne sp\u00e9cialis\u00e9e, va s\u2019installer dans le centre commercial Beaulieu de Nantes.<\/p>\n<p class=\" wall-content\">Boh\u00e9bon est <strong>une enseigne toulousaine<\/strong> cr\u00e9\u00e9e en 2019. Plusieurs ouvertures dans diff\u00e9rentes villes ont eu lieu depuis\u2009: Pau, <a href=\"https:\/\/actu.fr\/occitanie\/perpignan_66136\/bohebon-c-est-quoi-cette-nouvelle-enseigne-de-restauration-qui-debarque-pres-de-perpignan_50948829.html\" rel=\"nofollow noopener\" target=\"_blank\">Perpignan<\/a> et maintenant la cit\u00e9 des Ducs de Bretagne. Boh\u00e9bon accueille aussi des franchis\u00e9s.<\/p>\n<p>Ouverture \u00e0 la rentr\u00e9e<\/p>\n<p class=\" wall-content\">\u00ab\u2009L\u2019enseigne se distingue par sa capacit\u00e9 \u00e0 combiner des ingr\u00e9dients frais et de qualit\u00e9, permettant aux clients de personnaliser leurs plats selon leurs go\u00fbts\u2009\u00bb, peut-on lire sur le site du centre commercial.<\/p>\n<p class=\" wall-content\">Les pok\u00e9s sont <strong>faits maison<\/strong> et sont <strong>pr\u00e9par\u00e9s minute<\/strong> sur place pour \u00e9viter le gaspillage. Une livraison quotidienne le matin doit garantir \u00ab\u2009la fra\u00eecheur de chaque produit\u2009\u00bb.\u00a0Ils sont aussi servis dans des cartons recyclables. Des <strong>gyozas<\/strong> seront de plus \u00e0 la carte.<\/p>\n<p class=\" wall-content\">Suivez toute l\u2019actualit\u00e9 de vos villes et m\u00e9dias favoris en vous inscrivant \u00e0 <a href=\"https:\/\/moncompte.actu.fr\" title=\"D\u00e9couvez Mon Actu\" rel=\"nofollow noopener\" data-trk=\"{&quot;cta&quot;:{&quot;action&quot;:&quot;https:\\\/\\\/moncompte.actu.fr&quot;,&quot;category&quot;:&quot;mon compte&quot;,&quot;from&quot;:&quot;article footer&quot;,&quot;name&quot;:&quot;Mon actu&quot;,&quot;type&quot;:&quot;cta&quot;}}\" target=\"_blank\">Mon Actu<\/a>.<\/p>\n<ul class=\"ac-article-tag wall-content\">\n<li><a href=\"https:\/\/actu.fr\/tag\/nouveaux-commerces\" data-trk=\"{&quot;cta&quot;:{&quot;action&quot;:&quot;Nouveaux commerces&quot;,&quot;category&quot;:&quot;tag&quot;,&quot;from&quot;:&quot;article footer&quot;,&quot;name&quot;:&quot;Nouveaux commerces&quot;,&quot;type&quot;:&quot;cta&quot;}}\" rel=\"nofollow noopener\" target=\"_blank\">#Nouveaux commerces<\/a><\/li>\n<li><a href=\"https:\/\/actu.fr\/tag\/restaurant\" data-trk=\"{&quot;cta&quot;:{&quot;action&quot;:&quot;Restaurant&quot;,&quot;category&quot;:&quot;tag&quot;,&quot;from&quot;:&quot;article footer&quot;,&quot;name&quot;:&quot;Restaurant&quot;,&quot;type&quot;:&quot;cta&quot;}}\" rel=\"nofollow noopener\" target=\"_blank\">#Restaurant<\/a><\/li>\n<\/ul>\n","protected":false},"excerpt":{"rendered":"Par Laure Gentil Publi\u00e9 le 11 ao\u00fbt 2025 \u00e0 7h32 Bonne nouvelle pour les amateurs de pok\u00e9 bowls,&hellip;\n","protected":false},"author":2,"featured_media":310917,"comment_status":"","ping_status":"","sticky":false,"template":"","format":"standard","meta":{"footnotes":""},"categories":[2818],"tags":[1111,11,1777,674,1011,27,1305,766,12,3147,2636,25,1340],"class_list":{"0":"post-310916","1":"post","2":"type-post","3":"status-publish","4":"format-standard","5":"has-post-thumbnail","7":"category-nantes","8":"tag-actu","9":"tag-actualites","10":"tag-eu","11":"tag-europe","12":"tag-fr","13":"tag-france","14":"tag-lifestyle","15":"tag-nantes","16":"tag-news","17":"tag-nouveaux-commerces","18":"tag-pays-de-la-loire","19":"tag-republique-francaise","20":"tag-restaurant"},"share_on_mastodon":{"url":"https:\/\/pubeurope.com\/@fr\/115008531931270630","error":""},"_links":{"self":[{"href":"https:\/\/www.europesays.com\/fr\/wp-json\/wp\/v2\/posts\/310916","targetHints":{"allow":["GET"]}}],"collection":[{"href":"https:\/\/www.europesays.com\/fr\/wp-json\/wp\/v2\/posts"}],"about":[{"href":"https:\/\/www.europesays.com\/fr\/wp-json\/wp\/v2\/types\/post"}],"author":[{"embeddable":true,"href":"https:\/\/www.europesays.com\/fr\/wp-json\/wp\/v2\/users\/2"}],"replies":[{"embeddable":true,"href":"https:\/\/www.europesays.com\/fr\/wp-json\/wp\/v2\/comments?post=310916"}],"version-history":[{"count":0,"href":"https:\/\/www.europesays.com\/fr\/wp-json\/wp\/v2\/posts\/310916\/revisions"}],"wp:featuredmedia":[{"embeddable":true,"href":"https:\/\/www.europesays.com\/fr\/wp-json\/wp\/v2\/media\/310917"}],"wp:attachment":[{"href":"https:\/\/www.europesays.com\/fr\/wp-json\/wp\/v2\/media?parent=310916"}],"wp:term":[{"taxonomy":"category","embeddable":true,"href":"https:\/\/www.europesays.com\/fr\/wp-json\/wp\/v2\/categories?post=310916"},{"taxonomy":"post_tag","embeddable":true,"href":"https:\/\/www.europesays.com\/fr\/wp-json\/wp\/v2\/tags?post=310916"}],"curies":[{"name":"wp","href":"https:\/\/api.w.org\/{rel}","templated":true}]}}