{"id":310928,"date":"2025-08-11T05:50:17","date_gmt":"2025-08-11T05:50:17","guid":{"rendered":"https:\/\/www.europesays.com\/fr\/310928\/"},"modified":"2025-08-11T05:50:17","modified_gmt":"2025-08-11T05:50:17","slug":"a-lille-est-exposee-la-tete-du-geant-dont-la-legende-aurait-donne-son-nom-a-anvers","status":"publish","type":"post","link":"https:\/\/www.europesays.com\/fr\/310928\/","title":{"rendered":"\u00e0 Lille est expos\u00e9e la t\u00eate du g\u00e9ant dont la l\u00e9gende aurait donn\u00e9 son nom \u00e0 Anvers"},"content":{"rendered":"<p>            Par<br \/>\n        <strong><br \/>\n            <a href=\"https:\/\/actu.fr\/auteur\/amandine-vachez\" title=\"Consulter tous les articles de Amandine Vachez\" target=\"_blank\" rel=\"noopener\">Amandine Vachez<\/a><br \/>\n        <\/strong><\/p>\n<p>        Publi\u00e9 le<\/p>\n<p>            11 ao\u00fbt 2025 \u00e0 7h39        <\/p>\n<p>C\u2019est un des \u00ab\u2009fun facts\u2009\u00bb que l\u2019on trouve dans l\u2019<b>exposition du moment<\/b>, au <a href=\"https:\/\/actu.fr\/tag\/palais-des-beaux-arts-de-lille\" target=\"_blank\" rel=\"noopener\">Palais des Beaux-Arts<\/a> de <a href=\"https:\/\/actu.fr\/lille\/\" target=\"_blank\" rel=\"noopener\">Lille<\/a> (Nord). Dans <b>\u00ab\u2009F\u00eates et c\u00e9l\u00e9brations flamandes\u2009\u00bb<\/b>, <a href=\"https:\/\/actu.fr\/hauts-de-france\/lille_59350\/les-expositions-de-lille3000-poursuivent-lesprit-fiesta-a-lille_62683032.html\" target=\"_blank\" rel=\"noopener\">visible jusqu\u2019au 1er\u00a0septembre 2025<\/a>, les traditions de l\u2019\u00e9poque des Pays-Bas espagnols sont \u00e9voqu\u00e9es dans un parcours riche d\u2019oeuvres d\u2019art et d\u2019objets, parfois du quotidien, parfois hautement symboliques. C\u2019est le cas des<b> t\u00eates des g\u00e9ants d\u2019Anvers<\/b> qui ont la part belle dans une salle de l\u2019exposition. De l\u2019un de ces deux personnages viendrait le nom de la ville d\u2019<b>Anvers<\/b> (Antwerpen, en <a href=\"https:\/\/actu.fr\/tag\/belgique\" target=\"_blank\" rel=\"noopener\">Belgique<\/a>).<\/p>\n<p>Druon Antigone, un g\u00e9ant pas commode<\/p>\n<p class=\" wall-content\">Si vous \u00eates en qu\u00eate d\u2019anecdotes, vous serez servis dans l\u2019exposition temporaire du Palais des Beaux-arts, mont\u00e9e en commissariat partag\u00e9 avec le <a href=\"https:\/\/actu.fr\/tag\/louvre\" target=\"_blank\" rel=\"noopener\">Louvre<\/a> et les <a href=\"https:\/\/actu.fr\/hauts-de-france\/lille_59350\/a-lille-des-tableaux-des-musees-royaux-de-belgique-et-autres-tresors-exposes-aux-beaux-arts_62286762.html\" target=\"_blank\" rel=\"noopener\">mus\u00e9es royaux de Belgique<\/a>. Notamment sur le plat pays. Dans une salle consacr\u00e9e aux traditions festives belges, on rencontre deux t\u00eates de g\u00e9ants et leurs repr\u00e9sentations sur des tableaux. Parmi elles celle de Druon Antigone, un des deux g\u00e9ants d\u2019Anvers, pr\u00eat\u00e9 par le Museum aan de Stroom de la ville belge. \u00ab\u2009On pourrait croire que les g\u00e9ants, li\u00e9s aux traditions festives, sont des personnages sympathiques, mais ce n\u2019est pas toujours le cas\u2009\u00bb, sourit Marie Vidal de la Blache, charg\u00e9e du d\u00e9veloppement des publics pour le Palais des Beaux-Arts de Lille, lors de notre visite de l\u2019exposition.<\/p>\n<p>    <img   decoding=\"async\" loading=\"lazy\" class=\"size-large\" src=\"https:\/\/www.europesays.com\/fr\/wp-content\/uploads\/2025\/08\/c4856192b498639856192b4983d856v-1-960x640.jpeg\" alt=\"Des t\u00eates de g\u00e9ants et autres curiosit\u00e9s sont r\u00e9unis \u00e0 Lille (Nord), pour cette exposition internationale et in\u00e9dite.\" width=\"960\" height=\"640\"\/><br \/>\n    L\u2019autre g\u00e9ante d\u2019Anvers, Pallas Athena (18e si\u00e8cle, d\u2019apr\u00e8s Dani\u00ebl III Herreyns), est aussi expos\u00e9e \u00e0 Lille. \u00a9Amandine Vachez<\/p>\n<p class=\" wall-content\">En effet, Druon Antigone n\u2019est pas connu pour sa bont\u00e9 d\u2019\u00e2me\u2009! Le mus\u00e9e relaie la l\u00e9gende li\u00e9e \u00e0 ce g\u00e9ant\u2009: \u00ab\u2009On raconte qu\u2019il r\u00e9clamait de l\u2019argent aux marins qui voulaient naviguer sur l\u2019Escaut, tranchait la main de ceux qui ne voulaient pas payer.\u2009\u00bb Mais un jour, un homme s\u2019est rebell\u00e9. Le soldat Silvius Brabo, qui refusait de payer, lui a coup\u00e9 la main, avant de la jeter dans le fleuve. C\u2019est l\u00e0 que se fait le lien avec le nom d\u2019Anvers, \u00ab\u2009Handwerpen\u2009\u00bb (\u00abmain\u2009\u00bb et \u00ab\u2009jeter\u2009\u00bb), devenu Antwerpen, en fran\u00e7ais \u00ab\u2009Anvers\u2009\u00bb.<\/p>\n<p>Les g\u00e9ants, figures du folklore local<\/p>\n<p class=\" wall-content\">Pour rappel, ces grands personnages faits de bois, de papier m\u00e2ch\u00e9 et de m\u00e9tal comme celui-ci qui date du 16e si\u00e8cle, symbolisent des villes, dans le folklore du Nord de la France et la Belgique. Ils peuvent incarner des personnages historiques ou l\u00e9gendaires, voire des figures locales. Ils sont, \u00e0 chaque c\u00e9l\u00e9bration d\u2019importance comme les carnavals, de sortie. Et chez nous, on adore \u00e7a\u2009!<\/p>\n<p class=\" wall-content\">Voil\u00e0 de quoi vous donner des billes pour lancer une conversation. Ne nous remerciez pas, nous sommes l\u00e0 pour \u00e7a (et modestes, en plus). Si vous aimez ce type de contenus et souhaitez que l\u2019on en fasse r\u00e9guli\u00e8rement, n\u2019h\u00e9sitez pas \u00e0 nous le dire et \/ ou envoyer des suggestions (<a href=\"http:\/\/actu.fr\/cdn-cgi\/l\/email-protection#354750515456415c5a5b1b595c59595075545641401b5347\" target=\"_blank\" rel=\"noopener\">par ici<\/a>).<\/p>\n<p class=\" wall-content\">Suivez toute l\u2019actualit\u00e9 de vos villes et m\u00e9dias favoris en vous inscrivant \u00e0 <a href=\"https:\/\/moncompte.actu.fr\" title=\"D\u00e9couvez Mon Actu\" rel=\"nofollow noopener\" data-trk=\"{&quot;cta&quot;:{&quot;action&quot;:&quot;https:\\\/\\\/moncompte.actu.fr&quot;,&quot;category&quot;:&quot;mon compte&quot;,&quot;from&quot;:&quot;article footer&quot;,&quot;name&quot;:&quot;Mon actu&quot;,&quot;type&quot;:&quot;cta&quot;}}\" target=\"_blank\">Mon Actu<\/a>.<\/p>\n<ul class=\"ac-article-tag wall-content\">\n<li><a href=\"https:\/\/actu.fr\/tag\/palais-des-beaux-arts-de-lille\" data-trk=\"{&quot;cta&quot;:{&quot;action&quot;:&quot;Palais des Beaux-arts de Lille&quot;,&quot;category&quot;:&quot;tag&quot;,&quot;from&quot;:&quot;article footer&quot;,&quot;name&quot;:&quot;Palais des Beaux-arts de Lille&quot;,&quot;type&quot;:&quot;cta&quot;}}\" target=\"_blank\" rel=\"noopener\">#Palais des Beaux-arts de Lille<\/a><\/li>\n<li><a href=\"https:\/\/actu.fr\/tag\/patrimoine\" data-trk=\"{&quot;cta&quot;:{&quot;action&quot;:&quot;Patrimoine&quot;,&quot;category&quot;:&quot;tag&quot;,&quot;from&quot;:&quot;article footer&quot;,&quot;name&quot;:&quot;Patrimoine&quot;,&quot;type&quot;:&quot;cta&quot;}}\" target=\"_blank\" rel=\"noopener\">#Patrimoine<\/a><\/li>\n<\/ul>\n","protected":false},"excerpt":{"rendered":"Par Amandine Vachez Publi\u00e9 le 11 ao\u00fbt 2025 \u00e0 7h39 C\u2019est un des \u00ab\u2009fun facts\u2009\u00bb que l\u2019on trouve&hellip;\n","protected":false},"author":2,"featured_media":310929,"comment_status":"","ping_status":"","sticky":false,"template":"","format":"standard","meta":{"footnotes":""},"categories":[2815],"tags":[1111,11,1777,674,1011,27,811,1307,1652,12,3368,2551,25],"class_list":{"0":"post-310928","1":"post","2":"type-post","3":"status-publish","4":"format-standard","5":"has-post-thumbnail","7":"category-lille","8":"tag-actu","9":"tag-actualites","10":"tag-eu","11":"tag-europe","12":"tag-fr","13":"tag-france","14":"tag-hauts-de-france","15":"tag-lille","16":"tag-loisirs-culture","17":"tag-news","18":"tag-palais-des-beaux-arts-de-lille","19":"tag-patrimoine","20":"tag-republique-francaise"},"share_on_mastodon":{"url":"https:\/\/pubeurope.com\/@fr\/115008571507809453","error":""},"_links":{"self":[{"href":"https:\/\/www.europesays.com\/fr\/wp-json\/wp\/v2\/posts\/310928","targetHints":{"allow":["GET"]}}],"collection":[{"href":"https:\/\/www.europesays.com\/fr\/wp-json\/wp\/v2\/posts"}],"about":[{"href":"https:\/\/www.europesays.com\/fr\/wp-json\/wp\/v2\/types\/post"}],"author":[{"embeddable":true,"href":"https:\/\/www.europesays.com\/fr\/wp-json\/wp\/v2\/users\/2"}],"replies":[{"embeddable":true,"href":"https:\/\/www.europesays.com\/fr\/wp-json\/wp\/v2\/comments?post=310928"}],"version-history":[{"count":0,"href":"https:\/\/www.europesays.com\/fr\/wp-json\/wp\/v2\/posts\/310928\/revisions"}],"wp:featuredmedia":[{"embeddable":true,"href":"https:\/\/www.europesays.com\/fr\/wp-json\/wp\/v2\/media\/310929"}],"wp:attachment":[{"href":"https:\/\/www.europesays.com\/fr\/wp-json\/wp\/v2\/media?parent=310928"}],"wp:term":[{"taxonomy":"category","embeddable":true,"href":"https:\/\/www.europesays.com\/fr\/wp-json\/wp\/v2\/categories?post=310928"},{"taxonomy":"post_tag","embeddable":true,"href":"https:\/\/www.europesays.com\/fr\/wp-json\/wp\/v2\/tags?post=310928"}],"curies":[{"name":"wp","href":"https:\/\/api.w.org\/{rel}","templated":true}]}}