{"id":310932,"date":"2025-08-11T05:52:13","date_gmt":"2025-08-11T05:52:13","guid":{"rendered":"https:\/\/www.europesays.com\/fr\/310932\/"},"modified":"2025-08-11T05:52:13","modified_gmt":"2025-08-11T05:52:13","slug":"zfe-et-circulation-differenciee-a-marseille-levelo-gratuit-les-mesures-dans-les-bouches-du-rhone-ce-lundi","status":"publish","type":"post","link":"https:\/\/www.europesays.com\/fr\/310932\/","title":{"rendered":"ZFE et circulation diff\u00e9renci\u00e9e \u00e0 Marseille, \u00ab\u00a0Lev\u00e9lo\u00a0\u00bb gratuit&#8230; les mesures dans les Bouches-du-Rh\u00f4ne ce lundi"},"content":{"rendered":"<p>Face \u00e0 un nouvel <a href=\"https:\/\/www.laprovence.com\/article\/region\/3020580623915914\/pollution-de-lair-dans-les-bouches-du-rhone-transports-sante-ce-que-change-lalerte-de-niveau-1-declenchee-ce-samedi\" target=\"_blank\" rel=\"nofollow noopener\">\u00e9pisode de pollution \u00e0 l&rsquo;ozone<\/a>, le d\u00e9partement des Bouches-du-Rh\u00f4ne passe en alerte de niveau 2 \u00e0 compter de ce lundi 11 ao\u00fbt. Cette situation critique conduit \u00e0 un <strong>durcissement des mesures dans la Zone \u00e0 Faibles \u00c9missions (ZFE) de Marseille<\/strong>, o\u00f9 le <a href=\"https:\/\/www.bouches-du-rhone.gouv.fr\/contenu\/telechargement\/60794\/429622\/file\/recueil-13-2025-237%20BIS-des-actes-administratifs-special-du%2010-ao%C3%BBt-2025.pdf\" target=\"_blank\" rel=\"nofollow noopener\">Pr\u00e9fet <\/a>impose une <strong>circulation diff\u00e9renci\u00e9e<\/strong>, ciblant les v\u00e9hicules les plus polluants, conform\u00e9ment \u00e0 la r\u00e9glementation applicable en cas de<a href=\"https:\/\/www.laprovence.com\/article\/region\/33006839142032\/pollution-de-l-air-dans-les-alpes-de-haute-provence-la-prefecture-annonce-de-nouvelles-restrictions\" target=\"_blank\" rel=\"nofollow noopener\"> pic de pollution.<\/a><\/p>\n<p>Depuis le samedi 9 ao\u00fbt, une alerte de niveau 1 \u00e9tait en vigueur, actant des incitations \u00e0 privil\u00e9gier les<a href=\"https:\/\/www.laprovence.com\/article\/ecoplanete\/1015150297280814\/le-collectif-ecoles-et-mobilites-douces-vla-de-villeneuve-lez-avignon-se-mobilise-en-faveur-des-modes-de-deplacement-alternatifs\" target=\"_blank\" rel=\"nofollow noopener\"> mobilit\u00e9s douces<\/a>, notamment avec la <strong>gratuit\u00e9 des 30 premi\u00e8res minutes sur le service de v\u00e9los en libre-service <\/strong>\u00ab\u00a0Lev\u00e9lo\u00a0\u00bb, suivies d&rsquo;une tarification mod\u00e9r\u00e9e (0,05 \u20ac\/min) au-del\u00e0. D\u00e8s ce lundi, d&rsquo;autres mesures renforcent le dispositif :<\/p>\n<p>La <a href=\"https:\/\/www.laprovence.com\/article\/ecoplanete\/7638951107710414\/la-vignette-critair-toujours-obligatoire-a-marseille-malgre-la-suppression-des-zfe\" target=\"_blank\" rel=\"nofollow noopener\">ZFE <\/a>de Marseille, d\u00e9j\u00e0 en place,<strong> interdit en continu la circulation de v\u00e9hicules affichant les vignettes Crit&rsquo;Air 4, 5 ou non class\u00e9s sur le territoire concern\u00e9<\/strong>. Ces nouvelles restrictions renforcent la lutte contre la pollution atmosph\u00e9rique gr\u00e2ce \u00e0 des r\u00e9ponses cibl\u00e9es et coordonn\u00e9es entre les autorit\u00e9s pr\u00e9fectorales et m\u00e9tropolitaines.<\/p>\n","protected":false},"excerpt":{"rendered":"Face \u00e0 un nouvel \u00e9pisode de pollution \u00e0 l&rsquo;ozone, le d\u00e9partement des Bouches-du-Rh\u00f4ne passe en alerte de niveau&hellip;\n","protected":false},"author":2,"featured_media":310933,"comment_status":"","ping_status":"","sticky":false,"template":"","format":"standard","meta":{"footnotes":""},"categories":[2814],"tags":[17,1111,11,3542,31098,436,1777,674,1011,27,16456,45095,884,12,1800,882,25,3533],"class_list":{"0":"post-310932","1":"post","2":"type-post","3":"status-publish","4":"format-standard","5":"has-post-thumbnail","7":"category-marseille","8":"tag-17","9":"tag-actu","10":"tag-actualites","11":"tag-circulation","12":"tag-differenciee","13":"tag-environnement","14":"tag-eu","15":"tag-europe","16":"tag-fr","17":"tag-france","18":"tag-lair","19":"tag-levelo","20":"tag-marseille","21":"tag-news","22":"tag-pollution","23":"tag-provence-alpes-cote-dazur","24":"tag-republique-francaise","25":"tag-zfe"},"share_on_mastodon":{"url":"https:\/\/pubeurope.com\/@fr\/115008578738674621","error":""},"_links":{"self":[{"href":"https:\/\/www.europesays.com\/fr\/wp-json\/wp\/v2\/posts\/310932","targetHints":{"allow":["GET"]}}],"collection":[{"href":"https:\/\/www.europesays.com\/fr\/wp-json\/wp\/v2\/posts"}],"about":[{"href":"https:\/\/www.europesays.com\/fr\/wp-json\/wp\/v2\/types\/post"}],"author":[{"embeddable":true,"href":"https:\/\/www.europesays.com\/fr\/wp-json\/wp\/v2\/users\/2"}],"replies":[{"embeddable":true,"href":"https:\/\/www.europesays.com\/fr\/wp-json\/wp\/v2\/comments?post=310932"}],"version-history":[{"count":0,"href":"https:\/\/www.europesays.com\/fr\/wp-json\/wp\/v2\/posts\/310932\/revisions"}],"wp:featuredmedia":[{"embeddable":true,"href":"https:\/\/www.europesays.com\/fr\/wp-json\/wp\/v2\/media\/310933"}],"wp:attachment":[{"href":"https:\/\/www.europesays.com\/fr\/wp-json\/wp\/v2\/media?parent=310932"}],"wp:term":[{"taxonomy":"category","embeddable":true,"href":"https:\/\/www.europesays.com\/fr\/wp-json\/wp\/v2\/categories?post=310932"},{"taxonomy":"post_tag","embeddable":true,"href":"https:\/\/www.europesays.com\/fr\/wp-json\/wp\/v2\/tags?post=310932"}],"curies":[{"name":"wp","href":"https:\/\/api.w.org\/{rel}","templated":true}]}}