{"id":310936,"date":"2025-08-11T05:54:11","date_gmt":"2025-08-11T05:54:11","guid":{"rendered":"https:\/\/www.europesays.com\/fr\/310936\/"},"modified":"2025-08-11T05:54:11","modified_gmt":"2025-08-11T05:54:11","slug":"un-lyonnais-se-noie-dans-la-loire","status":"publish","type":"post","link":"https:\/\/www.europesays.com\/fr\/310936\/","title":{"rendered":"un Lyonnais se noie dans la Loire"},"content":{"rendered":"<p itemprop=\"description\"><strong>Ce dimanche apr\u00e8s-midi, une sortie en kayak entre Lyonnais \u00e9tait organis\u00e9e en Haute-Loire.<\/strong><\/p>\n<p>Aux c\u00f4t\u00e9s de sa compagne et de deux amis, un homme de 37 ans s&rsquo;est noy\u00e9 dans des circonstances encore floues. Il aurait \u00e9t\u00e9 retrouv\u00e9 par le reste du groupe, inconscient, dans les eaux de la Loire \u00e0 hauteur de la commune de Beauzac.<\/p>\n<p>Le groupe a d&rsquo;abord r\u00e9ussi \u00e0 le tirer jusqu&rsquo;\u00e0 un \u00eelot pour commencer un massage cardiaque. Puis les secours, pr\u00e9venus, ont pris le relais, non sans mal car le groupe se trouvait dans une zone difficile d&rsquo;acc\u00e8s. Le Lyonnais est finalement d\u00e9c\u00e9d\u00e9 sur place apr\u00e8s environ 2 heures de tentatives de r\u00e9animation.<\/p>\n<p>La gendarmerie locale a ouvert une enqu\u00eate. La compagne et les deux amis de la victime, tr\u00e8s choqu\u00e9s, devaient \u00eatre auditionn\u00e9es avant d&rsquo;\u00eatre ramen\u00e9s \u00e0 Lyon.<\/p>\n","protected":false},"excerpt":{"rendered":"Ce dimanche apr\u00e8s-midi, une sortie en kayak entre Lyonnais \u00e9tait organis\u00e9e en Haute-Loire. Aux c\u00f4t\u00e9s de sa compagne&hellip;\n","protected":false},"author":2,"featured_media":310937,"comment_status":"","ping_status":"","sticky":false,"template":"","format":"standard","meta":{"footnotes":""},"categories":[1889],"tags":[1111,11,2813,2190,2430,1109,251,1112,2811,1777,674,118,1011,27,1922,1110,1114,2428,2810,12,241,316,25,2812,517,800],"class_list":{"0":"post-310936","1":"post","2":"type-post","3":"status-publish","4":"format-standard","5":"has-post-thumbnail","7":"category-lyon","8":"tag-actu","9":"tag-actualites","10":"tag-article","11":"tag-asvel","12":"tag-auvergne-rhone-alpes","13":"tag-breves","14":"tag-culture","15":"tag-depeches","16":"tag-economique","17":"tag-eu","18":"tag-europe","19":"tag-faits-divers","20":"tag-fr","21":"tag-france","22":"tag-info","23":"tag-informations","24":"tag-infos","25":"tag-lyon","26":"tag-lyonmag","27":"tag-news","28":"tag-ol","29":"tag-politique","30":"tag-republique-francaise","31":"tag-sociale","32":"tag-sport","33":"tag-transports"},"share_on_mastodon":{"url":"https:\/\/pubeurope.com\/@fr\/115008586651426799","error":""},"_links":{"self":[{"href":"https:\/\/www.europesays.com\/fr\/wp-json\/wp\/v2\/posts\/310936","targetHints":{"allow":["GET"]}}],"collection":[{"href":"https:\/\/www.europesays.com\/fr\/wp-json\/wp\/v2\/posts"}],"about":[{"href":"https:\/\/www.europesays.com\/fr\/wp-json\/wp\/v2\/types\/post"}],"author":[{"embeddable":true,"href":"https:\/\/www.europesays.com\/fr\/wp-json\/wp\/v2\/users\/2"}],"replies":[{"embeddable":true,"href":"https:\/\/www.europesays.com\/fr\/wp-json\/wp\/v2\/comments?post=310936"}],"version-history":[{"count":0,"href":"https:\/\/www.europesays.com\/fr\/wp-json\/wp\/v2\/posts\/310936\/revisions"}],"wp:featuredmedia":[{"embeddable":true,"href":"https:\/\/www.europesays.com\/fr\/wp-json\/wp\/v2\/media\/310937"}],"wp:attachment":[{"href":"https:\/\/www.europesays.com\/fr\/wp-json\/wp\/v2\/media?parent=310936"}],"wp:term":[{"taxonomy":"category","embeddable":true,"href":"https:\/\/www.europesays.com\/fr\/wp-json\/wp\/v2\/categories?post=310936"},{"taxonomy":"post_tag","embeddable":true,"href":"https:\/\/www.europesays.com\/fr\/wp-json\/wp\/v2\/tags?post=310936"}],"curies":[{"name":"wp","href":"https:\/\/api.w.org\/{rel}","templated":true}]}}