{"id":310944,"date":"2025-08-11T06:01:08","date_gmt":"2025-08-11T06:01:08","guid":{"rendered":"https:\/\/www.europesays.com\/fr\/310944\/"},"modified":"2025-08-11T06:01:08","modified_gmt":"2025-08-11T06:01:08","slug":"soirees-x-musique-a-fond-cette-institution-du-bois-de-vincennes-fait-vivre-un-enfer-a-ses-riverains","status":"publish","type":"post","link":"https:\/\/www.europesays.com\/fr\/310944\/","title":{"rendered":"Soir\u00e9es X, musique \u00e0 fond&#8230; Cette institution du bois de Vincennes fait vivre un enfer \u00e0 ses riverains"},"content":{"rendered":"<p>            Par<br \/>\n        <strong><br \/>\n            <a href=\"https:\/\/actu.fr\/auteur\/antoine-blanchet\" title=\"Consulter tous les articles de Antoine Blanchet\" rel=\"nofollow noopener\" target=\"_blank\">Antoine Blanchet<\/a><br \/>\n        <\/strong><\/p>\n<p>        Publi\u00e9 le<\/p>\n<p>            11 ao\u00fbt 2025 \u00e0 7h50        <\/p>\n<p>Ce vendredi 8\u00a0ao\u00fbt 2025, le <strong>Chalet du Lac<\/strong> para\u00eet calme en cette fin de matin\u00e9e. Seul le bruit des travaux environnants semble perturber la tranquillit\u00e9 de cette portion <a href=\"https:\/\/actu.fr\/tag\/bois-de-vincennes\" rel=\"nofollow noopener\" target=\"_blank\">du bois de Vincennes<\/a>. Pourtant, cette ancienne guinguette transform\u00e9e en bo\u00eete de nuit n\u2019est pas un parangon de s\u00e9r\u00e9nit\u00e9. Depuis plusieurs ann\u00e9es, les habitants de <a href=\"https:\/\/actu.fr\/ile-de-france\/saint-mande_94067\" rel=\"nofollow noopener\" target=\"_blank\">Saint-Mand\u00e9<\/a> (<a href=\"https:\/\/actu.fr\/ile-de-france\/val-de-marne_94\" rel=\"nofollow noopener\" target=\"_blank\">Val-de-Marne<\/a>), vivent un calvaire,<strong> exc\u00e9d\u00e9s par le bruit du lieu. <\/strong>Le conflit est larv\u00e9 depuis neuf ans entre les riverains et la discoth\u00e8que.<\/p>\n<p>Des soir\u00e9es qui durent jusque tard<\/p>\n<p class=\" wall-content\">C\u2019est en 2016 que les bruits de basse ont commenc\u00e9 \u00e0 se faire entendre dans cette partie du bois, relate Sophie*, cofondatrice de l\u2019association <strong>Respect et protection des riverains du bois de Vincennes<\/strong>\u2009: \u00ab\u2009J\u2019habite dans cette rue depuis 2015. \u00c0 l\u2019origine, le Chalet du Lac \u00e9tait une guinguette tranquille datant des ann\u00e9es 50. Puis en 2016, le propri\u00e9taire a chang\u00e9\u2009\u00bb.<\/p>\n<p class=\" wall-content\">Depuis ce moment, le volume de d\u00e9cibels va de mal en pis. La guinguette devient discoth\u00e8que. Les soir\u00e9es s\u2019\u00e9tirent et le volume s\u2019amplifie. \u00ab\u2009C\u2019est toute la semaine. Du lundi au vendredi, \u00e7a dure jusqu\u2019\u00e0 trois heures du matin. Le week-end, \u00e7a peut durer jusqu\u2019\u00e0 cinq\u2009\u00bb, d\u00e9taille Pauline, riveraine qui est aussi membre de l\u2019association. En 2021, le Chalet du Lac \u00ab\u2009annexe\u2009\u00bb une zone limitrophe pour cr\u00e9er \u00ab\u2009la beach parisienne\u2009\u00bb. Le lieu propose des soir\u00e9es \u00e0 ciel ouvert. Une nouvelle vague de d\u00e9cibels qui touche encore plus d\u2019habitants.<\/p>\n<p class=\" wall-content\">\u00c0 l\u2019auditif s\u2019ajoute le visuel. Le lieu loue aussi ses locaux pour des f\u00eates priv\u00e9es aux th\u00e8mes vari\u00e9s et parfois probl\u00e9matiques. En juin, <strong>une soir\u00e9e X a \u00e9t\u00e9 organis\u00e9e en pleine apr\u00e8s-midi<\/strong>, non loin des man\u00e8ges pour enfants. \u00ab\u2009Il y en a trois ou quatre par an sur ces th\u00e9matiques <a href=\"https:\/\/actu.fr\/societe\/coronavirus\" rel=\"nofollow noopener\" target=\"_blank\">depuis la fin du Covid<\/a>\u2009\u00bb, soupire <strong>le maire de Saint-Mand\u00e9 Julien Weil (LR).<\/strong><\/p>\n<p>Bagarres et trafic de stup\u00e9fiants<\/p>\n<p class=\" wall-content\">En plus du bruit, les habitants <strong>d\u00e9noncent une augmentation de la violence et de la d\u00e9linquance<\/strong> dans cette partie du bois alors r\u00e9put\u00e9e tranquille. \u00ab\u2009Il y a de nombreuses personnes qui peuvent affluer lors d\u2019une soir\u00e9e et \u00e7a g\u00e9n\u00e8re beaucoup de passage pr\u00e8s des habitations. Il y a des rixes. \u00c7a cr\u00e9e aussi des <a href=\"https:\/\/actu.fr\/tag\/drogue\" rel=\"nofollow noopener\" target=\"_blank\">points de deal<\/a>, car il y a des utilisateurs potentiels\u2009\u00bb, affirme Julien Weil.<\/p>\n<p class=\" wall-content\">Certains f\u00eatards n\u2019h\u00e9sitent pas \u00e0 consommer de l\u2019alcool non-loin des habitations. \u00a0\u00bbOn voit des before dans les voitures gar\u00e9es dans nos rues. Certains habitants ont vu des<strong> sc\u00e8nes de deal en bas de chez eux<\/strong>, ce qui ne s\u2019\u00e9tait jamais vu\u00a0\u00bb, all\u00e8gue Sophie.<\/p>\n<p>La sant\u00e9 de riverains d\u00e9grad\u00e9e<\/p>\n<p class=\" wall-content\">Ces multiples nuisances ne sont pas sans cons\u00e9quences pour les habitants. \u00ab\u2009Des certificats m\u00e9dicaux ont \u00e9t\u00e9 \u00e9tablis. Plusieurs personnes ont d\u00e9velopp\u00e9 des <strong><a href=\"https:\/\/actu.fr\/bretagne\/brest_29019\/insomnie-et-autres-troubles-du-sommeil-trois-conseils-pour-mieux-dormir_61912572.html\" rel=\"nofollow noopener\" target=\"_blank\">troubles du sommeil<\/a>, de l\u2019anxi\u00e9t\u00e9 et de l\u2019irritabilit\u00e9<\/strong>\u2009\u00bb, explique Pauline. La vie quotidienne est source de stress pour beaucoup de r\u00e9sidents. \u00ab\u2009Il y a par exemple une famille dont les enfants avaient des examens scolaires. La veille, il y a eu une soir\u00e9e jusqu\u2019\u00e0 5\u00a0heures du matin\u2009\u00bb, se d\u00e9sole Sophie.<\/p>\n<p>Des proc\u00e9dures lanc\u00e9es<\/p>\n<p class=\" wall-content\">D\u2019ann\u00e9e en ann\u00e9e, la situation ne s\u2019est pas am\u00e9lior\u00e9e. D\u2019ann\u00e9e en ann\u00e9e, des centaines de plaintes ont \u00e9t\u00e9 d\u00e9pos\u00e9es. D\u2019ann\u00e9e en ann\u00e9e, des moyens de lutte sont mis en \u0153uvre. \u00ab\u2009On a essay\u00e9 de contacter le g\u00e9rant qui est dans un d\u00e9ni total. On a m\u00eame lanc\u00e9 <strong>une p\u00e9tition avec plus de 350 signatures<\/strong>\u2009\u00bb, \u00e9num\u00e8re Sophie. \u00ab\u2009Notre but n\u2019est pas de fermer le Chalet, mais de faire en sorte qu\u2019il limite le bruit et respecte l\u2019environnement qu\u2019il y\u2019a autour\u2009\u00bb, poursuit la pr\u00e9sidente de l\u2019association.<\/p>\n<p class=\" wall-content\">Ces nombreux signalements et plaintes ont pu avoir de l\u2019effet sur les nuisances, mais temporaires. \u00ab\u2009Des amendes pour tapage ont \u00e9t\u00e9 dress\u00e9es, mais \u00e7a ne les emp\u00eache pas de continuer\u2009\u00bb, soupire Pauline. Le Chalet du Lac a aussi \u00e9t\u00e9 contraint <strong>\u00e0 plusieurs fermetures administratives<\/strong>. La derni\u00e8re en date \u00e9tait au mois de juin. Cette mesure coercitive ne dure jamais bien longtemps. \u00ab\u2009Le g\u00e9rant du lieu est tr\u00e8s proc\u00e9durier. Il n\u2019h\u00e9site pas \u00e0 freiner la proc\u00e9dure\u2009\u00bb, s\u2019agace Christian Cambon, s\u00e9nateur de la circonscription (LR). \u00ab\u2009Ils ont pu rouvrir, arguant que la fermeture nuisait \u00e0 leurs activit\u00e9s commerciales\u2009\u00bb, explique Sophie.<\/p>\n<p>Un casse-t\u00eate administratif<\/p>\n<p class=\" wall-content\">En plus de ces longues proc\u00e9dures, les riverains et la mairie doivent faire face \u00e0 l\u2019absence de r\u00e9action de la <a href=\"https:\/\/actu.fr\/tag\/mairie-de-paris\" rel=\"nofollow noopener\" target=\"_blank\">Ville de Paris<\/a>. C\u2019est cette derni\u00e8re qui a octroy\u00e9 la <strong>concession du Chalet du Lac <\/strong>aux actuels g\u00e9rants. \u00ab\u2009La municipalit\u00e9 fait la sourde oreille et refuse de discuter\u2009\u00bb, d\u00e9nonce Christian Cambon. \u00ab\u2009C\u2019est vraiment intriguant ce mutisme, car je ne comprends pas comment le lieu peut garder cette concession avec toutes ces infractions\u2009\u00bb, s\u2019interroge Julien Weil.<\/p>\n<p class=\" wall-content\">D\u2019autres institutions r\u00e9pondent toutefois pr\u00e9sentes \u00e0 l\u2019appel \u00e0 l\u2019aide lanc\u00e9 par Saint-Mand\u00e9. \u00ab\u2009La <a href=\"https:\/\/actu.fr\/tag\/prefecture-de-police-de-paris\" rel=\"nofollow noopener\" target=\"_blank\">pr\u00e9fecture de Police<\/a> suit le sujet de tr\u00e8s pr\u00e8s. Nous avons rencontr\u00e9 le Pr\u00e9fet de Police \u00e0 plusieurs reprises\u2009\u00bb, assure le maire. Le 1\u1d49\u02b3 ao\u00fbt\u00a02025, une r\u00e9union s\u2019est tenue entre <a href=\"https:\/\/actu.fr\/ile-de-france\/paris_75056\/qui-est-laurent-nunez-nouveau-prefet-de-police-de-paris-a-la-place-de-didier-lallement_52576814.html\" rel=\"nofollow noopener\" target=\"_blank\">Laurent Nu\u00f1ez<\/a>, Julien Weil et Christian Cambon sur la situation. \u00ab\u2009Le Pr\u00e9fet de Police nous a indiqu\u00e9 <strong>qu\u2019il renforcerait les patrouilles et intensifierait les moyens coercitifs<\/strong>. Ses \u00e9quipes vont aussi \u00e9tudier le trait\u00e9 de concession pour voir s\u2019il y a des normes sur les nuisances\u2009\u00bb, d\u00e9taille Christian Cambon. En parall\u00e8le, la maire de Saint-Mand\u00e9 a aussi contact\u00e9 le ministre de l\u2019Int\u00e9rieur, qui suivrait le dossier avec intention.<\/p>\n<p class=\" wall-content\">Contact\u00e9s, la Ville de Paris et le g\u00e9rant du Chalet du Lac n\u2019ont pas r\u00e9pondu \u00e0 nos sollicitations.<\/p>\n<p class=\" wall-content\">Suivez toute l\u2019actualit\u00e9 de vos villes et m\u00e9dias favoris en vous inscrivant \u00e0 <a href=\"https:\/\/moncompte.actu.fr\" title=\"D\u00e9couvez Mon Actu\" rel=\"nofollow noopener\" data-trk=\"{&quot;cta&quot;:{&quot;action&quot;:&quot;https:\\\/\\\/moncompte.actu.fr&quot;,&quot;category&quot;:&quot;mon compte&quot;,&quot;from&quot;:&quot;article footer&quot;,&quot;name&quot;:&quot;Mon actu&quot;,&quot;type&quot;:&quot;cta&quot;}}\" target=\"_blank\">Mon Actu<\/a>.<\/p>\n<ul class=\"ac-article-tag wall-content\">\n<li><a href=\"https:\/\/actu.fr\/tag\/bois-de-vincennes\" data-trk=\"{&quot;cta&quot;:{&quot;action&quot;:&quot;Bois de Vincennes&quot;,&quot;category&quot;:&quot;tag&quot;,&quot;from&quot;:&quot;article footer&quot;,&quot;name&quot;:&quot;Bois de Vincennes&quot;,&quot;type&quot;:&quot;cta&quot;}}\" rel=\"nofollow noopener\" target=\"_blank\">#Bois de Vincennes<\/a><\/li>\n<li><a href=\"https:\/\/actu.fr\/tag\/justice\" data-trk=\"{&quot;cta&quot;:{&quot;action&quot;:&quot;Justice&quot;,&quot;category&quot;:&quot;tag&quot;,&quot;from&quot;:&quot;article footer&quot;,&quot;name&quot;:&quot;Justice&quot;,&quot;type&quot;:&quot;cta&quot;}}\" rel=\"nofollow noopener\" target=\"_blank\">#Justice<\/a><\/li>\n<\/ul>\n","protected":false},"excerpt":{"rendered":"Par Antoine Blanchet Publi\u00e9 le 11 ao\u00fbt 2025 \u00e0 7h50 Ce vendredi 8\u00a0ao\u00fbt 2025, le Chalet du Lac&hellip;\n","protected":false},"author":2,"featured_media":310945,"comment_status":"","ping_status":"","sticky":false,"template":"","format":"standard","meta":{"footnotes":""},"categories":[1888],"tags":[11,5354,1777,674,118,1011,27,303,12,626,25],"class_list":{"0":"post-310944","1":"post","2":"type-post","3":"status-publish","4":"format-standard","5":"has-post-thumbnail","7":"category-paris","8":"tag-actualites","9":"tag-bois-de-vincennes","10":"tag-eu","11":"tag-europe","12":"tag-faits-divers","13":"tag-fr","14":"tag-france","15":"tag-justice","16":"tag-news","17":"tag-paris","18":"tag-republique-francaise"},"share_on_mastodon":{"url":"","error":""},"_links":{"self":[{"href":"https:\/\/www.europesays.com\/fr\/wp-json\/wp\/v2\/posts\/310944","targetHints":{"allow":["GET"]}}],"collection":[{"href":"https:\/\/www.europesays.com\/fr\/wp-json\/wp\/v2\/posts"}],"about":[{"href":"https:\/\/www.europesays.com\/fr\/wp-json\/wp\/v2\/types\/post"}],"author":[{"embeddable":true,"href":"https:\/\/www.europesays.com\/fr\/wp-json\/wp\/v2\/users\/2"}],"replies":[{"embeddable":true,"href":"https:\/\/www.europesays.com\/fr\/wp-json\/wp\/v2\/comments?post=310944"}],"version-history":[{"count":0,"href":"https:\/\/www.europesays.com\/fr\/wp-json\/wp\/v2\/posts\/310944\/revisions"}],"wp:featuredmedia":[{"embeddable":true,"href":"https:\/\/www.europesays.com\/fr\/wp-json\/wp\/v2\/media\/310945"}],"wp:attachment":[{"href":"https:\/\/www.europesays.com\/fr\/wp-json\/wp\/v2\/media?parent=310944"}],"wp:term":[{"taxonomy":"category","embeddable":true,"href":"https:\/\/www.europesays.com\/fr\/wp-json\/wp\/v2\/categories?post=310944"},{"taxonomy":"post_tag","embeddable":true,"href":"https:\/\/www.europesays.com\/fr\/wp-json\/wp\/v2\/tags?post=310944"}],"curies":[{"name":"wp","href":"https:\/\/api.w.org\/{rel}","templated":true}]}}