{"id":310948,"date":"2025-08-11T06:03:16","date_gmt":"2025-08-11T06:03:16","guid":{"rendered":"https:\/\/www.europesays.com\/fr\/310948\/"},"modified":"2025-08-11T06:03:16","modified_gmt":"2025-08-11T06:03:16","slug":"direct-guerre-en-ukraine-reunion-extraordinaire-des-europeens-ce-lundi-avant-le-sommet-trump-poutine-en-alaska","status":"publish","type":"post","link":"https:\/\/www.europesays.com\/fr\/310948\/","title":{"rendered":"DIRECT. Guerre en Ukraine\u00a0: r\u00e9union \u00ab\u00a0extraordinaire\u00a0\u00bb des Europ\u00e9ens ce lundi avant le sommet Trump-Poutine en Alaska"},"content":{"rendered":"<p>07h12.Vladimir Poutine multiplie les appels lui aussi<\/p>\n<p class=\"live-post__amorce\">Vladimir Poutine a convers\u00e9 avec neuf chefs d&rsquo;Etat ou de gouvernement depuis vendredi, dont ses plus proches partenaires que sont le Chinois Xi Jinping, l&rsquo;Indien Narendra Modi et le Br\u00e9silien Luiz Inacio Lula da Silva. Il a aussi discut\u00e9 avec les pr\u00e9sidents de plusieurs ex-r\u00e9publiques sovi\u00e9tiques, qui maintiennent de bonnes relations avec Moscou : le B\u00e9larus, l&rsquo;Ouzb\u00e9kistan, le Kazakhstan, le Tadjikistan et le Kirghizstan.<\/p>\n<p>07h10.Volodymyr Zelensky a multipli\u00e9 les appels au chefs d&rsquo;Etats<\/p>\n<p class=\"live-post__amorce\">Le chef de l&rsquo;Etat ukrainien s&rsquo;est entretenu au t\u00e9l\u00e9phone ces trois derniers jours avec 13 dirigeants, dont ceux du Royaume-Uni, de l&rsquo;Allemagne et de la France, ses principaux soutiens europ\u00e9ens. Dimanche, il a aussi parl\u00e9 avec deux partenaires traditionnels de la Russie : les pr\u00e9sidents du Kazakhstan et de l&rsquo;Azerba\u00efdjan. \u00ab\u00a0Il est important que les efforts communs du monde entier obligent finalement la Russie \u00e0 mettre fin (&#8230;) \u00e0 son agression\u00a0\u00bb, a comment\u00e9 Volodymyr Zelensky sur Telegram.<\/p>\n<p>07h03.Volodymyr Zelensky va-t-il aller au sommet Trump-Poutine ?<\/p>\n<p class=\"live-post__amorce\">Plusieurs m\u00e9dias am\u00e9ricains (NBC News, CNN, Reuters) ont indiqu\u00e9 dimanche que la Maison Blanche envisageait d&rsquo;inviter Volodymyr Zelensky en Alaska pour la rencontre entre Donald Trump et Vladimir Poutine. \u00ab\u00a0C&rsquo;est en discussion\u00a0\u00bb, indiquait une source \u00e0 NBC News. \u00ab\u00a0Le pr\u00e9sident reste ouvert \u00e0 un sommet trilat\u00e9ral avec les deux dirigeants\u00a0\u00bb, indique, de son c\u00f4t\u00e9, un haut responsable de la Maison Blanche, mais c&rsquo;est une rencontre bilat\u00e9rale \u00ab\u00a0demand\u00e9e par le pr\u00e9sident Poutine\u00a0\u00bb qui se pr\u00e9pare actuellement.<\/p>\n<p>07h01.R\u00e9union \u00ab\u00a0extraordinaire\u00a0\u00bb des Europ\u00e9ens avant le sommet Trump-Poutine<\/p>\n<p class=\"live-post__amorce\">A 4 jours de la rencontre entre Donald Trump et Vladimir Poutine sur l&rsquo;avenir de l&rsquo;Ukraine, vendredi en Alaska, les ministres des Affaires Etrang\u00e8res de l&rsquo;Union europ\u00e9enne et leur homologue ukrainien vont organiser une r\u00e9union en visioconf\u00e9rence ce lundi 11 ao\u00fbt. A l&rsquo;ordre du jour : \u00ab\u00a0discuter des prochaines \u00e9tapes\u00a0\u00bb. \u00ab\u00a0Tout accord entre les Etats-Unis et la Russie doit inclure l&rsquo;Ukraine et l&rsquo;UE\u00a0\u00bb, estime la cheffe de la diplomatie de l&rsquo;UE.<\/p>\n<p>07h00.Bienvenue dans notre direct<\/p>\n<p class=\"live-post__amorce\">Suivez toute l&rsquo;actualit\u00e9 de la guerre en Ukraine, ce lundi 11 ao\u00fbt 2025, sur ladepeche.fr.<\/p>\n","protected":false},"excerpt":{"rendered":"07h12.Vladimir Poutine multiplie les appels lui aussi Vladimir Poutine a convers\u00e9 avec neuf chefs d&rsquo;Etat ou de gouvernement&hellip;\n","protected":false},"author":2,"featured_media":310949,"comment_status":"","ping_status":"","sticky":false,"template":"","format":"standard","meta":{"footnotes":""},"categories":[1591],"tags":[11,1887,12,1885,1886,132],"class_list":{"0":"post-310948","1":"post","2":"type-post","3":"status-publish","4":"format-standard","5":"has-post-thumbnail","7":"category-russie","8":"tag-actualites","9":"tag-federation-de-russie","10":"tag-news","11":"tag-russia","12":"tag-russian-federation","13":"tag-russie"},"share_on_mastodon":{"url":"https:\/\/pubeurope.com\/@fr\/115008622051545937","error":""},"_links":{"self":[{"href":"https:\/\/www.europesays.com\/fr\/wp-json\/wp\/v2\/posts\/310948","targetHints":{"allow":["GET"]}}],"collection":[{"href":"https:\/\/www.europesays.com\/fr\/wp-json\/wp\/v2\/posts"}],"about":[{"href":"https:\/\/www.europesays.com\/fr\/wp-json\/wp\/v2\/types\/post"}],"author":[{"embeddable":true,"href":"https:\/\/www.europesays.com\/fr\/wp-json\/wp\/v2\/users\/2"}],"replies":[{"embeddable":true,"href":"https:\/\/www.europesays.com\/fr\/wp-json\/wp\/v2\/comments?post=310948"}],"version-history":[{"count":0,"href":"https:\/\/www.europesays.com\/fr\/wp-json\/wp\/v2\/posts\/310948\/revisions"}],"wp:featuredmedia":[{"embeddable":true,"href":"https:\/\/www.europesays.com\/fr\/wp-json\/wp\/v2\/media\/310949"}],"wp:attachment":[{"href":"https:\/\/www.europesays.com\/fr\/wp-json\/wp\/v2\/media?parent=310948"}],"wp:term":[{"taxonomy":"category","embeddable":true,"href":"https:\/\/www.europesays.com\/fr\/wp-json\/wp\/v2\/categories?post=310948"},{"taxonomy":"post_tag","embeddable":true,"href":"https:\/\/www.europesays.com\/fr\/wp-json\/wp\/v2\/tags?post=310948"}],"curies":[{"name":"wp","href":"https:\/\/api.w.org\/{rel}","templated":true}]}}