{"id":31095,"date":"2025-04-17T07:14:08","date_gmt":"2025-04-17T07:14:08","guid":{"rendered":"https:\/\/www.europesays.com\/fr\/31095\/"},"modified":"2025-04-17T07:14:08","modified_gmt":"2025-04-17T07:14:08","slug":"le-gouvernement-neerlandais-veut-persuader-les-cyclistes-de-porter-un-casque","status":"publish","type":"post","link":"https:\/\/www.europesays.com\/fr\/31095\/","title":{"rendered":"le gouvernement n\u00e9erlandais veut persuader les cyclistes de porter un casque"},"content":{"rendered":"<p>C&rsquo;est une sc\u00e8ne connue dans le monde entier : un flot r\u00e9gulier et un peu chaotique de cyclistes p\u00e9dalant depuis la gare centrale d&rsquo;Amsterdam, en direction des canaux et des caf\u00e9s de la capitale n\u00e9erlandaise. Parmi eux, rares sont ceux \u00e0 porter un casque.<\/p>\n<p>Le gouvernement essaie d\u00e9sormais de persuader les N\u00e9erlandais r\u00e9ticents d&rsquo;en mettre\u00a0lorsqu&rsquo;ils enfourchent leurs v\u00e9los bien-aim\u00e9s, au moyen d&rsquo;une campagne de sensibilisation lanc\u00e9e mercredi.<\/p>\n<p>La campagne \u00ab\u00a0Zet &#8217;em op\u00a0\u00bb signifie litt\u00e9ralement \u00ab\u00a0mettez-le\u00a0\u00bb, et veut \u00e9galement dire \u00ab\u00a0bonne chance\u00a0\u00bb en argot&#8230; Ce dont les autorit\u00e9s auront bien besoin pour changer les mentalit\u00e9s, dans un pays o\u00f9 seul un cycliste sur 25 porte un casque.<\/p>\n<p>Le ministre des infrastructures Barry Madlener esp\u00e8re faire grimper ce taux de 4 \u00e0 25% en dix ans, a-t-il \u00e9crit dans une lettre au Parlement.<\/p>\n<p>Des recherches montrent en effet que le seuil de 25% repr\u00e9sente un \u00ab\u00a0point de bascule social\u00a0\u00bb, quand la pression du groupe entre en jeu et o\u00f9 le port du casque augmente de mani\u00e8re significative, selon Madlener.<\/p>\n<p>Car les enjeux sont \u00e9lev\u00e9s : d&rsquo;apr\u00e8s les statistiques gouvernementales, environ 50 d\u00e9c\u00e8s pourraient \u00eatre \u00e9vit\u00e9s chaque ann\u00e9e si la moiti\u00e9 des cyclistes n\u00e9erlandais portait un casque.<\/p>\n<p>74.300 cyclistes ont \u00e9t\u00e9 transport\u00e9s aux services d&rsquo;urgences hospitaliers l&rsquo;ann\u00e9e pass\u00e9e, dont pr\u00e8s de 50.000 pr\u00e9sentaient des blessures graves, selon l&rsquo;organisation sp\u00e9cialis\u00e9e Veiligheid.<\/p>\n<p>Si rien n&rsquo;est fait, le minist\u00e8re des infrastructures estime que le nombre de cyclistes gravement bless\u00e9s devrait doubler d&rsquo;ici 2040.<\/p>\n<p>Mais dans les rues d&rsquo;Amsterdam, le message peine \u00e0 passer.<\/p>\n<p>\u00ab\u00a0Je pr\u00e9f\u00e9rerais arr\u00eater de faire du v\u00e9lo et marcher plut\u00f4t que de porter un casque\u00a0\u00bb, d\u00e9clare Roos Stamet, une \u00e9crivaine de 48 ans, \u00e0 l&rsquo;AFP.<\/p>\n<p>\u00ab\u00a0\u00c7a va ruiner ma coupe de cheveux. Je vais avoir l&rsquo;air d&rsquo;avoir 70 ans\u00a0\u00bb, a-t-elle ajout\u00e9. \u00ab\u00a0C&rsquo;est absurde. Vous iriez au supermarch\u00e9 casqu\u00e9 ? Il n&rsquo;en est pas question\u00a0\u00bb.<\/p>\n<p>&#8211; Fatbikes &#8211;<\/p>\n<p>Subventions pour l&rsquo;achat d&rsquo;un casque, campagne publicitaire, implication des applications de transport. Marijn Visser s&rsquo;est finalement convaincue d&rsquo;en mettre un en ville.<\/p>\n<p>La biblioth\u00e9caire de 45 ans ne porte jamais de casque \u00e0 la campagne, o\u00f9 elle r\u00e9side, car \u00ab\u00a0c&rsquo;est agr\u00e9able de sentir le vent dans ses cheveux, et je ne pense que pas ce soit n\u00e9cessaire d&rsquo;en mettre un\u00a0\u00bb.<\/p>\n<p>\u00ab\u00a0Mais il y a beaucoup de monde \u00e0 Amsterdam\u00a0\u00bb dit-elle, ce qui l&rsquo;a finalement convaincue de se prot\u00e9ger.<\/p>\n<p>L&rsquo;un des principaux sujets de conversation \u2014 et d&rsquo;agacement \u2014 \u00a0du moment aux Pays-Bas est la pr\u00e9sence croissante de \u00ab\u00a0fatbikes\u00a0\u00bb, v\u00e9los \u00e9lectriques \u00e0 grande vitesse et aux roues imposantes dont les conducteurs terrorisent parfois les cyclistes traditionnels.<\/p>\n<p>Naviguer en v\u00e9lo \u00e0 Amsterdam, entre les mobylettes, les scooters, les fatbikes et les pi\u00e9tons, demande en effet des nerfs d&rsquo;acier.<\/p>\n<p>\u00ab\u00a0Circuler \u00e0 bicyclette est devenu plus dangereux ces cinq \u00e0 dix derni\u00e8res ann\u00e9es, d\u00e9clare Kenji Stamet, employ\u00e9 de caf\u00e9 \u00e0 temps partiel et mari de Roos, avec les v\u00e9los \u00e9lectriques, les fatbikes&#8230;\u00a0\u00bb<\/p>\n<p>Danger suppl\u00e9mentaire dans la capitale, les touristes qui se prom\u00e8nent sans faire attention \u00e0 la circulation de v\u00e9los \u00e0 haute vitesse, ajoute Stamet.<\/p>\n<p>Tout compte fait, le quinquag\u00e9naire se dit qu&rsquo;il pourrait envisager d&rsquo;acheter un casque un jour : \u00ab\u00a0J&rsquo;y ai pens\u00e9 une ou deux fois l&rsquo;ann\u00e9e derni\u00e8re, pour la premi\u00e8re fois de ma vie\u00a0\u00bb, confie t-il \u00e0 l&rsquo;AFP.<\/p>\n<p>\u00ab\u00a0Quand je serai plus vieux, dans cinq ou dix ans, si je suis toujours \u00e0 Amsterdam&#8230; \u00a0peut-\u00eatre que ce ne sera pas une si mauvaise id\u00e9e\u00a0\u00bb.<\/p>\n<p>sh-ric\/js\/pim\/thm<\/p>\n","protected":false},"excerpt":{"rendered":"C&rsquo;est une sc\u00e8ne connue dans le monde entier : un flot r\u00e9gulier et un peu chaotique de cyclistes&hellip;\n","protected":false},"author":2,"featured_media":31096,"comment_status":"","ping_status":"","sticky":false,"template":"","format":"standard","meta":{"footnotes":""},"categories":[1411],"tags":[10632,10631,1154,207,10628,1011,27,2287,60,10629,10630],"class_list":{"0":"post-31095","1":"post","2":"type-post","3":"status-publish","4":"format-standard","5":"has-post-thumbnail","7":"category-cyclisme","8":"tag-campagne-de-sensibilisation","9":"tag-casque","10":"tag-cycling","11":"tag-cyclisme","12":"tag-cyclistes","13":"tag-fr","14":"tag-france","15":"tag-mark-rutte","16":"tag-sports","17":"tag-sujets-de-conversation","18":"tag-velos-electriques"},"share_on_mastodon":{"url":"https:\/\/pubeurope.com\/@fr\/114352073216896546","error":""},"_links":{"self":[{"href":"https:\/\/www.europesays.com\/fr\/wp-json\/wp\/v2\/posts\/31095","targetHints":{"allow":["GET"]}}],"collection":[{"href":"https:\/\/www.europesays.com\/fr\/wp-json\/wp\/v2\/posts"}],"about":[{"href":"https:\/\/www.europesays.com\/fr\/wp-json\/wp\/v2\/types\/post"}],"author":[{"embeddable":true,"href":"https:\/\/www.europesays.com\/fr\/wp-json\/wp\/v2\/users\/2"}],"replies":[{"embeddable":true,"href":"https:\/\/www.europesays.com\/fr\/wp-json\/wp\/v2\/comments?post=31095"}],"version-history":[{"count":0,"href":"https:\/\/www.europesays.com\/fr\/wp-json\/wp\/v2\/posts\/31095\/revisions"}],"wp:featuredmedia":[{"embeddable":true,"href":"https:\/\/www.europesays.com\/fr\/wp-json\/wp\/v2\/media\/31096"}],"wp:attachment":[{"href":"https:\/\/www.europesays.com\/fr\/wp-json\/wp\/v2\/media?parent=31095"}],"wp:term":[{"taxonomy":"category","embeddable":true,"href":"https:\/\/www.europesays.com\/fr\/wp-json\/wp\/v2\/categories?post=31095"},{"taxonomy":"post_tag","embeddable":true,"href":"https:\/\/www.europesays.com\/fr\/wp-json\/wp\/v2\/tags?post=31095"}],"curies":[{"name":"wp","href":"https:\/\/api.w.org\/{rel}","templated":true}]}}