{"id":310954,"date":"2025-08-11T06:06:11","date_gmt":"2025-08-11T06:06:11","guid":{"rendered":"https:\/\/www.europesays.com\/fr\/310954\/"},"modified":"2025-08-11T06:06:11","modified_gmt":"2025-08-11T06:06:11","slug":"le-royaume-uni-tente-de-sauver-ses-nuits-electriques","status":"publish","type":"post","link":"https:\/\/www.europesays.com\/fr\/310954\/","title":{"rendered":"Le Royaume-Uni tente de sauver ses nuits \u00e9lectriques"},"content":{"rendered":"<p><strong>Face \u00e0 la disparition de centaines de clubs, les autorit\u00e9s et professionnels s\u2019organisent pour redynamiser une sc\u00e8ne nocturne en pleine mutation.<\/strong><\/p>\n<p>La vie nocturne britannique traverse une p\u00e9riode de profonde transformation. Pr\u00e8s de 400 \u00e9tablissements ont ferm\u00e9 leurs portes depuis 2020, selon les chiffres du secteur. Les causes sont multiples\u00a0pand\u00e9mie, inflation, \u00e9volution des modes de consommation. Les jeunes g\u00e9n\u00e9rations, moins enclines \u00e0 fr\u00e9quenter les discoth\u00e8ques traditionnelles, privil\u00e9gient d\u00e9sormais des exp\u00e9riences plus cibl\u00e9es, comme les concerts ou les \u00e9v\u00e9nements ponctuels.<\/p>\n<p>Certains lieux embl\u00e9matiques, \u00e0 l\u2019image du Pryzm Kingston dans la banlieue londonienne, ont choisi de se r\u00e9inventer. Pass\u00e9 entre les mains de nouveaux propri\u00e9taires, l\u2019ancien temple de la nuit \u00e9tudiante va rena\u00eetre sous une forme plus intimiste, m\u00ealant club et bar dansant. Une adaptation n\u00e9cessaire pour r\u00e9pondre aux attentes d\u2019une client\u00e8le en qu\u00eate d\u2019ambiances plus sophistiqu\u00e9es.<\/p>\n<p>Les pouvoirs publics prennent la mesure du ph\u00e9nom\u00e8ne. Le maire de Londres, Sadiq Khan, a lanc\u00e9 une taskforce d\u00e9di\u00e9e \u00e0 la revitalisation de la nuit capitale. Inspir\u00e9 par l\u2019exemple parisien, il plaide pour une r\u00e9glementation plus souple, permettant aux \u00e9tablissements de prolonger leurs horaires d\u2019ouverture. Le gouvernement central envisage \u00e9galement des assouplissements pour certaines zones, reconnaissant l\u2019impact \u00e9conomique majeur du secteur, estim\u00e9 \u00e0 153 milliards de livres annuels.<\/p>\n<p>Malgr\u00e9 les d\u00e9fis, l\u2019attractivit\u00e9 des nuits britanniques persiste. Pour les nouveaux arrivants comme Carys Bromley, 25 ans, Londres conserve son aura de capitale festive, o\u00f9 l\u2019effervescence perdure jusqu\u2019au petit matin. Reste \u00e0 trouver le bon \u00e9quilibre entre tradition et innovation pour s\u00e9duire durablement les f\u00eatards de demain.<\/p>\n","protected":false},"excerpt":{"rendered":"Face \u00e0 la disparition de centaines de clubs, les autorit\u00e9s et professionnels s\u2019organisent pour redynamiser une sc\u00e8ne nocturne&hellip;\n","protected":false},"author":2,"featured_media":310955,"comment_status":"","ping_status":"","sticky":false,"template":"","format":"standard","meta":{"footnotes":""},"categories":[1588],"tags":[11,1777,674,12,473,1853,1851,1850,1852],"class_list":{"0":"post-310954","1":"post","2":"type-post","3":"status-publish","4":"format-standard","5":"has-post-thumbnail","7":"category-royaume-uni","8":"tag-actualites","9":"tag-eu","10":"tag-europe","11":"tag-news","12":"tag-royaume-uni","13":"tag-royaume-uni-de-grande-bretagne-et-dirlande-du-nord","14":"tag-uk","15":"tag-united-kingdom","16":"tag-united-kingdom-of-great-britain-and-northern-ireland"},"share_on_mastodon":{"url":"https:\/\/pubeurope.com\/@fr\/115008633847702137","error":""},"_links":{"self":[{"href":"https:\/\/www.europesays.com\/fr\/wp-json\/wp\/v2\/posts\/310954","targetHints":{"allow":["GET"]}}],"collection":[{"href":"https:\/\/www.europesays.com\/fr\/wp-json\/wp\/v2\/posts"}],"about":[{"href":"https:\/\/www.europesays.com\/fr\/wp-json\/wp\/v2\/types\/post"}],"author":[{"embeddable":true,"href":"https:\/\/www.europesays.com\/fr\/wp-json\/wp\/v2\/users\/2"}],"replies":[{"embeddable":true,"href":"https:\/\/www.europesays.com\/fr\/wp-json\/wp\/v2\/comments?post=310954"}],"version-history":[{"count":0,"href":"https:\/\/www.europesays.com\/fr\/wp-json\/wp\/v2\/posts\/310954\/revisions"}],"wp:featuredmedia":[{"embeddable":true,"href":"https:\/\/www.europesays.com\/fr\/wp-json\/wp\/v2\/media\/310955"}],"wp:attachment":[{"href":"https:\/\/www.europesays.com\/fr\/wp-json\/wp\/v2\/media?parent=310954"}],"wp:term":[{"taxonomy":"category","embeddable":true,"href":"https:\/\/www.europesays.com\/fr\/wp-json\/wp\/v2\/categories?post=310954"},{"taxonomy":"post_tag","embeddable":true,"href":"https:\/\/www.europesays.com\/fr\/wp-json\/wp\/v2\/tags?post=310954"}],"curies":[{"name":"wp","href":"https:\/\/api.w.org\/{rel}","templated":true}]}}