{"id":310956,"date":"2025-08-11T06:07:13","date_gmt":"2025-08-11T06:07:13","guid":{"rendered":"https:\/\/www.europesays.com\/fr\/310956\/"},"modified":"2025-08-11T06:07:13","modified_gmt":"2025-08-11T06:07:13","slug":"allemagne-a-weil-am-rhein-bienvenue-a-bord-du-willi-peniche-construite-en-1909","status":"publish","type":"post","link":"https:\/\/www.europesays.com\/fr\/310956\/","title":{"rendered":"Allemagne. \u00c0 Weil am Rhein, bienvenue \u00e0 bord du Willi, p\u00e9niche construite en 1909"},"content":{"rendered":"<p>Il est amarr\u00e9 en contrebas de la Passerelle des Trois Pays et il attend ses visiteurs. Willi est un bateau construit en 1909 aux Pays-Bas, explique G\u00fcnther Baumgartner, pr\u00e9sident de l\u2019association <a href=\"https:\/\/www.historische-binnenschifffahrt.com\" target=\"_blank\" rel=\"noopener\">Historische Binnenschifffahrt<\/a> , qui est aussi le capitaine du bateau. Il continue de naviguer sur les fleuves d\u2019Europe, comme c\u2019\u00e9tait le cas ce dimanche 10 ao\u00fbt, pour un petit tour sur le Rhin.<\/p>\n<p>G\u00fcnther Baumgartner \u00e9tait aux commandes. Il a la licence n\u00e9cessaire. Pendant 1 h 30, les passagers ont pu profiter d\u2019une jolie brise et d\u2019un Rhin <a href=\"https:\/\/www.lalsace.fr\/videos\/bale-le-voyage-exemplaire-de-l-eau-potable-du-rhin-au-robinet-305l505\" target=\"_blank\" rel=\"noopener\">aux eaux scintillantes<\/a>. Et le capitaine de pr\u00e9ciser : \u00ab Nous allons proposer quelques balades,&#8230;<\/p>\n","protected":false},"excerpt":{"rendered":"Il est amarr\u00e9 en contrebas de la Passerelle des Trois Pays et il attend ses visiteurs. Willi est&hellip;\n","protected":false},"author":2,"featured_media":310957,"comment_status":"","ping_status":"","sticky":false,"template":"","format":"standard","meta":{"footnotes":""},"categories":[1587],"tags":[11,672,1804,3542,1805,1803,13971,1777,674,107,1801,937,45096,12,1802,1806,104,2803,13970,1631],"class_list":{"0":"post-310956","1":"post","2":"type-post","3":"status-publish","4":"format-standard","5":"has-post-thumbnail","7":"category-allemagne","8":"tag-actualites","9":"tag-allemagne","10":"tag-bundesrepublik-deutschland","11":"tag-circulation","12":"tag-de","13":"tag-deutschland","14":"tag-edition-sundgau-trois-frontieres","15":"tag-eu","16":"tag-europe","17":"tag-fil-info","18":"tag-germany","19":"tag-histoire","20":"tag-huningue","21":"tag-news","22":"tag-republique-federale-dallemagne","23":"tag-rheinblick","24":"tag-societe","25":"tag-transport","26":"tag-trois-frontieres","27":"tag-vie-associative"},"share_on_mastodon":{"url":"https:\/\/pubeurope.com\/@fr\/115008637750668432","error":""},"_links":{"self":[{"href":"https:\/\/www.europesays.com\/fr\/wp-json\/wp\/v2\/posts\/310956","targetHints":{"allow":["GET"]}}],"collection":[{"href":"https:\/\/www.europesays.com\/fr\/wp-json\/wp\/v2\/posts"}],"about":[{"href":"https:\/\/www.europesays.com\/fr\/wp-json\/wp\/v2\/types\/post"}],"author":[{"embeddable":true,"href":"https:\/\/www.europesays.com\/fr\/wp-json\/wp\/v2\/users\/2"}],"replies":[{"embeddable":true,"href":"https:\/\/www.europesays.com\/fr\/wp-json\/wp\/v2\/comments?post=310956"}],"version-history":[{"count":0,"href":"https:\/\/www.europesays.com\/fr\/wp-json\/wp\/v2\/posts\/310956\/revisions"}],"wp:featuredmedia":[{"embeddable":true,"href":"https:\/\/www.europesays.com\/fr\/wp-json\/wp\/v2\/media\/310957"}],"wp:attachment":[{"href":"https:\/\/www.europesays.com\/fr\/wp-json\/wp\/v2\/media?parent=310956"}],"wp:term":[{"taxonomy":"category","embeddable":true,"href":"https:\/\/www.europesays.com\/fr\/wp-json\/wp\/v2\/categories?post=310956"},{"taxonomy":"post_tag","embeddable":true,"href":"https:\/\/www.europesays.com\/fr\/wp-json\/wp\/v2\/tags?post=310956"}],"curies":[{"name":"wp","href":"https:\/\/api.w.org\/{rel}","templated":true}]}}