{"id":310959,"date":"2025-08-11T06:09:11","date_gmt":"2025-08-11T06:09:11","guid":{"rendered":"https:\/\/www.europesays.com\/fr\/310959\/"},"modified":"2025-08-11T06:09:11","modified_gmt":"2025-08-11T06:09:11","slug":"comment-lunion-europeenne-veut-peser-sur-cette-rencontre-decisive-pour-lukraine","status":"publish","type":"post","link":"https:\/\/www.europesays.com\/fr\/310959\/","title":{"rendered":"comment l\u2019Union europ\u00e9enne veut peser sur cette rencontre d\u00e9cisive pour l&rsquo;Ukraine"},"content":{"rendered":"<p>            Par<br \/>\n        <strong><br \/>\n            <a href=\"https:\/\/actu.fr\/auteur\/redaction-actu\" title=\"Consulter tous les articles de R\u00e9daction Actu\" target=\"_blank\" rel=\"noopener\">R\u00e9daction Actu<\/a><br \/>\n        <\/strong><\/p>\n<p>        Publi\u00e9 le<\/p>\n<p>            11 ao\u00fbt 2025 \u00e0 7h13        <\/p>\n<p>L\u2019Union europ\u00e9enne r\u00e9unit en urgence ses chefs de la diplomatie lundi 11 ao\u00fbt 2025, cherchant \u00e0 peser sur <a href=\"https:\/\/actu.fr\/monde\/guerre-en-ukraine-donald-trump-et-vladimir-poutine-se-rencontrent-en-alaska-le-15-aout-2025_63018335.html\" target=\"_blank\" rel=\"noopener\">les pourparlers pr\u00e9vus cette semaine entre Donald Trump et Vladimir Poutine<\/a> sur la guerre en Ukraine, qui lui font craindre un accord aux d\u00e9pens de Kiev.<\/p>\n<p class=\" wall-content\">Les Europ\u00e9ens multiplient les contacts et s\u2019efforcent de faire front commun derri\u00e8re l\u2019Ukraine depuis l\u2019annonce de la tenue vendredi en Alaska du sommet r\u00e9unissant les pr\u00e9sidents am\u00e9ricain et russe. Il doit y \u00eatre question, selon<a href=\"https:\/\/actu.fr\/tag\/guerre-en-ukraine\" target=\"_blank\" rel=\"noopener\"> Donald Trump<\/a>, d\u2019un possible accord pr\u00e9voyant \u00ab\u00a0des \u00e9changes de territoires\u00a0\u00bb pour mettre fin au conflit qui a fait des dizaines, voire des centaines de milliers de morts depuis plus de trois ans dans les deux pays.<\/p>\n<p class=\" wall-content\">En l\u2019\u00e9tat, la pr\u00e9sence du pr\u00e9sident ukrainien Volodymyr Zelensky n\u2019est pourtant pas pr\u00e9vue, m\u00eame si elle reste \u00ab\u00a0possible\u00a0\u00bb selon l\u2019ambassadeur des Etats-Unis aupr\u00e8s de l\u2019Otan Matthew Whitaker.<\/p>\n<p>\u00ab\u00a0Une question de s\u00e9curit\u00e9\u00a0\u00bb<\/p>\n<p class=\" wall-content\">\u00ab\u00a0Le pr\u00e9sident Trump a raison de dire que la <a href=\"https:\/\/actu.fr\/tag\/russie\" target=\"_blank\" rel=\"noopener\">Russie<\/a> doit mettre fin \u00e0 sa guerre contre l\u2019Ukraine. Les Etats-Unis ont le pouvoir de contraindre la Russie \u00e0 n\u00e9gocier s\u00e9rieusement\u00a0\u00bb, a martel\u00e9 dans un communiqu\u00e9 la responsable de la diplomatie de l\u2019Union europ\u00e9enne, Kaja Kallas.<\/p>\n<p class=\" wall-content\">Mais, a-t-elle insist\u00e9, \u00ab\u00a0tout accord entre les Etats-Unis et la Russie doit inclure l\u2019Ukraine et l\u2019UE, car c\u2019est une question de s\u00e9curit\u00e9 pour l\u2019Ukraine et pour l\u2019ensemble de l\u2019Europe\u00a0\u00bb.<\/p>\n<p class=\" wall-content\">Elle a annonc\u00e9 une \u00ab\u00a0r\u00e9union extraordinaire\u00a0\u00bb lundi en visioconf\u00e9rence de ministres des Affaires \u00e9trang\u00e8res de pays de l\u2019UE, en pr\u00e9sence de leur homologue ukrainien Andri\u00ef Sybigua, \u00ab\u00a0afin de discuter des prochaines \u00e9tapes\u00a0\u00bb.<\/p>\n<p class=\" wall-content\">Cet \u00e9change va s\u2019ajouter \u00e0 une s\u00e9rie de contacts pendant le week-end, avec une r\u00e9union samedi au Royaume-Uni entre conseillers \u00e0 la s\u00e9curit\u00e9 nationale europ\u00e9ens et am\u00e9ricains en pr\u00e9sence du vice-pr\u00e9sident am\u00e9ricain JD Vance et de nombreuses conversations t\u00e9l\u00e9phoniques.<\/p>\n<p class=\" wall-content\">Le chef de l\u2019Etat ukrainien s\u2019est entretenu lui-m\u00eame ces trois derniers jours avec 13 dirigeants europ\u00e9ens, ainsi qu\u2019avec les pr\u00e9sidents du Kazakhstan et de l\u2019Azerba\u00efdjan.<\/p>\n<p>\u00ab\u00a0Tester Poutine\u00a0\u00bb<\/p>\n<p class=\" wall-content\">Et puis, Kiev \u00ab\u00a0travaille bien s\u00fbr avec les Etats-Unis. Il ne se passe pas un jour sans que nous communiquions sur les moyens de parvenir \u00e0 une paix v\u00e9ritable. Nous comprenons que la Russie a l\u2019intention de tromper l\u2019Am\u00e9rique\u00a0\u00bb, a averti Volodymyr Zelensky dans son message du soir.<\/p>\n<p class=\" wall-content\"><a href=\"https:\/\/actu.fr\/tag\/vladimir-poutine\" target=\"_blank\" rel=\"noopener\">Vladimir Poutine<\/a> a pour sa part convers\u00e9 avec neuf chefs d\u2019Etat ou de gouvernement en trois jours dont Xi Jinping, Narendra Modi et Lula.<\/p>\n<p class=\" wall-content\">L\u2019annonce du sommet en Alaska est intervenue vendredi, le jour-m\u00eame de l\u2019expiration d\u2019un ultimatum lanc\u00e9 au Kremlin pour mettre un terme au pire conflit arm\u00e9 en Europe depuis la Seconde Guerre mondiale.<\/p>\n<p class=\" wall-content\">Donald Trump \u00ab\u00a0met la pression sur Poutine, a assur\u00e9 le secr\u00e9taire g\u00e9n\u00e9ral de l\u2019Otan, Mark Rutte, sur la t\u00e9l\u00e9vision ABC, estimant que \u00ab\u00a0vendredi prochain sera important, car il s\u2019agira de tester Poutine et de d\u00e9terminer son engagement \u00e0 mettre fin \u00e0 cette terrible guerre\u00a0\u00bb.\u00a0<\/p>\n<p>La guerre continue<\/p>\n<p class=\" wall-content\">Les combats et bombardements ont continu\u00e9 depuis avec six morts recens\u00e9s dans des frappes russes dimanche en Ukraine, o\u00f9 une bombe planante russe a en outre atteint la gare routi\u00e8re centrale, tr\u00e8s fr\u00e9quent\u00e9e, de Zaporijjia (est), faisant 20 bless\u00e9s.\u00a0<\/p>\n<p class=\" wall-content\">C\u00f4t\u00e9 russe, une attaque de drones ukrainien sur des \u00ab\u00a0entreprises industrielles\u00a0\u00bb a fait un mort \u00e0 Arzamas, dans la r\u00e9gion de Nijni-Novgorod, \u00e0 plus de 700 kilom\u00e8tres de la fronti\u00e8re ukrainienne, selon les autorit\u00e9s r\u00e9gionales.<\/p>\n<p class=\" wall-content\">Moscou r\u00e9clame que l\u2019Ukraine lui c\u00e8de quatre r\u00e9gions partiellement occup\u00e9es (Donetsk, Lougansk, Zaporijjia et Kherson), en plus de la Crim\u00e9e annex\u00e9e en 2014, et qu\u2019elle renonce aux livraisons d\u2019armes occidentales et \u00e0 toute adh\u00e9sion \u00e0 l\u2019Otan. Des exigences inacceptables pour Kiev.<\/p>\n<p class=\" wall-content\">Source : AFP.<\/p>\n<p class=\" wall-content\">Suivez toute l\u2019actualit\u00e9 de vos villes et m\u00e9dias favoris en vous inscrivant \u00e0 <a href=\"https:\/\/moncompte.actu.fr\" title=\"D\u00e9couvez Mon Actu\" rel=\"nofollow noopener\" data-trk=\"{&quot;cta&quot;:{&quot;action&quot;:&quot;https:\\\/\\\/moncompte.actu.fr&quot;,&quot;category&quot;:&quot;mon compte&quot;,&quot;from&quot;:&quot;article footer&quot;,&quot;name&quot;:&quot;Mon actu&quot;,&quot;type&quot;:&quot;cta&quot;}}\" target=\"_blank\">Mon Actu<\/a>.<\/p>\n","protected":false},"excerpt":{"rendered":"Par R\u00e9daction Actu Publi\u00e9 le 11 ao\u00fbt 2025 \u00e0 7h13 L\u2019Union europ\u00e9enne r\u00e9unit en urgence ses chefs de&hellip;\n","protected":false},"author":2,"featured_media":310960,"comment_status":"","ping_status":"","sticky":false,"template":"","format":"standard","meta":{"footnotes":""},"categories":[1586],"tags":[11,1777,674,1779,1011,27,131,74,12,25,132,1778,364],"class_list":{"0":"post-310959","1":"post","2":"type-post","3":"status-publish","4":"format-standard","5":"has-post-thumbnail","7":"category-europe","8":"tag-actualites","9":"tag-eu","10":"tag-europe","11":"tag-european-union","12":"tag-fr","13":"tag-france","14":"tag-guerre-en-ukraine","15":"tag-monde","16":"tag-news","17":"tag-republique-francaise","18":"tag-russie","19":"tag-ue","20":"tag-union-europeenne"},"share_on_mastodon":{"url":"https:\/\/pubeurope.com\/@fr\/115008645603073021","error":""},"_links":{"self":[{"href":"https:\/\/www.europesays.com\/fr\/wp-json\/wp\/v2\/posts\/310959","targetHints":{"allow":["GET"]}}],"collection":[{"href":"https:\/\/www.europesays.com\/fr\/wp-json\/wp\/v2\/posts"}],"about":[{"href":"https:\/\/www.europesays.com\/fr\/wp-json\/wp\/v2\/types\/post"}],"author":[{"embeddable":true,"href":"https:\/\/www.europesays.com\/fr\/wp-json\/wp\/v2\/users\/2"}],"replies":[{"embeddable":true,"href":"https:\/\/www.europesays.com\/fr\/wp-json\/wp\/v2\/comments?post=310959"}],"version-history":[{"count":0,"href":"https:\/\/www.europesays.com\/fr\/wp-json\/wp\/v2\/posts\/310959\/revisions"}],"wp:featuredmedia":[{"embeddable":true,"href":"https:\/\/www.europesays.com\/fr\/wp-json\/wp\/v2\/media\/310960"}],"wp:attachment":[{"href":"https:\/\/www.europesays.com\/fr\/wp-json\/wp\/v2\/media?parent=310959"}],"wp:term":[{"taxonomy":"category","embeddable":true,"href":"https:\/\/www.europesays.com\/fr\/wp-json\/wp\/v2\/categories?post=310959"},{"taxonomy":"post_tag","embeddable":true,"href":"https:\/\/www.europesays.com\/fr\/wp-json\/wp\/v2\/tags?post=310959"}],"curies":[{"name":"wp","href":"https:\/\/api.w.org\/{rel}","templated":true}]}}