{"id":310963,"date":"2025-08-11T06:12:27","date_gmt":"2025-08-11T06:12:27","guid":{"rendered":"https:\/\/www.europesays.com\/fr\/310963\/"},"modified":"2025-08-11T06:12:27","modified_gmt":"2025-08-11T06:12:27","slug":"la-france-est-le-pays-le-plus-visite-au-monde-alors-pourquoi-ne-sen-prend-elle-pas-au-tourisme","status":"publish","type":"post","link":"https:\/\/www.europesays.com\/fr\/310963\/","title":{"rendered":"La France est le pays le plus visit\u00e9 au monde. Alors pourquoi ne s&rsquo;en prend-elle pas au tourisme\u00a0?"},"content":{"rendered":"<p>          <img decoding=\"async\" class=\"c-ad__placeholder__logo\" src=\"https:\/\/static.euronews.com\/website\/images\/logos\/logo-euronews-stacked-outlined-72x72-grey-9.svg\" width=\"72\" height=\"72\" alt=\"\" loading=\"lazy\"\/><br \/>\n          PUBLICIT\u00c9<\/p>\n<p>En <a href=\"https:\/\/fr.euronews.com\/voyages\/2025\/07\/22\/entre-20-et-1-pour-debarquer-la-taxe-croisiere-grecque-est-rentree-en-vigueur\" target=\"_blank\" rel=\"noopener\"><strong>Gr\u00e8ce<\/strong><\/a>, les habitants taguent des graffitis. En <a href=\"https:\/\/fr.euronews.com\/voyages\/2025\/02\/25\/florence-rome-venise-les-villes-italiennes-sattaquent-au-surtourisme-en-2025\" target=\"_blank\" rel=\"noopener\"><strong>Italie<\/strong><\/a>, au <a href=\"https:\/\/fr.euronews.com\/voyages\/2024\/08\/19\/comment-lisbonne-une-des-destinations-iberiques-les-plus-prisees-gere-le-surtourisme\" target=\"_blank\" rel=\"noopener\"><strong>Portugal<\/strong><\/a> et en <a href=\"https:\/\/fr.euronews.com\/voyages\/2025\/04\/05\/un-nouvel-ete-de-perturbations-les-manifestations-anti-tourisme-en-espagne-reprennent-a-la\" target=\"_blank\" rel=\"noopener\"><strong>Espagne<\/strong><\/a>, ils ont recours aux <a href=\"https:\/\/fr.euronews.com\/voyages\/2025\/06\/18\/le-pistolet-a-eau-est-devenu-un-symbole-pour-les-habitants-de-barcelone-qui-en-ont-assez-d\" target=\"_blank\" rel=\"noopener\"><strong>pistolets \u00e0 eau<\/strong><\/a> et aux manifestations de masse.<\/p>\n<p>Alors que <a href=\"https:\/\/fr.euronews.com\/voyages\/2025\/05\/06\/oui-vous-pouvez-encore-visiter-barcelone-mais-de-maniere-plus-responsable\" target=\"_blank\" rel=\"noopener\"><strong>le sentiment anti-tourisme<\/strong><\/a> commence \u00e0 se r\u00e9pandre dans toute l&rsquo;Europe, un pays se distingue par son silence relatif. Il s&rsquo;agit du <a href=\"https:\/\/fr.euronews.com\/voyages\/2025\/07\/23\/la-france-ecartee-le-pays-le-plus-visite-au-monde-absent-du-classement-des-meilleures-vill\" target=\"_blank\" rel=\"noopener\"><strong>pays le plus visit\u00e9 au monde<\/strong><\/a> :<\/p>\n<p>la France.<\/p>\n<p>Bien qu&rsquo;elle accueille environ 100 millions de voyageurs chaque ann\u00e9e, la France fait rarement la une des journaux pour des protestations li\u00e9es au tourisme &#8211; un contraste saisissant avec ses voisins, qui expriment de plus en plus leur frustration face aux villes surpeupl\u00e9es, \u00e0 l&rsquo;augmentation des loyers et aux comportements r\u00e9pr\u00e9hensibles.<\/p>\n<p>Il n&rsquo;y a pas de raison unique pour que la France ait \u00e9vit\u00e9 le retour de b\u00e2ton, et les craintes qu&rsquo;un tel retour de b\u00e2ton se produise ne sont pas infond\u00e9es. Mais un engagement en faveur du tourisme durable, des infrastructures solides et une strat\u00e9gie visant \u00e0 r\u00e9partir les visiteurs entre les r\u00e9gions et les saisons ont tous un r\u00f4le \u00e0 jouer.<\/p>\n<p>La France a jou\u00e9 le jeu \u00e0 long terme<\/p>\n<p>Contrairement \u00e0 de nombreux pays qui s&rsquo;efforcent aujourd&rsquo;hui de freiner le <a href=\"https:\/\/fr.euronews.com\/voyages\/2025\/07\/29\/surtourisme-les-voyageurs-europeens-se-tournent-vers-des-lieux-moins-connus-et-des-escapad\" target=\"_blank\" rel=\"noopener\"><strong>tourisme de masse<\/strong><\/a>, la France a commenc\u00e9 \u00e0 pr\u00e9parer le terrain il y a plusieurs ann\u00e9es.<\/p>\n<p>Atout France, l&rsquo;agence de d\u00e9veloppement touristique du pays, a fait de la durabilit\u00e9 un \u00e9l\u00e9ment central de sa strat\u00e9gie. Dans le cadre d&rsquo;une feuille de route sur dix ans, le plan Destination France, le gouvernement a affect\u00e9 1,9 milliard d&rsquo;euros en 2021 pour encourager les voyages plus \u00e9cologiques et plus responsables.<\/p>\n<p>Il s&rsquo;agit de <a href=\"https:\/\/fr.euronews.com\/voyages\/2025\/04\/29\/prendre-le-train-peut-etre-presque-deux-fois-plus-rapide-que-lavion-pour-certains-trajets-\" target=\"_blank\" rel=\"noopener\"><strong>privil\u00e9gier le train aux vols court-courriers<\/strong><\/a>, d&rsquo;investir dans les villes de taille moyenne et d&rsquo;inciter les visiteurs \u00e0 ne pas se contenter des destinations habituelles, comme Paris ou Nice.<\/p>\n<p>Le pays a redoubl\u00e9 d&rsquo;efforts cette ann\u00e9e en s&rsquo;engageant \u00e0 investir dans un tourisme plus \u00e9cologique, plus <a href=\"https:\/\/fr.euronews.com\/my-europe\/2021\/09\/13\/handicap-et-tourisme-un-projet-europeen-rend-la-plage-accessible-a-tous\" target=\"_blank\" rel=\"noopener\"><strong>inclusif<\/strong><\/a> et plus num\u00e9rique. Les responsables du tourisme esp\u00e8rent que cet investissement se traduira par des s\u00e9jours plus longs, des foules moins nombreuses et des exp\u00e9riences plus enrichissantes.<\/p>\n<p>\u00ab\u00a0Les autorit\u00e9s fran\u00e7aises investissent dans le tourisme durable depuis des ann\u00e9es\u00a0\u00bb, d\u00e9clare Veronica Diquattro, pr\u00e9sidente de B2C et de l&rsquo;offre chez Omio, un moteur de recherche de voyages pour l&rsquo;Europe.<\/p>\n<p>\u00ab\u00a0L&rsquo;accent est d\u00e9sormais mis sur l&rsquo;am\u00e9lioration de la qualit\u00e9 des exp\u00e9riences touristiques, la r\u00e9partition du nombre de visiteurs tout au long de l&rsquo;ann\u00e9e pour lutter contre le surtourisme et la mise en avant de pratiques touristiques \u00e9cologiques, num\u00e9riques, sociales et inclusives.\u00a0\u00bb<\/p>\n<p>La puissance des trains<\/p>\n<p>La France poss\u00e8de l&rsquo;un des r\u00e9seaux ferroviaires les plus \u00e9tendus d&rsquo;Europe &#8211; 28 000 kilom\u00e8tres de voies ferr\u00e9es, dont 2 800 kilom\u00e8tres de lignes \u00e0 grande vitesse.<\/p>\n<p>\u00ab\u00a0La France est l&rsquo;un des pays les plus accessibles pour le tourisme ferroviaire\u00a0\u00bb, explique Mme Diquattro.<\/p>\n<p>Des villes de 20 000 habitants seulement disposent d&rsquo;une gare, explique-t-elle. Gr\u00e2ce \u00e0 la grande vitesse, il est possible de se rendre de Paris \u00e0 <a href=\"https:\/\/fr.euronews.com\/voyages\/2025\/05\/30\/espresso-riviera-un-train-de-nuit-rome-marseille-pour-lete\" target=\"_blank\" rel=\"noopener\"><strong>Marseille<\/strong><\/a> en trois heures.<\/p>\n<p>Ce type d&rsquo;acc\u00e8s modifie les sch\u00e9mas touristiques. Il modifie \u00e9galement les politiques.<\/p>\n<p>En 2023, la France<a href=\"https:\/\/www.euronews.com\/travel\/2022\/12\/06\/france-bans-short-haul-flights-get-onboard-with-these-spectacular-train-trips\" target=\"_blank\" rel=\"noopener\"> <\/a><a href=\"https:\/\/fr.euronews.com\/green\/2023\/05\/25\/suppression-de-vols-interieurs-courts-nous-sommes-les-premiers-a-le-faire-se-felicite-e-ma\" target=\"_blank\" rel=\"noopener\"><strong>interdira<\/strong><\/a> formellement<a href=\"https:\/\/www.euronews.com\/travel\/2022\/12\/06\/france-bans-short-haul-flights-get-onboard-with-these-spectacular-train-trips\" target=\"_blank\" rel=\"noopener\"> <\/a>les vols int\u00e9rieurs <a href=\"https:\/\/fr.euronews.com\/2022\/12\/02\/la-suppression-des-vols-interieurs-courts-en-france-validee-par-lunion-europeenne\" target=\"_blank\" rel=\"noopener\"><strong>sur certains itin\u00e9raires<\/strong><\/a> qui peuvent \u00eatre parcourus en moins de deux heures et demie par le train. Bien que son impact sur le climat ne soit <a href=\"https:\/\/fr.euronews.com\/green\/2023\/09\/01\/la-france-veut-instaurer-un-prix-minimum-pour-les-vols-et-sattaque-aux-compagnies-low-cost\" target=\"_blank\" rel=\"noopener\"><strong>pas clair<\/strong><\/a>, cette mesure a n\u00e9anmoins stimul\u00e9 les voyages en train et a probablement encourag\u00e9 les voyages vers des r\u00e9gions qui auraient pu \u00eatre n\u00e9glig\u00e9es.<\/p>\n<p>Les touristes sont dispers\u00e9s \u00e0 dessein<\/p>\n<p>L\u00e0 o\u00f9 l<a href=\"https:\/\/www.euronews.com\/travel\/2025\/02\/04\/europe-tourist-taxes-bans-restrictions-explained\" target=\"_blank\" rel=\"noopener\"><strong>&lsquo;<\/strong><\/a><a href=\"https:\/\/fr.euronews.com\/voyages\/2025\/02\/07\/vous-partez-en-vacances-en-europe-voici-les-taxes-interdictions-et-restrictions-touristiqu\" target=\"_blank\" rel=\"noopener\"><strong>Espagne<\/strong><\/a> a la Costa Brava et l&rsquo;Italie Venise, la France a&#8230; tout. Et c&rsquo;est exactement comme cela que le pays l&rsquo;aime.<\/p>\n<p>\u00ab\u00a0Les touristes sont dispers\u00e9s en France\u00a0\u00bb, explique Marine Prat, conceptrice de voyages et d&rsquo;\u00e9v\u00e9nements professionnels chez Loire Secrets. \u00ab\u00a0Ils ne se rendent pas \u00e0 un seul endroit. Ils voyagent dans plusieurs r\u00e9gions\u00a0\u00bb.<\/p>\n<p>Cela s&rsquo;explique en partie par l&rsquo;histoire : la France s&rsquo;est toujours pr\u00e9sent\u00e9e comme un pays de r\u00e9gions. C&rsquo;est aussi une question d&rsquo;histoire. Des <a href=\"https:\/\/fr.euronews.com\/voyages\/2025\/07\/20\/decouvrez-les-chateaux-les-jardins-et-les-vignobles-de-la-vallee-de-la-loire-classee-au-pa\" target=\"_blank\" rel=\"noopener\"><strong>ch\u00e2teaux de la Loire<\/strong><\/a> aux <a href=\"https:\/\/fr.euronews.com\/voyages\/2024\/12\/14\/victimes-de-leur-succes-les-marches-de-noel-alsaciens-cherchent-a-juguler-le-surtourisme-h\" target=\"_blank\" rel=\"noopener\"><strong>march\u00e9s de No\u00ebl en Alsace<\/strong><\/a>, chaque r\u00e9gion offre son propre type de tourisme et l&rsquo;infrastructure qui va avec.<\/p>\n<p>\u00ab\u00a0De plus en plus de gens veulent voyager hors des sentiers battus. Ils veulent voir diff\u00e9rentes r\u00e9gions &#8211; pas seulement les classiques, comme Paris, la Normandie et le sud de la France\u00a0\u00bb, ajoute Mme Prat. \u00ab\u00a0D\u00e9sormais, ils peuvent voir sur Instagram qu&rsquo;il est possible de se rendre \u00e0 une heure et demie de Paris et de d\u00e9couvrir facilement des villages charmants, de la gastronomie et des villes tr\u00e8s dynamiques.\u00a0\u00bb<\/p>\n<p>Un avantage culturel<\/p>\n<p>Peut-\u00eatre moins \u00e9vident, l&rsquo;h\u00e9ritage de la France en mati\u00e8re d&rsquo;accueil des \u00e9trangers pourrait porter ses fruits aujourd&rsquo;hui.<\/p>\n<p>\u00ab\u00a0La France est un carrefour de cultures depuis des si\u00e8cles\u00a0\u00bb, explique Marine Prat. \u00ab\u00a0Il est tout \u00e0 fait normal que des gens de partout viennent visiter [la France]&#8230; C&rsquo;est un \u00e9l\u00e9ment important de notre \u00e9conomie.\u00a0\u00bb<\/p>\n<p>Cette longue tradition d&rsquo;accueil, associ\u00e9e \u00e0 une solide <a href=\"https:\/\/fr.euronews.com\/voyages\/2025\/04\/28\/les-touristes-de-plus-en-plus-conscients-de-leur-impact-sur-les-lieux-quils-visitent\" target=\"_blank\" rel=\"noopener\"><strong>infrastructure touristique<\/strong><\/a>, a probablement contribu\u00e9 \u00e0 isoler la France de certains des <a href=\"https:\/\/fr.euronews.com\/voyages\/2025\/06\/30\/la-ville-de-cannes-bannit-les-croisieres-de-plus-de-1-000-passagers\" target=\"_blank\" rel=\"noopener\"><strong>probl\u00e8mes observ\u00e9s ailleurs<\/strong><\/a>.<\/p>\n<p>Et le public est de plus en plus nombreux. Comme le souligne Mme Prat, les arriv\u00e9es en provenance de nouveaux march\u00e9s tels que l&rsquo;Inde, l&rsquo;Asie du Sud-Est, l&rsquo;Australie et l&rsquo;Afrique ont augment\u00e9 ces derni\u00e8res ann\u00e9es. Ils trouvent davantage d&rsquo;activit\u00e9s en dehors des grandes villes et gravitent autour d&rsquo;elles.<\/p>\n<p>\u00ab\u00a0Nous essayons de vendre davantage d&rsquo;exp\u00e9riences locales\u00a0\u00bb, explique-t-elle. \u00ab\u00a0Nous sommes tr\u00e8s impliqu\u00e9s dans notre r\u00e9gion. Nous voulons promouvoir davantage de viticulteurs biologiques ou biodynamiques, davantage d&rsquo;aliments locaux et biologiques, et des personnes qui travaillent dans ce sens\u00a0\u00bb.<\/p>\n<p>Mme Diquattro affirme que les donn\u00e9es de son entreprise le confirment.<\/p>\n<p>\u00ab\u00a0Les voyageurs choisissent souvent Paris comme premi\u00e8re destination. Mais \u00e0 partir de l\u00e0, ils se diversifient, ajoutant que Marseille et Strasbourg se d\u00e9veloppent rapidement, gr\u00e2ce \u00e0 de <a href=\"https:\/\/fr.euronews.com\/voyages\/2025\/06\/12\/ce-nouveau-train-de-nuit-promet-de-desservir-100-villes-europeennes-pour-un-prix-inferieur\" target=\"_blank\" rel=\"noopener\"><strong>meilleures connexion<\/strong><\/a><a href=\"https:\/\/www.euronews.com\/travel\/2025\/06\/12\/this-new-night-train-is-promising-travel-to-100-european-cities-for-less-than-the-price-of\" target=\"_blank\" rel=\"noopener\"><strong>s<\/strong><\/a> et \u00e0 davantage d&rsquo;exp\u00e9riences \u00e0 vivre lorsque les voyageurs arrivent sur place.<\/p>\n<p>La r\u00e9glementation peut-elle contrer les repr\u00e9sailles ?<\/p>\n<p>La France n&rsquo;a pas \u00e9chapp\u00e9 aux frictions. <a href=\"https:\/\/fr.euronews.com\/my-europe\/2025\/07\/02\/france-greve-des-controleurs-aeriens-vols-annules-a-paris-et-dans-le-sud\" target=\"_blank\" rel=\"noopener\"><strong>Les gr\u00e8ves<\/strong><\/a> fr\u00e9quentes &#8211; ferroviaires, <a href=\"https:\/\/fr.euronews.com\/voyages\/2025\/07\/18\/la-colere-de-ryanair-et-easyjet-apres-les-greves-de-controleurs-aeriens-en-france\" target=\"_blank\" rel=\"noopener\"><strong>a\u00e9riennes<\/strong><\/a> ou autres &#8211; font toujours partie du rythme national. L&rsquo;engorgement et l&#8217;embourgeoisement pourraient \u00e9galement \u00eatre des probl\u00e8mes imminents.<\/p>\n<p>En attendant, les Jeux olympiques de l&rsquo;ann\u00e9e derni\u00e8re ont tellement attir\u00e9 l&rsquo;attention sur la \u00ab\u00a0ville lumi\u00e8re\u00a0\u00bb que plus de 50 millions de personnes ont visit\u00e9 Paris au cours de la seule ann\u00e9e 2024.<\/p>\n<p>Au d\u00e9but de l&rsquo;\u00e9t\u00e9, les habitants de Montmartre ont commenc\u00e9 \u00e0 tirer la sonnette d&rsquo;alarme face \u00e0 l&rsquo;affluence. \u00ab\u00a0Les gens viennent pour trois heures, s&rsquo;amusent, ach\u00e8tent un b\u00e9ret ou une cr\u00eape et repartent, comme s&rsquo;ils \u00e9taient dans un parc d&rsquo;attractions\u00a0\u00bb, a d\u00e9clar\u00e9 un habitant \u00e0 Reuters.<\/p>\n<p>Les autorit\u00e9s esp\u00e8rent que la r\u00e9glementation permettra d&rsquo;\u00e9viter le pire.<\/p>\n<p>Alors que les locations de vacances \u00e0 court terme ont d\u00e9clench\u00e9 des <a href=\"https:\/\/fr.euronews.com\/my-europe\/2025\/08\/06\/crise-du-logement-en-espagne-la-colere-monte\" target=\"_blank\" rel=\"noopener\"><strong>crises du logement<\/strong><\/a> dans des villes comme <a href=\"https:\/\/fr.euronews.com\/2022\/07\/01\/a-lisbonne-la-speculation-immobiliere-frappe-les-plus-modestes\" target=\"_blank\" rel=\"noopener\">Lisbonne <\/a>et <a href=\"https:\/\/fr.euronews.com\/my-europe\/2025\/03\/18\/la-crise-du-logement-en-europe-saggrave-en-espagne-cest-un-probleme-a-multiples-facettes\" target=\"_blank\" rel=\"noopener\"><strong>Barcelone<\/strong><\/a>, les autorit\u00e9s ont \u00e9t\u00e9 plus promptes \u00e0 agir en France.<\/p>\n<p>En vertu d&rsquo;une loi adopt\u00e9e l&rsquo;ann\u00e9e derni\u00e8re (Loi le Meur), les collectivit\u00e9s locales peuvent<a href=\"https:\/\/www.euronews.com\/travel\/2024\/11\/29\/paris-cracks-down-on-airbnbs-with-100000-fines-and-london-style-limit-on-nights-per-year\" target=\"_blank\" rel=\"noopener\"> <\/a><a href=\"https:\/\/fr.euronews.com\/voyages\/2024\/11\/30\/paris-sattaque-a-airbnb-avec-des-amendes-de-100-000-euros-et-une-limitation-du-nombre-de-n\" target=\"_blank\" rel=\"noopener\"><strong>plafonner les locations de vacances<\/strong><\/a>, r\u00e9duire le nombre de nuits pendant lesquelles les r\u00e9sidences peuvent \u00eatre lou\u00e9es (de 120 \u00e0 90) et infliger des amendes aux propri\u00e9taires qui <a href=\"https:\/\/fr.euronews.com\/voyages\/2024\/10\/21\/airbnb-le-maire-de-marseille-veut-obliger-les-proprietaires-a-racheter-un-appartement-et-a\" target=\"_blank\" rel=\"noopener\"><strong>ne respectent pas les r\u00e8gles<\/strong><\/a>.<\/p>\n<p>Qu&rsquo;il s&rsquo;agisse de lois r\u00e9glementant les locations de courte dur\u00e9e ou d&rsquo;un plan directeur pour une croissance plus durable, le syst\u00e8me fran\u00e7ais semble tenir bon. \u00c0 l&rsquo;\u00e8re du tourisme \u00e0 outrance, l&rsquo;arme secr\u00e8te du pays pourrait bien \u00eatre d&rsquo;avoir pr\u00e9vu ce moment depuis le d\u00e9but.<\/p>\n","protected":false},"excerpt":{"rendered":"PUBLICIT\u00c9 En Gr\u00e8ce, les habitants taguent des graffitis. En Italie, au Portugal et en Espagne, ils ont recours&hellip;\n","protected":false},"author":2,"featured_media":310964,"comment_status":"","ping_status":"","sticky":false,"template":"","format":"standard","meta":{"footnotes":""},"categories":[4],"tags":[11,1011,27,12,25,602,36841,586],"class_list":{"0":"post-310963","1":"post","2":"type-post","3":"status-publish","4":"format-standard","5":"has-post-thumbnail","7":"category-france","8":"tag-actualites","9":"tag-fr","10":"tag-france","11":"tag-news","12":"tag-republique-francaise","13":"tag-tourisme","14":"tag-tourisme-durable","15":"tag-voyage"},"share_on_mastodon":{"url":"https:\/\/pubeurope.com\/@fr\/115008658141131423","error":""},"_links":{"self":[{"href":"https:\/\/www.europesays.com\/fr\/wp-json\/wp\/v2\/posts\/310963","targetHints":{"allow":["GET"]}}],"collection":[{"href":"https:\/\/www.europesays.com\/fr\/wp-json\/wp\/v2\/posts"}],"about":[{"href":"https:\/\/www.europesays.com\/fr\/wp-json\/wp\/v2\/types\/post"}],"author":[{"embeddable":true,"href":"https:\/\/www.europesays.com\/fr\/wp-json\/wp\/v2\/users\/2"}],"replies":[{"embeddable":true,"href":"https:\/\/www.europesays.com\/fr\/wp-json\/wp\/v2\/comments?post=310963"}],"version-history":[{"count":0,"href":"https:\/\/www.europesays.com\/fr\/wp-json\/wp\/v2\/posts\/310963\/revisions"}],"wp:featuredmedia":[{"embeddable":true,"href":"https:\/\/www.europesays.com\/fr\/wp-json\/wp\/v2\/media\/310964"}],"wp:attachment":[{"href":"https:\/\/www.europesays.com\/fr\/wp-json\/wp\/v2\/media?parent=310963"}],"wp:term":[{"taxonomy":"category","embeddable":true,"href":"https:\/\/www.europesays.com\/fr\/wp-json\/wp\/v2\/categories?post=310963"},{"taxonomy":"post_tag","embeddable":true,"href":"https:\/\/www.europesays.com\/fr\/wp-json\/wp\/v2\/tags?post=310963"}],"curies":[{"name":"wp","href":"https:\/\/api.w.org\/{rel}","templated":true}]}}