{"id":310970,"date":"2025-08-11T06:18:12","date_gmt":"2025-08-11T06:18:12","guid":{"rendered":"https:\/\/www.europesays.com\/fr\/310970\/"},"modified":"2025-08-11T06:18:12","modified_gmt":"2025-08-11T06:18:12","slug":"motogp-valentino-rossi-avec-pecco-bagnaia-on-sentend-mieux-sur-la-piste-quavec-franco-morbidelli","status":"publish","type":"post","link":"https:\/\/www.europesays.com\/fr\/310970\/","title":{"rendered":"MotoGP, Valentino Rossi : \u00ab\u00a0avec Pecco Bagnaia, on s&rsquo;entend mieux sur la piste qu\u2019avec Franco Morbidelli\u00a0\u00bb"},"content":{"rendered":"<p><strong>Pendant deux d\u00e9cennies, Valentino Rossi a \u00e9t\u00e9 le patron<br \/>\nincontest\u00e9 du paddock MotoGP. Mais \u00e0 la fin de sa carri\u00e8re, le<br \/>\nDocteur s\u2019est retrouv\u00e9 \u00e0 affronter\u2026 ses propres \u00e9l\u00e8ves. Une<br \/>\nsituation unique, explosive, parfois m\u00eame<br \/>\ninconfortable.<\/strong><\/p>\n<p><strong>Francesco Bagnaia, Franco Morbidelli, Luca Marini, Marco<br \/>\nBezzecchi<\/strong> : tous sont pass\u00e9s par la <strong>VR46 Riders<br \/>\nAcad\u00e9mie<\/strong>, la p\u00e9pini\u00e8re fond\u00e9e par <strong>Rossi<\/strong><br \/>\napr\u00e8s la trag\u00e9die de <strong>Marco Simoncelli<\/strong>. \u00c0 la base,<br \/>\nl\u2019objectif \u00e9tait noble : faire \u00e9clore la nouvelle g\u00e9n\u00e9ration<br \/>\nitalienne. Mais le r\u00eave s\u2019est heurt\u00e9 \u00e0 une r\u00e9alit\u00e9 bien plus<br \/>\npiquante sur la piste.<\/p>\n<p>\u00ab C\u2019est moi qui me suis mis dans cette situation. J\u2019ai form\u00e9<br \/>\nmes futurs rivaux \u00bb, avouait Rossi en 2020. Avec<br \/>\n<strong>Franco Morbidelli<\/strong>, Rossi partage une vraie amiti\u00e9<br \/>\nhors des circuits. Mais en course ? C\u2019est une autre histoire.<\/p>\n<p>\u00ab En piste, avec Franco, c\u2019est plus intense. Plus tendu. \u00c7a<br \/>\nd\u00e9pend de la personnalit\u00e9 de chacun. J\u2019ai une relation diff\u00e9rente<br \/>\navec Pecco Bagnaia. Avec Pecco, on s\u2019entend mieux \u00bb, confiait<br \/>\nRossi \u00e0 GPOne.<\/p>\n<p>Le moment cl\u00e9 pour <strong>Rossi<\/strong> ? L\u2019Autriche 2020. Une<br \/>\nchute spectaculaire de <a href=\"https:\/\/www.paddock-gp.com\/motogp-2026-le-dilemme-vr46-entre-fidelite-a-franco-morbidelli-et-pressions-de-dorna\/\" rel=\"nofollow noopener\" target=\"_blank\"><br \/>\n<strong>Morbidelli<\/strong><\/a> a vu sa moto fr\u00f4ler la t\u00eate de<br \/>\n<strong>Rossi<\/strong> \u00e0 pleine vitesse. Une sc\u00e8ne choquante, qui a<br \/>\nmarqu\u00e9 un tournant psychologique. Ce jour-l\u00e0,<br \/>\n<strong>Rossi<\/strong> a vacill\u00e9, et la retraite a commenc\u00e9 \u00e0<br \/>\ns\u2019imposer comme une \u00e9vidence.<\/p>\n<p><img loading=\"lazy\" decoding=\"async\" class=\"aligncenter size-full wp-image-1270297\" src=\"https:\/\/www.europesays.com\/fr\/wp-content\/uploads\/2025\/06\/Bagnaia-Rossi-e1719673063414.jpg\" alt=\"Pecco Bagnaia Valentino Rossi \" width=\"800\" height=\"629\"  \/><\/p>\n<p><strong>Valentino Rossi : \u00ab<br \/>\nj\u2019\u00e9tais tr\u00e8s triste ce jour-l\u00e0. C\u2019\u00e9tait fini<br \/>\n\u00bb<\/strong><\/p>\n<p>Un an plus tard, au Grand Prix de Grande-Bretagne,<br \/>\n<strong>Rossi<\/strong> vit un v\u00e9ritable cr\u00e8ve-c\u0153ur. Lui qui avait<br \/>\ntant brill\u00e9 \u00e0 Silverstone se retrouve loin du peloton. C\u2019est la<br \/>\ngoutte de trop. L\u00e9gende ou pas, le sport ne pardonne plus.<\/p>\n<p><a href=\"https:\/\/www.paddock-gp.com\/motogp-pecco-bagnaia-et-la-ducati-gp25-une-premiere-moitie-de-saison-sous-tension\/\" rel=\"nofollow noopener\" target=\"_blank\"><br \/>\n<strong>Pecco Bagnaia<\/strong><\/a>, l\u2019\u00e9l\u00e8ve mod\u00e8le, a d\u00e9croch\u00e9 les<br \/>\ntitres <a href=\"https:\/\/www.motogp.com\/en\" rel=\"nofollow noopener\" target=\"_blank\">MotoGP<\/a> 2022 et 2023.<br \/>\nIl est aujourd\u2019hui le seul pilote de la VR46 Acad\u00e9mie \u00e0 avoir<br \/>\ntransform\u00e9 l\u2019h\u00e9ritage du ma\u00eetre en v\u00e9ritable domination.<\/p>\n<p>Mais 2025 est rude. Troisi\u00e8me au championnat, en difficult\u00e9 chez<br \/>\nDucati, <strong>Bagnaia<\/strong> montre des signes de doute.<br \/>\nL\u2019ombre du mentor plane encore. Et la pression ne vient plus de<br \/>\n<strong>Rossi<\/strong>, mais de l\u2019histoire elle-m\u00eame : confirmer<br \/>\nqu\u2019il n\u2019est pas juste un produit de l\u2019acad\u00e9mie, mais un vrai<br \/>\npatron.<\/p>\n<p><strong>Rossi<\/strong> a voulu cr\u00e9er une dynastie. Il l\u2019a fait.<br \/>\nMais il a aussi acc\u00e9l\u00e9r\u00e9 sa propre fin sportive, confront\u00e9 \u00e0 des<br \/>\njeunes affam\u00e9s qu\u2019il a lui-m\u00eame form\u00e9s. Le mentor sourit. Mais dans<br \/>\nses yeux, il reste une lueur de feu. M\u00eame \u00e0 la retraite,<br \/>\n<strong>Rossi<\/strong> d\u00e9teste perdre.<\/p>\n<p><img loading=\"lazy\" decoding=\"async\" class=\"aligncenter wp-image-1280917\" src=\"https:\/\/www.europesays.com\/fr\/wp-content\/uploads\/2025\/04\/morbidelli-valentino-rossi-start-gara-lusail-gp-qatar-2025-1024x682-1.jpg\" alt=\"Franco Morbidelli\" width=\"854\" height=\"569\"  \/><\/p>\n<p>\u00a0<\/p>\n","protected":false},"excerpt":{"rendered":"Pendant deux d\u00e9cennies, Valentino Rossi a \u00e9t\u00e9 le patron incontest\u00e9 du paddock MotoGP. Mais \u00e0 la fin de&hellip;\n","protected":false},"author":2,"featured_media":168462,"comment_status":"","ping_status":"","sticky":false,"template":"","format":"standard","meta":{"footnotes":""},"categories":[1413],"tags":[1011,27,1457,1456,60],"class_list":{"0":"post-310970","1":"post","2":"type-post","3":"status-publish","4":"format-standard","5":"has-post-thumbnail","7":"category-moto","8":"tag-fr","9":"tag-france","10":"tag-moto","11":"tag-motocycle","12":"tag-sports"},"share_on_mastodon":{"url":"https:\/\/pubeurope.com\/@fr\/115008681023226898","error":""},"_links":{"self":[{"href":"https:\/\/www.europesays.com\/fr\/wp-json\/wp\/v2\/posts\/310970","targetHints":{"allow":["GET"]}}],"collection":[{"href":"https:\/\/www.europesays.com\/fr\/wp-json\/wp\/v2\/posts"}],"about":[{"href":"https:\/\/www.europesays.com\/fr\/wp-json\/wp\/v2\/types\/post"}],"author":[{"embeddable":true,"href":"https:\/\/www.europesays.com\/fr\/wp-json\/wp\/v2\/users\/2"}],"replies":[{"embeddable":true,"href":"https:\/\/www.europesays.com\/fr\/wp-json\/wp\/v2\/comments?post=310970"}],"version-history":[{"count":0,"href":"https:\/\/www.europesays.com\/fr\/wp-json\/wp\/v2\/posts\/310970\/revisions"}],"wp:featuredmedia":[{"embeddable":true,"href":"https:\/\/www.europesays.com\/fr\/wp-json\/wp\/v2\/media\/168462"}],"wp:attachment":[{"href":"https:\/\/www.europesays.com\/fr\/wp-json\/wp\/v2\/media?parent=310970"}],"wp:term":[{"taxonomy":"category","embeddable":true,"href":"https:\/\/www.europesays.com\/fr\/wp-json\/wp\/v2\/categories?post=310970"},{"taxonomy":"post_tag","embeddable":true,"href":"https:\/\/www.europesays.com\/fr\/wp-json\/wp\/v2\/tags?post=310970"}],"curies":[{"name":"wp","href":"https:\/\/api.w.org\/{rel}","templated":true}]}}