{"id":310971,"date":"2025-08-11T06:19:12","date_gmt":"2025-08-11T06:19:12","guid":{"rendered":"https:\/\/www.europesays.com\/fr\/310971\/"},"modified":"2025-08-11T06:19:12","modified_gmt":"2025-08-11T06:19:12","slug":"a-lhexagone-mma-samba-sima-et-oceane-samson-ont-fait-vibrer-le-theatre-antique-dorange","status":"publish","type":"post","link":"https:\/\/www.europesays.com\/fr\/310971\/","title":{"rendered":"\u00c0 l&rsquo;Hexagone MMA, Samba Sima et Oc\u00e9ane Samson ont fait vibrer le Th\u00e9\u00e2tre antique d&rsquo;Orange"},"content":{"rendered":"<p>Quand Netflix entre dans la cage<\/p>\n<p>Pour cl\u00f4turer la soir\u00e9e, le public a eu droit \u00e0 un moment inattendu\u00a0: le tournage d&rsquo;une s\u00e9quence de la saison 2 de La Cage, s\u00e9rie diffus\u00e9e sur la plateforme Netflix. Franck Gastambide, le rappeur Bosh et Taylor Lapilus &#8211; improvis\u00e9 chor\u00e9graphe &#8211; ont transform\u00e9 le th\u00e9\u00e2tre antique en plateau de tournage, embarquant les spectateurs dans une prise fa\u00e7on show t\u00e9l\u00e9vis\u00e9. Une mani\u00e8re unique de m\u00ealer sport, divertissement et spectacle dans un d\u00e9cor hors du temps.<\/p>\n","protected":false},"excerpt":{"rendered":"Quand Netflix entre dans la cage Pour cl\u00f4turer la soir\u00e9e, le public a eu droit \u00e0 un moment&hellip;\n","protected":false},"author":2,"featured_media":310972,"comment_status":"","ping_status":"","sticky":false,"template":"","format":"standard","meta":{"footnotes":""},"categories":[1412],"tags":[1451,1452,1453,1454,1455,1011,27,60],"class_list":{"0":"post-310971","1":"post","2":"type-post","3":"status-publish","4":"format-standard","5":"has-post-thumbnail","7":"category-f1","8":"tag-f1","9":"tag-formula-1","10":"tag-formula1","11":"tag-formule-1","12":"tag-formule1","13":"tag-fr","14":"tag-france","15":"tag-sports"},"share_on_mastodon":{"url":"https:\/\/pubeurope.com\/@fr\/115008684939341864","error":""},"_links":{"self":[{"href":"https:\/\/www.europesays.com\/fr\/wp-json\/wp\/v2\/posts\/310971","targetHints":{"allow":["GET"]}}],"collection":[{"href":"https:\/\/www.europesays.com\/fr\/wp-json\/wp\/v2\/posts"}],"about":[{"href":"https:\/\/www.europesays.com\/fr\/wp-json\/wp\/v2\/types\/post"}],"author":[{"embeddable":true,"href":"https:\/\/www.europesays.com\/fr\/wp-json\/wp\/v2\/users\/2"}],"replies":[{"embeddable":true,"href":"https:\/\/www.europesays.com\/fr\/wp-json\/wp\/v2\/comments?post=310971"}],"version-history":[{"count":0,"href":"https:\/\/www.europesays.com\/fr\/wp-json\/wp\/v2\/posts\/310971\/revisions"}],"wp:featuredmedia":[{"embeddable":true,"href":"https:\/\/www.europesays.com\/fr\/wp-json\/wp\/v2\/media\/310972"}],"wp:attachment":[{"href":"https:\/\/www.europesays.com\/fr\/wp-json\/wp\/v2\/media?parent=310971"}],"wp:term":[{"taxonomy":"category","embeddable":true,"href":"https:\/\/www.europesays.com\/fr\/wp-json\/wp\/v2\/categories?post=310971"},{"taxonomy":"post_tag","embeddable":true,"href":"https:\/\/www.europesays.com\/fr\/wp-json\/wp\/v2\/tags?post=310971"}],"curies":[{"name":"wp","href":"https:\/\/api.w.org\/{rel}","templated":true}]}}