{"id":310973,"date":"2025-08-11T06:20:18","date_gmt":"2025-08-11T06:20:18","guid":{"rendered":"https:\/\/www.europesays.com\/fr\/310973\/"},"modified":"2025-08-11T06:20:18","modified_gmt":"2025-08-11T06:20:18","slug":"attribution-des-championnats-de-france-de-lavenir-2026","status":"publish","type":"post","link":"https:\/\/www.europesays.com\/fr\/310973\/","title":{"rendered":"Attribution des Championnats de France de l\u2019Avenir 2026"},"content":{"rendered":"<p>Apr\u00e8s l\u2019immense succ\u00e8s populaire des Championnats de France de Cyclisme sur Route 2025 (26 au 29 juin 2025) sur ce territoire de v\u00e9lo qu\u2019est la Vend\u00e9e, aux Herbiers, c\u2019est d\u00e9sormais \u00e0 la Ville de Chantonnay d\u2019accueillir les Championnats de France de Cyclisme sur Route de l\u2019Avenir 2026. Chantonnay est un lieu connu et reconnu des acteurs cyclistes gr\u00e2ce notamment \u00e0 l\u2019organisation de trois Championnats de France de Cyclisme sur Route (2006, 2010 et 2015).<\/p>\n<p>En 2026, pendant 5 jours de comp\u00e9titions, la rel\u00e8ve du cyclisme fran\u00e7ais de chaque cat\u00e9gorie (U15-17 Femmes, U17 Hommes, U19 Femmes et Hommes et U23 Femmes et Hommes) se donnera rendez-vous en Vend\u00e9e \u00e0 Chantonnay, pour se disputer 13 titres nationaux particuli\u00e8rement convoit\u00e9s.<\/p>\n<p>Les Championnats de France de l\u2019Avenir en Vend\u00e9e, ce n\u2019est pas une premi\u00e8re. Le d\u00e9partement de la Vend\u00e9e a d\u00e9j\u00e0 accueilli \u00e0 deux reprises cette comp\u00e9tition en 1995 et 1996 \u00e0 Apremont. V\u00e9ritable tremplin pour les futurs champions, les Championnats de France de l\u2019Avenir ont d\u00e9j\u00e0 sacr\u00e9 des coureurs de renom comme Pauline Ferrand-Pr\u00e9vot, Juliette Labous, K\u00e9vin Vauquelin, Anthony Turgis, Paul Seixas et plusieurs coureurs vend\u00e9ens dont Johan Chardon en 2022, Maxime Piveteau (contre-la-montre) en 2012 et Thierry Herbreteau en 1995. Ce dernier \u00e9tait d\u2019ailleurs licenci\u00e9 au club de Chantonnay.<\/p>\n<p>Du 15 au 19 juillet 2026 \u2013 Une date inhabituelle, puisqu\u2019elle co\u00efncidera avec la deuxi\u00e8me semaine du Tour de France masculin et interviendra trois semaines apr\u00e8s les Championnats de France de cyclisme sur Route 2026.<\/p>\n<p>Ce choix calendaire r\u00e9sulte d\u2019une concertation \u00e9troite avec les collectivit\u00e9s h\u00f4tes. Il est apparu naturel de positionner l\u2019\u00e9v\u00e9nement juste apr\u00e8s la F\u00eate nationale, une p\u00e9riode propice \u00e0 la mobilisation du public local et au rayonnement de la comp\u00e9tition.<\/p>\n<p>Dans un \u00e9t\u00e9 particuli\u00e8rement dense en comp\u00e9titions, cette date a \u00e9galement \u00e9t\u00e9 retenue pour r\u00e9pondre aux contraintes logistiques des \u00e9quipes et des coureurs. Elle permet d\u2019\u00e9viter les chevauchements d\u2019\u00e9preuves majeures en ao\u00fbt et garantit des conditions optimales d\u2019organisation, un atout suppl\u00e9mentaire pour favoriser la venue du public et mettre en lumi\u00e8re les jeunes talents du cyclisme fran\u00e7ais.<\/p>\n<p>Les diff\u00e9rents trac\u00e9s et le programme sportif d\u00e9taill\u00e9 de ces 5 jours de comp\u00e9titions des Championnats de France de l\u2019Avenir 2026 seront travaill\u00e9s et \u00e9tudi\u00e9s d\u2019ici l\u2019automne 2025 puis diffus\u00e9s au d\u00e9but de l\u2019ann\u00e9e 2026.<\/p>\n<p><strong>Le Pr\u00e9sident du D\u00e9partement de la Vend\u00e9e, Monsieur Alain LEBOEUF<\/strong> : Apr\u00e8s avoir accueilli les Championnats de France de cyclisme sur route en 2025, c&rsquo;est tout naturellement que le D\u00e9partement de la Vend\u00e9e et la Ville de Chantonnay ont choisi de candidater pour accueillir les championnats de France de l&rsquo;Avenir en 2026.<\/p>\n<p>V\u00e9ritable terre de v\u00e9lo, la Vend\u00e9e s&rsquo;attache depuis de nombreuses ann\u00e9es \u00e0 en faire d\u00e9couvrir la pratique aupr\u00e8s du plus grand nombre. Elle fait aussi de la transmission aupr\u00e8s des plus jeunes une de ses priorit\u00e9s. C&rsquo;est d&rsquo;ailleurs pour cela qu&rsquo;elle dispose d&rsquo;une fili\u00e8re active avec de nombreux clubs sur tout le territoire \u00e0 l\u2019image de celui de Chantonnay, le CREF des Pays de la Loire, Vend\u00e9e U, et l&rsquo;\u00e9quipe professionnelle TotalEnergies, qui forment \u00e0 eux tous une v\u00e9ritable pyramide du v\u00e9lo, mod\u00e8le unique en France.<\/p>\n<p>Accueillir les Championnats de France de l&rsquo;Avenir a donc tout son sens pour la Vend\u00e9e car cela signifie pouvoir encourager les champions de demain.<\/p>\n<p>Je remercie une nouvelle fois Michel CALLOT, Pr\u00e9sident de la FFC, pour sa confiance renouvel\u00e9e en la Vend\u00e9e et en Chantonnay pour organiser cette comp\u00e9tition qui mettra \u00e0 l\u2019honneur les meilleurs jeunes cyclistes fran\u00e7ais.<\/p>\n<p><strong>Le Maire de Chantonnay, Madame Isabelle MOINET<\/strong> : C\u2019est avec une grande fiert\u00e9 et une immense joie que Chantonnay accueillera en 2026 les Championnats de France de Cyclisme sur Route de l\u2019Avenir. Cet \u00e9v\u00e9nement national majeur, qui rassemble les meilleurs espoirs du cyclisme fran\u00e7ais, se d\u00e9roulera au coeur de notre belle Vend\u00e9e, et mettra une fois de plus notre commune \u00e0 l\u2019honneur sur la carte du sport fran\u00e7ais. C\u2019est une belle reconnaissance pour notre territoire, notre engagement en faveur du sport et notre capacit\u00e9 \u00e0 organiser des \u00e9v\u00e9nements de grande ampleur. Chantonnay, d\u00e9j\u00e0 riche d\u2019une longue tradition cycliste, va se tourner vers la jeunesse, l\u2019excellence et le d\u00e9passement de soi.<\/p>\n<p>Nous remercions la F\u00e9d\u00e9ration Fran\u00e7aise de Cyclisme pour sa confiance, ainsi que le Conseil D\u00e9partemental et le monde associatif mobilis\u00e9s pour faire de ce championnat une grande f\u00eate populaire et sportive.<\/p>\n<p>Nous mettrons tout en oeuvre pour accueillir les coureurs, les \u00e9quipes, les spectateurs et les b\u00e9n\u00e9voles dans les meilleures conditions, avec la chaleur et l\u2019enthousiasme qui font la r\u00e9putation de notre ville.<\/p>\n<p>Chantonnay est pr\u00eate \u00e0 vibrer au rythme du cyclisme de demain !<\/p>\n<p>Vive le sport, vive le cyclisme, vive Chantonnay !<\/p>\n<p><strong>Michel CALLOT, Pr\u00e9sident de la FFC<\/strong> : La FFC se r\u00e9jouit de revenir en Vend\u00e9e, \u00e0 Chantonnay sur ce territoire inscrit au patrimoine et au palmar\u00e8s des organisations des Championnats de France de Cyclisme.<\/p>\n<p>La Vend\u00e9e et Chantonnay, c\u2019est \u00e0 la fois la victoire de Thomas VOECKLER en 2010 ou le sacre de Pauline FERRAND PREVOT en 2015 et les parcours propos\u00e9s offrent tr\u00e8s souvent des courses d\u00e9brid\u00e9es et haletantes et sans nul doute qu\u2019en 2026, les jeunes coureurs pourront imiter leurs illustres pr\u00e9d\u00e9cesseurs\u2026<\/p>\n<p>Je remercie tr\u00e8s sinc\u00e8rement les collectivit\u00e9s d\u2019accueil et l\u2019ensemble du tissu associatif et cycliste local pour la mise en \u0153uvre de cet \u00e9v\u00e8nement national et les jeunes coureurs (900 coureurs engag\u00e9s en moyenne) seront tr\u00e8s fiers et enthousiastes d\u2019aller conqu\u00e9rir les 13 titres nationaux disput\u00e9s.<\/p>\n<p><a class=\"btn full fleche\" href=\"https:\/\/velopressecollection.ouest-france.fr\/route\/classements\/32934-la-tour-du-pin-championnats-de-france-de-lavenir-6-10-aout-2025-classement.html\" target=\"_blank\" rel=\"nofollow noopener\">CLASSEMENT COMPLET DES CHAMPIONNATS DE FRANCE DE L\u2019AVENIR 2025<\/a><\/p>\n","protected":false},"excerpt":{"rendered":"Apr\u00e8s l\u2019immense succ\u00e8s populaire des Championnats de France de Cyclisme sur Route 2025 (26 au 29 juin 2025)&hellip;\n","protected":false},"author":2,"featured_media":310974,"comment_status":"","ping_status":"","sticky":false,"template":"","format":"standard","meta":{"footnotes":""},"categories":[1411],"tags":[1154,207,1011,27,60],"class_list":{"0":"post-310973","1":"post","2":"type-post","3":"status-publish","4":"format-standard","5":"has-post-thumbnail","7":"category-cyclisme","8":"tag-cycling","9":"tag-cyclisme","10":"tag-fr","11":"tag-france","12":"tag-sports"},"share_on_mastodon":{"url":"https:\/\/pubeurope.com\/@fr\/115008688938857026","error":""},"_links":{"self":[{"href":"https:\/\/www.europesays.com\/fr\/wp-json\/wp\/v2\/posts\/310973","targetHints":{"allow":["GET"]}}],"collection":[{"href":"https:\/\/www.europesays.com\/fr\/wp-json\/wp\/v2\/posts"}],"about":[{"href":"https:\/\/www.europesays.com\/fr\/wp-json\/wp\/v2\/types\/post"}],"author":[{"embeddable":true,"href":"https:\/\/www.europesays.com\/fr\/wp-json\/wp\/v2\/users\/2"}],"replies":[{"embeddable":true,"href":"https:\/\/www.europesays.com\/fr\/wp-json\/wp\/v2\/comments?post=310973"}],"version-history":[{"count":0,"href":"https:\/\/www.europesays.com\/fr\/wp-json\/wp\/v2\/posts\/310973\/revisions"}],"wp:featuredmedia":[{"embeddable":true,"href":"https:\/\/www.europesays.com\/fr\/wp-json\/wp\/v2\/media\/310974"}],"wp:attachment":[{"href":"https:\/\/www.europesays.com\/fr\/wp-json\/wp\/v2\/media?parent=310973"}],"wp:term":[{"taxonomy":"category","embeddable":true,"href":"https:\/\/www.europesays.com\/fr\/wp-json\/wp\/v2\/categories?post=310973"},{"taxonomy":"post_tag","embeddable":true,"href":"https:\/\/www.europesays.com\/fr\/wp-json\/wp\/v2\/tags?post=310973"}],"curies":[{"name":"wp","href":"https:\/\/api.w.org\/{rel}","templated":true}]}}