{"id":310979,"date":"2025-08-11T06:24:11","date_gmt":"2025-08-11T06:24:11","guid":{"rendered":"https:\/\/www.europesays.com\/fr\/310979\/"},"modified":"2025-08-11T06:24:11","modified_gmt":"2025-08-11T06:24:11","slug":"le-livre-de-kells-sorj-avant-chalandon","status":"publish","type":"post","link":"https:\/\/www.europesays.com\/fr\/310979\/","title":{"rendered":"Le livre de Kells : Sorj, avant Chalandon"},"content":{"rendered":"<p>La rue, le militantisme, Lib\u00e9\u2026 Deux ans apr\u00e8s L\u2019enrag\u00e9, Sorj Chalandon revient avec un roman dense et intime sur son adolescence \u00e0 Paris. Critique.<\/p>\n<p>De\u00a0<a href=\"https:\/\/www.fnac.com\/Sorj-Chalandon\/ia85308?Origin=leclaireur\" target=\"_blank\" rel=\"noopener\">Sorj Chalandon<\/a>, on connaissait le journaliste, grand reporter pendant 34 ans au quotidien\u00a0Lib\u00e9ration, qui a couvert la guerre d\u2019Irlande, du Liban ou le proc\u00e8s Klaus Barbie. On connaissait aussi la relation au p\u00e8re. Cet homme, mythomane et violent, qui traverse son \u0153uvre et \u00e0 qui il a consacr\u00e9 plusieurs livres (<a href=\"https:\/\/www.fnac.com\/o9471602\/Profession-du-pere\/w-4?Origin=leclaireur\" target=\"_blank\" rel=\"noopener\">Profession du p\u00e8re<\/a>, 2015 et\u00a0<a href=\"https:\/\/www.fnac.com\/o11408833\/Enfant-de-salaud\/w-4?Origin=leclaireur\" target=\"_blank\" rel=\"noopener\">Enfant de salaud<\/a>, 2021). Mais on connaissait moins bien le gamin des rues, \u00e9mancip\u00e9 \u00e0 17 ans, quittant Lyon pour Paris o\u00f9 il vagabonde un temps avant de rejoindre les rangs de l\u2019extr\u00eame gauche.\u00a0<\/p>\n<p>C\u2019est chose faite cette ann\u00e9e, avec\u00a0<a href=\"https:\/\/www.fnac.com\/o11484698\/Le-Livre-de-Kells\/w-4?Origin=leclaireur\" target=\"_blank\" rel=\"noopener\">Le livre de Kells<\/a>. \u00c0 travers ce personnage, Kells, nom \u00e9nigmatique tir\u00e9 d\u2019un manuscrit celtique du IXe\u00a0si\u00e8cle, l\u2019auteur raconte, par le truchement de la fiction, sa propre histoire. Il admet toutefois y avoir\u00a0\u00ab\u00a0chang\u00e9 des patronymes\u00a0\u00bb\u00a0et\u00a0\u00ab\u00a0quelques faits\u00a0\u00bb.\u00a0<\/p>\n<p><strong>Gavroche des ann\u00e9es 1970<\/strong><\/p>\n<p>Le\u00a0<a href=\"https:\/\/www.fnac.com\/livre.asp?Origin=leclaireur\" target=\"_blank\" rel=\"noopener\">livre<\/a>\u00a0s\u2019ouvre sur un d\u00e9part. Kells claque la porte du domicile familial. Il cherche moins \u00e0 voyager qu\u2019\u00e0 fuir\u00a0\u00ab\u00a0l\u2019Autre\u00a0\u00bb, ce\u00a0<a href=\"https:\/\/leclaireur.fnac.com\/article\/562517-rentree-litteraire-2025-ces-auteurs-et-autrices-qui-analysent-le-role-du-pere\/\" target=\"_blank\" rel=\"noopener\">p\u00e8re<\/a>\u00a0qu\u2019il pr\u00e9f\u00e8re ne pas nommer, comme pour tenir \u00e0 distance le mauvais sort de la filiation. Lorsqu\u2019il arrive \u00e0 Paris, sans bac ni un sou en poche, c\u2019est un enfant perdu.\u00a0<\/p>\n<p>On suit ses p\u00e9r\u00e9grinations \u00e0 travers les rues de la capitale. D\u2019un groupe de jeunes us\u00e9s par la drogue \u00e0 la mis\u00e8re d\u2019une chambre d\u2019h\u00f4tel insalubre. Sans oublier les d\u00e9boires inflig\u00e9s par les patrons v\u00e9reux. Avec sa plume probe et ses mots en petit nombre, minutieusement choisis, l\u2019auteur raconte la faim, la violence et la d\u00e9tresse, dans un r\u00e9alisme qui trahit l\u2019exp\u00e9rience v\u00e9cue.\u00a0<\/p>\n<p>Les 150 premi\u00e8res pages de Sorj Chalandon sont marquantes. Elles nous embarquent dans un tunnel sombre, comme les refuges de fortune o\u00f9 le personnage passe ses nuits. Au moment o\u00f9 cette duret\u00e9 nous essouffle, le roman s\u2019illumine. Sur le parvis de Saint-Lazare, Kells croise le chemin de Marc, blouson noir, qui vend un journal interdit :\u00a0La cause du peuple. Bient\u00f4t, Marc lui pr\u00e9sente Norman, puis Daniel, Yves, Yann et les autres.\u00a0<\/p>\n<p><strong>R\u00e9cit initiatique<\/strong><\/p>\n<p>Le livre de Kells\u00a0est un roman d\u2019\u00e9mancipation. Aux c\u00f4t\u00e9s des militants de la\u00a0\u00ab\u00a0GP\u00a0\u00bb, la\u00a0\u00ab\u00a0Gauche prol\u00e9tarienne\u00a0\u00bb, qui lui tendent la main sans contrepartie, le jeune Kells doit tout r\u00e9apprendre. Cette bascule de la rue, o\u00f9 r\u00e8gne un climat de d\u00e9fiance permanente, \u00e0 un environnement fraternel, est saisissant. Elle nous donne une id\u00e9e de la pr\u00e9carit\u00e9, o\u00f9 l\u2019acte de g\u00e9n\u00e9rosit\u00e9 le plus anodin rev\u00eat une importance consid\u00e9rable.\u00a0<\/p>\n<blockquote class=\"instagram-media\" style=\"background: #FFF; border: 0; border-radius: 3px; box-shadow: 0 0 1px 0 rgba(0,0,0,0.5),0 1px 10px 0 rgba(0,0,0,0.15); margin: 1px; max-width: 540px; min-width: 326px; padding: 0; width: calc(100% - 2px);\" data-instgrm-captioned=\"\" data-instgrm-permalink=\"https:\/\/www.instagram.com\/reel\/DMH_PspMZXv\/?utm_source=ig_embed&amp;utm_campaign=loading\" data-instgrm-version=\"14\">\n<\/blockquote>\n<p>\u00c0 l\u2019image de ce passage o\u00f9 pour la premi\u00e8re fois de sa vie, Kells est convi\u00e9 \u00e0 une f\u00eate dans un appartement. Sur le chemin du retour, Daniel lui demande pourquoi il n\u2019a pas go\u00fbt\u00e9 au vin blanc, ni touch\u00e9 \u00e0 la nourriture. Kells lui r\u00e9pond qu\u2019il aurait aim\u00e9, mais qu\u2019il n\u2019avait\u00a0\u00ab\u00a0pas un centime\u00a0\u00bb.\u00a0\u00ab\u00a0Tu as pens\u00e9 que c\u2019\u00e9tait payant\u00a0?\u00a0\u00bb,\u00a0lui r\u00e9pond son ami, abasourdi.<\/p>\n<p>S\u2019ouvre \u00e0 Kells un monde aux antipodes de celui qu\u2019il fuyait. O\u00f9 le th\u00e9\u00e2tre, le cin\u00e9ma et la litt\u00e9rature remplacent\u00a0Mein Kampf\u00a0et un livre sur la Waffen-SS, les deux seuls titres qui avaient droit de cit\u00e9 dans l\u2019appartement familial.\u00a0<\/p>\n<p><strong>Une \u00e9poque violente<\/strong><\/p>\n<p>\u00c0 cette ouverture nouvelle, il faut opposer l\u2019omnipr\u00e9sence de la violence. Comme il l\u2019a d\u00e9j\u00e0 prouv\u00e9 avec\u00a0<a href=\"https:\/\/leclaireur.fnac.com\/article\/cp31471-mon-traitre-de-sorj-chalandon-au-coeur-du-conflit-irlandais\/\" target=\"_blank\" rel=\"noopener\">Mon tra\u00eetre<\/a>\u00a0(2008),\u00a0Retour \u00e0 Killybegs\u00a0(2011) ou\u00a0Le quatri\u00e8me mur\u00a0(2013), Sorj Chalandon excelle dans l\u2019art d\u2019ench\u00e2sser des destins fictifs \u00e0 la grande Histoire. \u00c0 travers les yeux de Kells, son alter ego romanesque, il nous fait traverser les ann\u00e9es 1970 \u00e0 Paris.\u00a0<\/p>\n<p>Une \u00e9poque brutale, o\u00f9 l\u2019activisme \u00e9tait rythm\u00e9 par des affrontements sanglants entre mouvements d\u2019extr\u00eame droite et d\u2019extr\u00eame gauche. \u00c0 la Gauche prol\u00e9tarienne, fond\u00e9e au lendemain de Mai 68 par des militants mao\u00efstes, la violence, \u00e0 coups de barres de fer et de bombes incendiaires, \u00e9tait un moyen de lutte l\u00e9gitime.\u00a0<\/p>\n<p>Avec\u00a0Le livre de Kells, Sorj Chalandon signe cette ann\u00e9e son roman le plus personnel. Il fait le jour sur l\u2019adolescent fragile qu\u2019il a \u00e9t\u00e9 et dont le destin n\u2019a, pendant un temps, tenu qu\u2019\u00e0 un fil.\u00a0\u00ab\u00a0N\u2019importe qui m\u2019aurait tendu les mains, \u00e7a aurait \u00e9t\u00e9 l\u2019\u00e9glise de scientologie, \u00e7a aurait \u00e9t\u00e9 la haute confr\u00e9rie des compagnons de l\u2019oignon, j\u2019y allais\u00a0\u00bb. Dense et s\u00fbrement moins accessible que ses pr\u00e9c\u00e9dents romans,\u00a0Le livre de Kells\u00a0est le t\u00e9moignage d\u2019une \u00e9poque violente, qui porte en lui les stigmates du militantisme de rue. Moins romanesque que r\u00e9aliste, ceci ne le rend que plus puissant.\u00a0<\/p>\n<p><script async src=\"\/\/www.instagram.com\/embed.js\"><\/script><\/p>\n","protected":false},"excerpt":{"rendered":"La rue, le militantisme, Lib\u00e9\u2026 Deux ans apr\u00e8s L\u2019enrag\u00e9, Sorj Chalandon revient avec un roman dense et intime&hellip;\n","protected":false},"author":2,"featured_media":310980,"comment_status":"","ping_status":"","sticky":false,"template":"","format":"standard","meta":{"footnotes":""},"categories":[1357],"tags":[1379,58,59,1011,27,2046,1380,28313,37338,45097],"class_list":{"0":"post-310979","1":"post","2":"type-post","3":"status-publish","4":"format-standard","5":"has-post-thumbnail","7":"category-livres","8":"tag-books","9":"tag-divertissement","10":"tag-entertainment","11":"tag-fr","12":"tag-france","13":"tag-lecture","14":"tag-livres","15":"tag-rentree","16":"tag-rentree-litteraire","17":"tag-sorj-chalandon"},"share_on_mastodon":{"url":"https:\/\/pubeurope.com\/@fr\/115008704641735402","error":""},"_links":{"self":[{"href":"https:\/\/www.europesays.com\/fr\/wp-json\/wp\/v2\/posts\/310979","targetHints":{"allow":["GET"]}}],"collection":[{"href":"https:\/\/www.europesays.com\/fr\/wp-json\/wp\/v2\/posts"}],"about":[{"href":"https:\/\/www.europesays.com\/fr\/wp-json\/wp\/v2\/types\/post"}],"author":[{"embeddable":true,"href":"https:\/\/www.europesays.com\/fr\/wp-json\/wp\/v2\/users\/2"}],"replies":[{"embeddable":true,"href":"https:\/\/www.europesays.com\/fr\/wp-json\/wp\/v2\/comments?post=310979"}],"version-history":[{"count":0,"href":"https:\/\/www.europesays.com\/fr\/wp-json\/wp\/v2\/posts\/310979\/revisions"}],"wp:featuredmedia":[{"embeddable":true,"href":"https:\/\/www.europesays.com\/fr\/wp-json\/wp\/v2\/media\/310980"}],"wp:attachment":[{"href":"https:\/\/www.europesays.com\/fr\/wp-json\/wp\/v2\/media?parent=310979"}],"wp:term":[{"taxonomy":"category","embeddable":true,"href":"https:\/\/www.europesays.com\/fr\/wp-json\/wp\/v2\/categories?post=310979"},{"taxonomy":"post_tag","embeddable":true,"href":"https:\/\/www.europesays.com\/fr\/wp-json\/wp\/v2\/tags?post=310979"}],"curies":[{"name":"wp","href":"https:\/\/api.w.org\/{rel}","templated":true}]}}