{"id":310981,"date":"2025-08-11T06:25:09","date_gmt":"2025-08-11T06:25:09","guid":{"rendered":"https:\/\/www.europesays.com\/fr\/310981\/"},"modified":"2025-08-11T06:25:09","modified_gmt":"2025-08-11T06:25:09","slug":"simon-est-mort-aaron-son-frere-na-pas-reussi-a-le-sauver-demain-nous-appartient-15-aout-2025-episode-2010-resume-complet-dna-nouveautes-tele-com","status":"publish","type":"post","link":"https:\/\/www.europesays.com\/fr\/310981\/","title":{"rendered":"Simon est mort : Aaron, son fr\u00e8re, n\u2019a pas r\u00e9ussi \u00e0 le sauver &#8211; Demain nous appartient 15 ao\u00fbt 2025 (\u00e9pisode 2010 &#8211; r\u00e9sum\u00e9 complet DNA) &#8211; Nouveaut\u00e9s-T\u00e9l\u00e9.com"},"content":{"rendered":"<ol>\n<li><a href=\"https:\/\/news.google.com\/rss\/articles\/CBMi_AFBVV95cUxQcTQ5NGQyZXlQMWk4LTBpTUFiSXdCSTRNRnVXdmJQdkR3MUtDQTdXbDhpMWFjalo2R2pNZFdBT3F2Rkp5dFUzMVdvRTRmQndMak5rSnJMLWo3OTJ4aHllUEpTOW8yRDY5NGJrVmhoWVVUQ3RmTnBKcW12STNfYjdreGgyancyX1loTmdEcWlPXzcycUdOREZ0Y21PX0s5aDZobTM0ejBqVHdaM25GbTdUUEpteTdlY204SERGancxbHVEWjVCOW90VUpVTmNKZ0dZRTdjTUZwTHRaTUJ3T01FNjNyU3k3by1mNEhKQ3VzSWkzZ0ZFaDh1WTZPTEo?oc=5\" target=\"_blank\" rel=\"nofollow noopener\">Simon est mort : Aaron, son fr\u00e8re, n\u2019a pas r\u00e9ussi \u00e0 le sauver &#8211; Demain nous appartient 15 ao\u00fbt 2025 (\u00e9pisode 2010 &#8211; r\u00e9sum\u00e9 complet DNA)<\/a>&nbsp;&nbsp;Nouveaut\u00e9s-T\u00e9l\u00e9.com<\/li>\n<li><a href=\"https:\/\/news.google.com\/rss\/articles\/CBMikAJBVV95cUxPd2Nya1dtTFNCbk1YZnZiak9oVkFHbGFFZUwtV21zaDBWUEFKTDl2WXNGeHpnUlpFRHRfclVUX1NUME1raTRtRy1Gd3B3cmNBYUpSZ1cyVmc1TVJWVnlOQUxOZHNKOGxJSEt2LWNyY0NCVTVkeW1oSERqdU95WVpkdUN0OHJKb1RyanBrMlBpcHg3b3dzTmhIajhyVkNMbDlQRi1TNlJ3UnprRHhKTUV5QUJoei1jR25tbFA1Y05QNFNaQ0l5bmh2dGRsam5KalRmZENsWGJ6WDZuenpiNjQ4NjZuTW5xeDgwZTBQV191UFhLQzdjdThMTlNwbnNaZFlmYWQ2NDU1UlNuWUxWdm9SXw?oc=5\" target=\"_blank\" rel=\"nofollow noopener\">Demain nous appartient en avance : Fred est sain et sauf, Ludo est le tueur en s\u00e9rie&#8230; Le r\u00e9sum\u00e9 de l&rsquo;\u00e9pisode 2006 du lundi 11 ao\u00fbt 2025<\/a>&nbsp;&nbsp;programme-tv.net<\/li>\n<li><a href=\"https:\/\/news.google.com\/rss\/articles\/CBMifkFVX3lxTE1xWDJUajFCcFVkOTdDOFV6SHBpT2pJbG52N2RGMnhWSkVQc0d1RE5nRU5FYzdwbGVrTnZKdjNEbjFBdzZzUlZPYjlFdVJlS2RGekxTUlhEUkh5QWdlNEVlNS1rdHBEQWdSMzlYdEVxUGd6UHVoc0JuRHZiZDlIZw?oc=5\" target=\"_blank\" rel=\"nofollow noopener\">Demain nous appartient : ce qui vous attend dans l&rsquo;\u00e9pisode 2006 du lundi 11 ao\u00fbt 2025 [SPOILERS]<\/a>&nbsp;&nbsp;AlloCin\u00e9<\/li>\n<li><a href=\"https:\/\/news.google.com\/rss\/articles\/CBMi6AFBVV95cUxOcGxhWmc5SngwMkdYbTRPb3Q2Y3NWZGtRRUxiamtHWVdHTC1BVl81bHVVa1B5enlzaFRSZlU4c1pJeW85cDJzV3V1eUhBeU9nN3o3Rm5sQXo2UkRza194Z2ZPTVF2RmY1V1pVOHhUTnlqZldfbm9nWlh4VkMxeVFLWnAwVVlJbDJRVTBQUkl4aGFWekR0MWdHYlN6NV9nWC1YY2hLQ3lTX0Z1dmxDVF9JUDFZVl9vZDRyWEVWUXFpd201aGtrUjVuT2FmQ2VsVlA1cE9lUzNWWlNsdzlLM1Nma3ExRVdEMElj?oc=5\" target=\"_blank\" rel=\"nofollow noopener\">Demain nous appartient : \u00ab\u00a0Ludo m\u2019est tomb\u00e9 dessus !\u00a0\u00bb Le r\u00e9sum\u00e9 du 11 ao\u00fbt (SPOILERS)<\/a>&nbsp;&nbsp;T\u00e9l\u00e9 7 Jours<\/li>\n<li><a href=\"https:\/\/news.google.com\/rss\/articles\/CBMi2wFBVV95cUxOYkJxQmdvZjg4Rk5IeUhCWVllb3gzSThYY2dmZjR3YVlaVnRUT3ZYblVwbHVodWJyUF9GRVN5SlEwNnhINlpRSlE1UGI2TXdtaWlqdERLWGgwYXE3YVhrT1p4dTk0OTVaT2pDUkRLdTM5RUJEMW9KS3RkMmRFWl9xMVBrUEZMR2JxMXQ1dkR5WVRVN2lmT3Vvakhxa3hkckd0RW5Xb2pZaHROeGxQaXpZTGRiR2tub19XamZKTW95NlRLNXF4YUdMMGMxRTJma2RFaWFqWWl5bTJmRnc?oc=5\" target=\"_blank\" rel=\"nofollow noopener\">Les r\u00e9sum\u00e9s de \u00ab\u00a0Demain nous appartient\u00a0\u00bb du 11 au 15 ao\u00fbt 2025 sur TF1<\/a>&nbsp;&nbsp;Les coulisses de la T\u00e9l\u00e9vision<\/li>\n<\/ol>\n","protected":false},"excerpt":{"rendered":"Simon est mort : Aaron, son fr\u00e8re, n\u2019a pas r\u00e9ussi \u00e0 le sauver &#8211; Demain nous appartient 15&hellip;\n","protected":false},"author":2,"featured_media":1445,"comment_status":"","ping_status":"","sticky":false,"template":"","format":"standard","meta":{"footnotes":""},"categories":[1356],"tags":[58,59,1011,27,252,1364],"class_list":{"0":"post-310981","1":"post","2":"type-post","3":"status-publish","4":"format-standard","5":"has-post-thumbnail","7":"category-television","8":"tag-divertissement","9":"tag-entertainment","10":"tag-fr","11":"tag-france","12":"tag-television","13":"tag-tv"},"share_on_mastodon":{"url":"https:\/\/pubeurope.com\/@fr\/115008708488628948","error":""},"_links":{"self":[{"href":"https:\/\/www.europesays.com\/fr\/wp-json\/wp\/v2\/posts\/310981","targetHints":{"allow":["GET"]}}],"collection":[{"href":"https:\/\/www.europesays.com\/fr\/wp-json\/wp\/v2\/posts"}],"about":[{"href":"https:\/\/www.europesays.com\/fr\/wp-json\/wp\/v2\/types\/post"}],"author":[{"embeddable":true,"href":"https:\/\/www.europesays.com\/fr\/wp-json\/wp\/v2\/users\/2"}],"replies":[{"embeddable":true,"href":"https:\/\/www.europesays.com\/fr\/wp-json\/wp\/v2\/comments?post=310981"}],"version-history":[{"count":0,"href":"https:\/\/www.europesays.com\/fr\/wp-json\/wp\/v2\/posts\/310981\/revisions"}],"wp:featuredmedia":[{"embeddable":true,"href":"https:\/\/www.europesays.com\/fr\/wp-json\/wp\/v2\/media\/1445"}],"wp:attachment":[{"href":"https:\/\/www.europesays.com\/fr\/wp-json\/wp\/v2\/media?parent=310981"}],"wp:term":[{"taxonomy":"category","embeddable":true,"href":"https:\/\/www.europesays.com\/fr\/wp-json\/wp\/v2\/categories?post=310981"},{"taxonomy":"post_tag","embeddable":true,"href":"https:\/\/www.europesays.com\/fr\/wp-json\/wp\/v2\/tags?post=310981"}],"curies":[{"name":"wp","href":"https:\/\/api.w.org\/{rel}","templated":true}]}}