{"id":310982,"date":"2025-08-11T06:26:14","date_gmt":"2025-08-11T06:26:14","guid":{"rendered":"https:\/\/www.europesays.com\/fr\/310982\/"},"modified":"2025-08-11T06:26:14","modified_gmt":"2025-08-11T06:26:14","slug":"lhymne-anti-fn-de-daniel-balavoine-sous-la-forme-dune-declaration-damour","status":"publish","type":"post","link":"https:\/\/www.europesays.com\/fr\/310982\/","title":{"rendered":"l\u2019hymne anti-FN de Daniel Balavoine sous la forme d\u2019une d\u00e9claration d\u2019amour"},"content":{"rendered":"<p data-module=\"fig-standfirst-editorial-episode\" data-context=\"@media (min-width:48em)\"><strong>LA POLITIQUE EN ST\u00c9R\u00c9O (5\/7) &#8211; <\/strong>Inquiet de la progression du parti lep\u00e9niste, l\u2019artiste engag\u00e9 sort en 1985 une ode \u00e0 la diversit\u00e9, qui sera r\u00e9compens\u00e9e par SOS\u00a0Racisme.<\/p>\n<p class=\"fig-paragraph fig-paragraph--dropped\">Il s\u2019\u00e9tait forg\u00e9 une solide r\u00e9putation. Fid\u00e8le \u00e0 son temp\u00e9rament de r\u00e9volt\u00e9, qu\u2019il n\u2019a jamais dissimul\u00e9 au fil de sa carri\u00e8re,\u00a0Daniel Balavoine\u00a0\u00e9tait devenu au mitan des ann\u00e9es 1980 l\u2019ic\u00f4ne de milliers de jeunes Fran\u00e7ais, qui se reconnaissaient dans ses prises de position contestataires, en chanson comme ailleurs. Un lien qui s\u2019\u00e9tait nou\u00e9 quelques ann\u00e9es auparavant lorsque le chanteur osa interpeller, en direct \u00e0 la t\u00e9l\u00e9vision,\u00a0<a href=\"http:\/\/www.lefigaro.fr\/politique\/du-changer-la-vie-au-tournant-de-la-rigueur-ces-jours-de-1983-ou-mitterrand-a-fait-evoluer-le-logiciel-de-la-gauche-20230927\" data-fig-type=\"Article\" data-gtm-custom-categorie=\"navigation\" data-gtm-custom-action=\"crossclick\" data-gtm-custom-label=\"Contextuel\" data-gtm-event=\"customEventSPE\" data-fig-domain=\"LEFIGARO\" target=\"_blank\" rel=\"noopener\">Fran\u00e7ois Mitterrand<\/a>\u00a0&#8211; alors futur candidat socialiste \u00e0 la pr\u00e9sidentielle de 1981 &#8211; sur le d\u00e9sespoir profond de la jeunesse \u00e0 l\u2019\u00e9gard du monde politique. La s\u00e9quence, devenue culte, contribua \u00e0 fa\u00e7onner son image\u00a0: celle d\u2019un artiste engag\u00e9, mais surtout d\u2019un porte-voix d\u2019une g\u00e9n\u00e9ration en rupture avec ses repr\u00e9sentants.<\/p>\n<p class=\"fig-paragraph fig-paragraph--dropped\">Nouvelle illustration \u00e0 l\u2019automne 1985. Trois mois avant sa disparition tragique, l\u2019artiste, connu pour ses convictions de gauche, publie Sauver l\u2019amour, son huiti\u00e8me et dernier album. Pour porter cet opus, L\u2019Aziza est retenu comme premier single<\/p>\n<p class=\"fig-premium-paywall__infos\">\n        Cet article est r\u00e9serv\u00e9 aux abonn\u00e9s.        Il vous reste 84% \u00e0 d\u00e9couvrir.\n    <\/p>\n<p>                <img  data- alt=\"Le Figaro\" class=\"fig-img--complete fig-img\"\/><\/p>\n<p class=\"fig-premium-paywall__title\">Vous avez envie de lire la suite ?<\/p>\n<p class=\"fig-premium-paywall__subtitle\">D\u00e9bloquez tous les articles imm\u00e9diatement.<\/p>\n<p class=\"fig-premium-paywall__connect\">\n                D\u00e9j\u00e0 abonn\u00e9\u00a0?                <a class=\"fig-premium-paywall__connect-link\" href=\"https:\/\/connect.lefigaro.fr\/login?client=horizon_web&amp;type=main&amp;redirect_uri=https%3A%2F%2Fwww.lefigaro.fr%2Fpolitique%2Fl-aziza-l-hymne-anti-fn-de-daniel-balavoine-sous-la-forme-d-une-declaration-d-amour-20250811\" data-js-gtm=\"{&quot;customCategorie&quot;: &quot;conversion&quot;, &quot;customAction&quot;: &quot;before_Landing_Connexion_paywall_auto&quot;, &quot;customLabel&quot;: &quot;bGVmaWdhcm8uZnJfXzFmMDY2MzQ5LTM5YjMtNjY2OC04YmNjLTZiY2M3Mjk0YzZiNF9fQXJ0aWNsZQ==_\u00ab\u00a0L\u2019Aziza\u00a0\u00bb\u00a0: l\u2019hymne anti-FN de Daniel Balavoine sous la forme d\u2019une d\u00e9claration d\u2019amour_241&quot;, &quot;customIDSPE&quot;: &quot;bGVmaWdhcm8uZnJfXzFmMDY2MzQ5LTM5YjMtNjY2OC04YmNjLTZiY2M3Mjk0YzZiNF9fQXJ0aWNsZQ==&quot;, &quot;event&quot;: &quot;customEventSPE&quot;}\" target=\"_blank\" rel=\"noopener\"><br \/>\n                    Connectez-vous<br \/>\n                <\/a>\n            <\/p>\n","protected":false},"excerpt":{"rendered":"LA POLITIQUE EN ST\u00c9R\u00c9O (5\/7) &#8211; Inquiet de la progression du parti lep\u00e9niste, l\u2019artiste engag\u00e9 sort en 1985&hellip;\n","protected":false},"author":2,"featured_media":310983,"comment_status":"","ping_status":"","sticky":false,"template":"","format":"standard","meta":{"footnotes":""},"categories":[1355],"tags":[1695,45098,58,59,1011,27,6732,1361,873,316,37827],"class_list":{"0":"post-310982","1":"post","2":"type-post","3":"status-publish","4":"format-standard","5":"has-post-thumbnail","7":"category-musique","8":"tag-chanson","9":"tag-daniel-balavoine","10":"tag-divertissement","11":"tag-entertainment","12":"tag-fr","13":"tag-france","14":"tag-jean-marie-le-pen","15":"tag-music","16":"tag-musique","17":"tag-politique","18":"tag-sos-racisme"},"share_on_mastodon":{"url":"https:\/\/pubeurope.com\/@fr\/115008712456773739","error":""},"_links":{"self":[{"href":"https:\/\/www.europesays.com\/fr\/wp-json\/wp\/v2\/posts\/310982","targetHints":{"allow":["GET"]}}],"collection":[{"href":"https:\/\/www.europesays.com\/fr\/wp-json\/wp\/v2\/posts"}],"about":[{"href":"https:\/\/www.europesays.com\/fr\/wp-json\/wp\/v2\/types\/post"}],"author":[{"embeddable":true,"href":"https:\/\/www.europesays.com\/fr\/wp-json\/wp\/v2\/users\/2"}],"replies":[{"embeddable":true,"href":"https:\/\/www.europesays.com\/fr\/wp-json\/wp\/v2\/comments?post=310982"}],"version-history":[{"count":0,"href":"https:\/\/www.europesays.com\/fr\/wp-json\/wp\/v2\/posts\/310982\/revisions"}],"wp:featuredmedia":[{"embeddable":true,"href":"https:\/\/www.europesays.com\/fr\/wp-json\/wp\/v2\/media\/310983"}],"wp:attachment":[{"href":"https:\/\/www.europesays.com\/fr\/wp-json\/wp\/v2\/media?parent=310982"}],"wp:term":[{"taxonomy":"category","embeddable":true,"href":"https:\/\/www.europesays.com\/fr\/wp-json\/wp\/v2\/categories?post=310982"},{"taxonomy":"post_tag","embeddable":true,"href":"https:\/\/www.europesays.com\/fr\/wp-json\/wp\/v2\/tags?post=310982"}],"curies":[{"name":"wp","href":"https:\/\/api.w.org\/{rel}","templated":true}]}}